{"id":60756,"date":"2015-08-07T09:31:07","date_gmt":"2015-08-07T12:31:07","guid":{"rendered":"http:\/\/www.eltrabajo.cl\/portal\/?p=60756"},"modified":"2015-08-07T09:31:07","modified_gmt":"2015-08-07T12:31:07","slug":"con-honores-despiden-a-joven-carabinero-que-murio-de-meningitis","status":"publish","type":"post","link":"https:\/\/eltrabajo.cl\/portal\/con-honores-despiden-a-joven-carabinero-que-murio-de-meningitis\/","title":{"rendered":"Con honores despiden a joven carabinero que muri\u00f3 de Meningitis"},"content":{"rendered":"<figure id=\"attachment_60757\" aria-describedby=\"caption-attachment-60757\" style=\"width: 300px\" class=\"wp-caption alignleft\"><a href=\"https:\/\/i0.wp.com\/www.eltrabajo.cl\/portal\/wp-content\/uploads\/2015\/08\/Carabinero-muerto.jpg\"><img data-recalc-dims=\"1\" loading=\"lazy\" decoding=\"async\" class=\"wp-image-60757 size-medium\" src=\"https:\/\/i0.wp.com\/www.eltrabajo.cl\/portal\/wp-content\/uploads\/2015\/08\/Carabinero-muerto-300x198.jpg?resize=300%2C198\" alt=\"El Cabo 2\u00ba de Carabineros, Leonardo Pinilla Castillo, falleci\u00f3 a consecuencia de una meningitis no tratada a tiempo en el Hospital Institucional en la Regi\u00f3n Metropolitana el pasado martes.\" width=\"300\" height=\"198\" srcset=\"https:\/\/i0.wp.com\/eltrabajo.cl\/portal\/wp-content\/uploads\/2015\/08\/Carabinero-muerto.jpg?resize=300%2C198&amp;ssl=1 300w, https:\/\/i0.wp.com\/eltrabajo.cl\/portal\/wp-content\/uploads\/2015\/08\/Carabinero-muerto.jpg?resize=200%2C132&amp;ssl=1 200w, https:\/\/i0.wp.com\/eltrabajo.cl\/portal\/wp-content\/uploads\/2015\/08\/Carabinero-muerto.jpg?resize=227%2C150&amp;ssl=1 227w, https:\/\/i0.wp.com\/eltrabajo.cl\/portal\/wp-content\/uploads\/2015\/08\/Carabinero-muerto.jpg?resize=400%2C264&amp;ssl=1 400w, https:\/\/i0.wp.com\/eltrabajo.cl\/portal\/wp-content\/uploads\/2015\/08\/Carabinero-muerto.jpg?w=530&amp;ssl=1 530w\" sizes=\"auto, (max-width: 300px) 100vw, 300px\" \/><\/a><figcaption id=\"caption-attachment-60757\" class=\"wp-caption-text\">El Cabo 2\u00ba de Carabineros, Leonardo Pinilla Castillo, falleci\u00f3 a consecuencia de una meningitis no tratada a tiempo en el Hospital Institucional en la Regi\u00f3n Metropolitana el pasado martes.<\/figcaption><\/figure>\n<p>Enorme consternaci\u00f3n caus\u00f3 la muerte del Cabo 2\u00ba de Carabineros Leonardo Avid\u00e1n Pinilla Castillo, quien a consecuencia de una meningitis dej\u00f3 de existir este martes. El oficial permaneci\u00f3 internado de gravedad en el Hospital Institucional en Santiago, dejando un gran dolor a su esposa Valeria Mu\u00f1oz y su peque\u00f1o hijo de 5 a\u00f1os.<br \/>\nEl funcionario policial de 29 a\u00f1os de edad, oriundo de San Felipe, d\u00edas atr\u00e1s estuvo aquejado por una sinusitis que fue tratada a su debido tiempo, sin embargo con el correr de los d\u00edas, Leonardo Pinilla comenz\u00f3 a sufrir fuertes dolores de cabeza, debiendo recurrir a un control m\u00e9dico donde le practicaron nuevos ex\u00e1menes luego de presentar intensos v\u00f3mitos y mareos. Los profesionales detectaron, luego de realizar una punci\u00f3n lumbar, que el paciente sufr\u00eda meningitis.<br \/>\nPese a los esfuerzos m\u00e9dicos, el pasado lunes 3 de agosto, el paciente fue diagnosticado con muerte cerebral, falleciendo al d\u00eda siguiente. Sus restos fueron trasladados hasta la comuna de San Felipe para ser velado en la Cuarta Compa\u00f1\u00eda de Bomberos ubicada en la poblaci\u00f3n Pedro Aguirre Cerda, instituci\u00f3n a la cual perteneci\u00f3 como voluntario.<br \/>\nSus funerales se realizaron el d\u00eda de ayer jueves con una emotiva misa y un gran n\u00famero de asistentes que lo despidieron en el Cementerio Parque Almendral en La Troya, donde descansar\u00e1 en paz.<br \/>\n<strong>Pablo Salinas Sald\u00edas <\/strong><\/p>\n","protected":false},"excerpt":{"rendered":"<p>Enorme consternaci\u00f3n caus\u00f3 la muerte del Cabo 2\u00ba de Carabineros Leonardo Avid\u00e1n Pinilla Castillo, quien a consecuencia de una meningitis dej\u00f3 de existir este martes. El oficial permaneci\u00f3 internado de gravedad en&#8230;<\/p>\n","protected":false},"author":482,"featured_media":60757,"comment_status":"open","ping_status":"open","sticky":false,"template":"","format":"standard","meta":{"advanced_seo_description":"","jetpack_seo_html_title":"","jetpack_seo_noindex":false,"_jetpack_memberships_contains_paid_content":false,"footnotes":""},"categories":[21],"tags":[],"class_list":["post-60756","post","type-post","status-publish","format-standard","has-post-thumbnail","hentry","category-policial"],"jetpack_featured_media_url":"https:\/\/i0.wp.com\/eltrabajo.cl\/portal\/wp-content\/uploads\/2015\/08\/Carabinero-muerto.jpg?fit=530%2C350&ssl=1","jetpack_sharing_enabled":true,"jetpack_likes_enabled":true,"jetpack-related-posts":[],"_links":{"self":[{"href":"https:\/\/eltrabajo.cl\/portal\/wp-json\/wp\/v2\/posts\/60756","targetHints":{"allow":["GET"]}}],"collection":[{"href":"https:\/\/eltrabajo.cl\/portal\/wp-json\/wp\/v2\/posts"}],"about":[{"href":"https:\/\/eltrabajo.cl\/portal\/wp-json\/wp\/v2\/types\/post"}],"author":[{"embeddable":true,"href":"https:\/\/eltrabajo.cl\/portal\/wp-json\/wp\/v2\/users\/482"}],"replies":[{"embeddable":true,"href":"https:\/\/eltrabajo.cl\/portal\/wp-json\/wp\/v2\/comments?post=60756"}],"version-history":[{"count":0,"href":"https:\/\/eltrabajo.cl\/portal\/wp-json\/wp\/v2\/posts\/60756\/revisions"}],"wp:featuredmedia":[{"embeddable":true,"href":"https:\/\/eltrabajo.cl\/portal\/wp-json\/wp\/v2\/media\/60757"}],"wp:attachment":[{"href":"https:\/\/eltrabajo.cl\/portal\/wp-json\/wp\/v2\/media?parent=60756"}],"wp:term":[{"taxonomy":"category","embeddable":true,"href":"https:\/\/eltrabajo.cl\/portal\/wp-json\/wp\/v2\/categories?post=60756"},{"taxonomy":"post_tag","embeddable":true,"href":"https:\/\/eltrabajo.cl\/portal\/wp-json\/wp\/v2\/tags?post=60756"}],"curies":[{"name":"wp","href":"https:\/\/api.w.org\/{rel}","templated":true}]}}