{"id":60787,"date":"2015-08-10T09:10:20","date_gmt":"2015-08-10T12:10:20","guid":{"rendered":"http:\/\/www.eltrabajo.cl\/portal\/?p=60787"},"modified":"2015-08-10T09:10:20","modified_gmt":"2015-08-10T12:10:20","slug":"celebran-dia-del-nino-en-hospital-de-los-andes","status":"publish","type":"post","link":"https:\/\/eltrabajo.cl\/portal\/celebran-dia-del-nino-en-hospital-de-los-andes\/","title":{"rendered":"Celebran D\u00eda del Ni\u00f1o en Hospital de Los Andes"},"content":{"rendered":"<figure id=\"attachment_60788\" aria-describedby=\"caption-attachment-60788\" style=\"width: 300px\" class=\"wp-caption alignleft\"><a href=\"https:\/\/i0.wp.com\/www.eltrabajo.cl\/portal\/wp-content\/uploads\/2015\/08\/Celebran-dia-del-nino.jpg\"><img data-recalc-dims=\"1\" loading=\"lazy\" decoding=\"async\" class=\"wp-image-60788 size-medium\" src=\"https:\/\/i0.wp.com\/www.eltrabajo.cl\/portal\/wp-content\/uploads\/2015\/08\/Celebran-dia-del-nino-300x198.jpg?resize=300%2C198\" alt=\"Los ni\u00f1os recibieron un diploma que los certific\u00f3 como peque\u00f1os expertos en preparaci\u00f3n de pizza.\" width=\"300\" height=\"198\" srcset=\"https:\/\/i0.wp.com\/eltrabajo.cl\/portal\/wp-content\/uploads\/2015\/08\/Celebran-dia-del-nino.jpg?resize=300%2C198&amp;ssl=1 300w, https:\/\/i0.wp.com\/eltrabajo.cl\/portal\/wp-content\/uploads\/2015\/08\/Celebran-dia-del-nino.jpg?resize=200%2C132&amp;ssl=1 200w, https:\/\/i0.wp.com\/eltrabajo.cl\/portal\/wp-content\/uploads\/2015\/08\/Celebran-dia-del-nino.jpg?resize=227%2C150&amp;ssl=1 227w, https:\/\/i0.wp.com\/eltrabajo.cl\/portal\/wp-content\/uploads\/2015\/08\/Celebran-dia-del-nino.jpg?resize=400%2C264&amp;ssl=1 400w, https:\/\/i0.wp.com\/eltrabajo.cl\/portal\/wp-content\/uploads\/2015\/08\/Celebran-dia-del-nino.jpg?w=530&amp;ssl=1 530w\" sizes=\"auto, (max-width: 300px) 100vw, 300px\" \/><\/a><figcaption id=\"caption-attachment-60788\" class=\"wp-caption-text\">Los ni\u00f1os recibieron un diploma que los certific\u00f3 como peque\u00f1os expertos en preparaci\u00f3n de pizza.<\/figcaption><\/figure>\n<p><strong>LOS ANDES<\/strong>.- Una entretenida actividad para celebrar el D\u00eda del Ni\u00f1o, realizaron los hijos de funcionarios del Hospital San Juan de Dios de Los Andes que son atendidos en el establecimiento de educaci\u00f3n preb\u00e1sica. Los peque\u00f1os hicieron el rol de chef para preparar pizzas que posteriormente disfrutaron en su horario de almuerzo.<br \/>\nAcompa\u00f1ados de din\u00e1micas y degustaci\u00f3n de frutas cubiertas en chocolate, los peque\u00f1os demostraron toda su capacidad creativa para trabajar la masa de sus pizzas y posteriormente a\u00f1adirles diversos ingredientes, de acuerdo al gusto personal de cada uno.<br \/>\nAl finalizar la actividad, los ni\u00f1os recibieron un diploma que los certific\u00f3 como peque\u00f1os expertos en preparaci\u00f3n de pizza.<br \/>\nAprovechando esta ocasi\u00f3n, el Director del Hospital San Juan de Dios de Los Andes, Jimmy Walker, record\u00f3 que hace 25 a\u00f1os Chile ratific\u00f3 la Convenci\u00f3n de los Derechos del Ni\u00f1o (CDN), motivo por el cual invit\u00f3 a la comunidad a recordarlos y promoverlos en la familia y el entorno social. Esta declaraci\u00f3n dice: 1.-Tengo derecho a que me respeten, no importa cu\u00e1l sea mi religi\u00f3n, color de piel, condici\u00f3n f\u00edsica o el lugar donde vivo. 2.-Tengo derecho a recibir un nombre y apellidos que me distingan de los dem\u00e1s ni\u00f1os y ni\u00f1as. 3.-Tengo derecho a vivir con mi familia, a que \u00e9sta me cuide, me alimente, pero por sobre todo que me quiera. 4.- Tengo derecho a recibir educaci\u00f3n y tener las cosas que requiero para estudiar. 5.-Tengo derecho a descansar, jugar y divertirme en un ambiente sano y feliz. 6.-Tengo derecho a recibir atenci\u00f3n m\u00e9dica y que me cuiden cuando estoy enfermo. 7.-Tengo derecho a decir lo que pienso y lo que siento. 8.-Tengo derecho a reunirme o formar grupos con otros ni\u00f1os y ni\u00f1as, para conversar, expresarnos o simplemente pasarlo bien. 9.-Tengo derecho a ser protegido. Nadie debe maltratarme, herir mis sentimientos, tocar mis partes \u00edntimas o pedir que yo se las toque a otras personas. 10.-Tengo derecho a no ser explotado en trabajos que me da\u00f1en o impidan que crezca como los dem\u00e1s ni\u00f1os o ni\u00f1as. Tampoco se me debe utilizar para cometer delitos.<\/p>\n","protected":false},"excerpt":{"rendered":"<p>LOS ANDES.- Una entretenida actividad para celebrar el D\u00eda del Ni\u00f1o, realizaron los hijos de funcionarios del Hospital San Juan de Dios de Los Andes que son atendidos en el establecimiento de&#8230;<\/p>\n","protected":false},"author":482,"featured_media":60788,"comment_status":"open","ping_status":"open","sticky":false,"template":"","format":"standard","meta":{"advanced_seo_description":"","jetpack_seo_html_title":"","jetpack_seo_noindex":false,"_jetpack_memberships_contains_paid_content":false,"footnotes":""},"categories":[15],"tags":[],"class_list":["post-60787","post","type-post","status-publish","format-standard","has-post-thumbnail","hentry","category-comunidad"],"jetpack_featured_media_url":"https:\/\/i0.wp.com\/eltrabajo.cl\/portal\/wp-content\/uploads\/2015\/08\/Celebran-dia-del-nino.jpg?fit=530%2C350&ssl=1","jetpack_sharing_enabled":true,"jetpack_likes_enabled":true,"jetpack-related-posts":[],"_links":{"self":[{"href":"https:\/\/eltrabajo.cl\/portal\/wp-json\/wp\/v2\/posts\/60787","targetHints":{"allow":["GET"]}}],"collection":[{"href":"https:\/\/eltrabajo.cl\/portal\/wp-json\/wp\/v2\/posts"}],"about":[{"href":"https:\/\/eltrabajo.cl\/portal\/wp-json\/wp\/v2\/types\/post"}],"author":[{"embeddable":true,"href":"https:\/\/eltrabajo.cl\/portal\/wp-json\/wp\/v2\/users\/482"}],"replies":[{"embeddable":true,"href":"https:\/\/eltrabajo.cl\/portal\/wp-json\/wp\/v2\/comments?post=60787"}],"version-history":[{"count":0,"href":"https:\/\/eltrabajo.cl\/portal\/wp-json\/wp\/v2\/posts\/60787\/revisions"}],"wp:featuredmedia":[{"embeddable":true,"href":"https:\/\/eltrabajo.cl\/portal\/wp-json\/wp\/v2\/media\/60788"}],"wp:attachment":[{"href":"https:\/\/eltrabajo.cl\/portal\/wp-json\/wp\/v2\/media?parent=60787"}],"wp:term":[{"taxonomy":"category","embeddable":true,"href":"https:\/\/eltrabajo.cl\/portal\/wp-json\/wp\/v2\/categories?post=60787"},{"taxonomy":"post_tag","embeddable":true,"href":"https:\/\/eltrabajo.cl\/portal\/wp-json\/wp\/v2\/tags?post=60787"}],"curies":[{"name":"wp","href":"https:\/\/api.w.org\/{rel}","templated":true}]}}