{"id":60790,"date":"2015-08-10T09:11:47","date_gmt":"2015-08-10T12:11:47","guid":{"rendered":"http:\/\/www.eltrabajo.cl\/portal\/?p=60790"},"modified":"2015-08-10T09:11:47","modified_gmt":"2015-08-10T12:11:47","slug":"inauguran-obras-de-mejoramiento-en-villa-las-flores-en-rinconada","status":"publish","type":"post","link":"https:\/\/eltrabajo.cl\/portal\/inauguran-obras-de-mejoramiento-en-villa-las-flores-en-rinconada\/","title":{"rendered":"Inauguran obras de mejoramiento en villa Las Flores en Rinconada"},"content":{"rendered":"<figure id=\"attachment_60791\" aria-describedby=\"caption-attachment-60791\" style=\"width: 300px\" class=\"wp-caption alignleft\"><a href=\"https:\/\/i0.wp.com\/www.eltrabajo.cl\/portal\/wp-content\/uploads\/2015\/08\/VILLA-LAS-FLORES-4.jpg\"><img data-recalc-dims=\"1\" loading=\"lazy\" decoding=\"async\" class=\"wp-image-60791 size-medium\" src=\"https:\/\/i0.wp.com\/www.eltrabajo.cl\/portal\/wp-content\/uploads\/2015\/08\/VILLA-LAS-FLORES-4-300x198.jpg?resize=300%2C198\" alt=\"Con la presencia de la gobernadora de Los Andes, Mar\u00eda Victoria Rodr\u00edguez, el alcalde Pedro Caballer\u00eda y vecinos, inauguraron trabajos en villa Las Flores de Rinconada.\" width=\"300\" height=\"198\" srcset=\"https:\/\/i0.wp.com\/eltrabajo.cl\/portal\/wp-content\/uploads\/2015\/08\/VILLA-LAS-FLORES-4.jpg?resize=300%2C198&amp;ssl=1 300w, https:\/\/i0.wp.com\/eltrabajo.cl\/portal\/wp-content\/uploads\/2015\/08\/VILLA-LAS-FLORES-4.jpg?resize=200%2C132&amp;ssl=1 200w, https:\/\/i0.wp.com\/eltrabajo.cl\/portal\/wp-content\/uploads\/2015\/08\/VILLA-LAS-FLORES-4.jpg?resize=228%2C150&amp;ssl=1 228w, https:\/\/i0.wp.com\/eltrabajo.cl\/portal\/wp-content\/uploads\/2015\/08\/VILLA-LAS-FLORES-4.jpg?resize=400%2C263&amp;ssl=1 400w, https:\/\/i0.wp.com\/eltrabajo.cl\/portal\/wp-content\/uploads\/2015\/08\/VILLA-LAS-FLORES-4.jpg?w=530&amp;ssl=1 530w\" sizes=\"auto, (max-width: 300px) 100vw, 300px\" \/><\/a><figcaption id=\"caption-attachment-60791\" class=\"wp-caption-text\">Con la presencia de la gobernadora de Los Andes, Mar\u00eda Victoria Rodr\u00edguez, el alcalde Pedro Caballer\u00eda y vecinos, inauguraron trabajos en villa Las Flores de Rinconada.<\/figcaption><\/figure>\n<ul>\n<li><strong>Trabajos que consisten en pavimentaci\u00f3n, bandej\u00f3n peatonal, \u00e1reas verdes y m\u00e1quinas de ejercicios fueron entregadas oficialmente en esta jornada.<\/strong><\/li>\n<\/ul>\n<p><strong>RINCONADA.<\/strong>&#8211; La inauguraci\u00f3n estaba estipulada para realizarse al aire libre, pero la lluvia s\u00f3lo logr\u00f3 cambiarla hasta la sede del sector, no que se postergara. Y es que tanto los vecinos como el alcalde Pedro Caballer\u00eda ya quer\u00edan entregar de forma oficial los trabajos que se hab\u00edan estado realizando all\u00ed.<br \/>\nA las 11 de la ma\u00f1ana comenz\u00f3 la actividad que se inici\u00f3 con el discurso del edil, en presencia de los vecinos del sector, parte del equipo municipal, representantes de bomberos, carabineros y la visita especial de la Gobernadora de Los Andes.<br \/>\n\u201cUna bendici\u00f3n que llegue la lluvia y una prueba para los vecinos que esperaron por casi 50 a\u00f1os esto, hoy d\u00eda es una realidad, una pavimentaci\u00f3n de buena calidad y veredas nuevas. Fue una inversi\u00f3n de alrededor de 190 millones de pesos y no solamente est\u00e1bamos inaugurando esto, sino tambi\u00e9n lo que es el bandej\u00f3n central y la plazoleta a la entrada del sector de villa Las Acacias, as\u00ed que estamos inaugurando estas tres actividades el d\u00eda de hoy, largamente esperada por los vecinos\u201d.<br \/>\nOtro punto destacable durante el discurso es que Rinconada es la segunda comuna mejor posicionada en cuanto los pavimentos participativos, esto despu\u00e9s de San Felipe, teniendo en consideraci\u00f3n que dicha comuna es m\u00e1s grande territorialmente y con mayor cantidad de habitantes. Rinconada anteriormente hab\u00eda logrado incluso adjudicarse 13 proyectos de pavimentaci\u00f3n y este a\u00f1o son tres sectores que prontamente podr\u00e1n ver cambios, lo que trae tambi\u00e9n consigo que sus habitantes tengan una mejor calidad de vida.<br \/>\nJeannette Honores, dirigente de la junta de vecinos y tambi\u00e9n del comit\u00e9 de pavimentaci\u00f3n, explic\u00f3 c\u00f3mo fue todo el proceso: \u201charto sacrificio, trabajo en comuni\u00f3n y que finalmente dio frutos. Como comit\u00e9 de pavimentaci\u00f3n hicimos diversas actividades; platos \u00fanicos, venta de pescado frito, empanadas, para poder lograr reunir los fondos de este proyecto\u201d.<br \/>\nAhora se espera en los pr\u00f3ximos meses avanzar en los otros sectores que est\u00e1n pendientes desde hace varios a\u00f1os y que le han tra\u00eddo problemas de polvo en el verano y barro en el invierno a los vecinos, quienes declaran que con estas obras les cambia no s\u00f3lo cara al barrio, sino les mejora la calidad de vida a toda la familia.<\/p>\n","protected":false},"excerpt":{"rendered":"<p>Trabajos que consisten en pavimentaci\u00f3n, bandej\u00f3n peatonal, \u00e1reas verdes y m\u00e1quinas de ejercicios fueron entregadas oficialmente en esta jornada. RINCONADA.&#8211; La inauguraci\u00f3n estaba estipulada para realizarse al aire libre, pero la lluvia&#8230;<\/p>\n","protected":false},"author":482,"featured_media":60791,"comment_status":"open","ping_status":"open","sticky":false,"template":"","format":"standard","meta":{"advanced_seo_description":"","jetpack_seo_html_title":"","jetpack_seo_noindex":false,"_jetpack_memberships_contains_paid_content":false,"footnotes":""},"categories":[15],"tags":[],"class_list":["post-60790","post","type-post","status-publish","format-standard","has-post-thumbnail","hentry","category-comunidad"],"jetpack_featured_media_url":"https:\/\/i0.wp.com\/eltrabajo.cl\/portal\/wp-content\/uploads\/2015\/08\/VILLA-LAS-FLORES-4.jpg?fit=530%2C349&ssl=1","jetpack_sharing_enabled":true,"jetpack_likes_enabled":true,"jetpack-related-posts":[],"_links":{"self":[{"href":"https:\/\/eltrabajo.cl\/portal\/wp-json\/wp\/v2\/posts\/60790","targetHints":{"allow":["GET"]}}],"collection":[{"href":"https:\/\/eltrabajo.cl\/portal\/wp-json\/wp\/v2\/posts"}],"about":[{"href":"https:\/\/eltrabajo.cl\/portal\/wp-json\/wp\/v2\/types\/post"}],"author":[{"embeddable":true,"href":"https:\/\/eltrabajo.cl\/portal\/wp-json\/wp\/v2\/users\/482"}],"replies":[{"embeddable":true,"href":"https:\/\/eltrabajo.cl\/portal\/wp-json\/wp\/v2\/comments?post=60790"}],"version-history":[{"count":0,"href":"https:\/\/eltrabajo.cl\/portal\/wp-json\/wp\/v2\/posts\/60790\/revisions"}],"wp:featuredmedia":[{"embeddable":true,"href":"https:\/\/eltrabajo.cl\/portal\/wp-json\/wp\/v2\/media\/60791"}],"wp:attachment":[{"href":"https:\/\/eltrabajo.cl\/portal\/wp-json\/wp\/v2\/media?parent=60790"}],"wp:term":[{"taxonomy":"category","embeddable":true,"href":"https:\/\/eltrabajo.cl\/portal\/wp-json\/wp\/v2\/categories?post=60790"},{"taxonomy":"post_tag","embeddable":true,"href":"https:\/\/eltrabajo.cl\/portal\/wp-json\/wp\/v2\/tags?post=60790"}],"curies":[{"name":"wp","href":"https:\/\/api.w.org\/{rel}","templated":true}]}}