{"id":60801,"date":"2015-08-10T09:16:49","date_gmt":"2015-08-10T12:16:49","guid":{"rendered":"http:\/\/www.eltrabajo.cl\/portal\/?p=60801"},"modified":"2015-08-10T09:16:49","modified_gmt":"2015-08-10T12:16:49","slug":"trabajadores-contratistas-no-llegan-a-acuerdo-y-se-mantiene-la-movilizacion","status":"publish","type":"post","link":"https:\/\/eltrabajo.cl\/portal\/trabajadores-contratistas-no-llegan-a-acuerdo-y-se-mantiene-la-movilizacion\/","title":{"rendered":"Trabajadores contratistas no llegan a acuerdo y se mantiene la movilizaci\u00f3n"},"content":{"rendered":"<figure id=\"attachment_60802\" aria-describedby=\"caption-attachment-60802\" style=\"width: 300px\" class=\"wp-caption alignleft\"><a href=\"https:\/\/i0.wp.com\/www.eltrabajo.cl\/portal\/wp-content\/uploads\/2015\/08\/reunion_segunda.jpg\"><img data-recalc-dims=\"1\" loading=\"lazy\" decoding=\"async\" class=\"wp-image-60802 size-medium\" src=\"https:\/\/i0.wp.com\/www.eltrabajo.cl\/portal\/wp-content\/uploads\/2015\/08\/reunion_segunda-300x198.jpg?resize=300%2C198\" alt=\"Tras la segunda reuni\u00f3n no se logr\u00f3 llegar a un acuerdo, por lo que la movilizaci\u00f3n de los trabajadores contratistas se mantiene.\" width=\"300\" height=\"198\" srcset=\"https:\/\/i0.wp.com\/eltrabajo.cl\/portal\/wp-content\/uploads\/2015\/08\/reunion_segunda.jpg?resize=300%2C198&amp;ssl=1 300w, https:\/\/i0.wp.com\/eltrabajo.cl\/portal\/wp-content\/uploads\/2015\/08\/reunion_segunda.jpg?resize=200%2C132&amp;ssl=1 200w, https:\/\/i0.wp.com\/eltrabajo.cl\/portal\/wp-content\/uploads\/2015\/08\/reunion_segunda.jpg?resize=228%2C150&amp;ssl=1 228w, https:\/\/i0.wp.com\/eltrabajo.cl\/portal\/wp-content\/uploads\/2015\/08\/reunion_segunda.jpg?resize=400%2C263&amp;ssl=1 400w, https:\/\/i0.wp.com\/eltrabajo.cl\/portal\/wp-content\/uploads\/2015\/08\/reunion_segunda.jpg?w=530&amp;ssl=1 530w\" sizes=\"auto, (max-width: 300px) 100vw, 300px\" \/><\/a><figcaption id=\"caption-attachment-60802\" class=\"wp-caption-text\">Tras la segunda reuni\u00f3n no se logr\u00f3 llegar a un acuerdo, por lo que la movilizaci\u00f3n de los trabajadores contratistas se mantiene.<\/figcaption><\/figure>\n<ul>\n<li><strong>En la segunda reuni\u00f3n sostenida entre las partes en Santiago.<\/strong><\/li>\n<\/ul>\n<p>En la segunda reuni\u00f3n sostenida entre la Confederaci\u00f3n de Trabajadores del Cobre (CTC), Codelco Chile y sus empresas contratistas no se logr\u00f3 llegar a un acuerdo, por lo que la movilizaci\u00f3n de los trabajadores contratistas se mantiene.<br \/>\nEllo seg\u00fan a lo informado por la CTC se debe a que la cupr\u00edfera estatal se neg\u00f3 a garantizar las condiciones m\u00ednimas para continuar con el dialogo que de soluci\u00f3n al conflicto.<br \/>\nEsos requisitos, seg\u00fan la CTC, son el t\u00e9rmino de toda represalia, hostigamiento y presi\u00f3n contra los trabajadores que se materializa, entre otros, dejar sin efecto todas y cada una de las cartas de amonestaci\u00f3n, sanci\u00f3n o despido que se han cursado desde el inicio del conflicto hasta la fecha.<br \/>\nAs\u00ed lo sostuvo Manuel Ahumada, presidente de la CTC, quien recalc\u00f3 que \u201cno existen las garant\u00edas para generar las condiciones b\u00e1sicas de conversaciones. Esa es una de las facultades que tienen que solicitar los representantes de Codelco. No vamos a permitir que ning\u00fan trabajador tenga represalias y ning\u00fan trabajador sea despedido. Si no est\u00e1n todas esas garant\u00edas nosotros tampoco podemos garantizar el restablecimiento laboral\u201d, expres\u00f3 el dirigente.<br \/>\nAgema al t\u00e9rmino de tal reuni\u00f3n manifest\u00f3 su disposici\u00f3n a cumplir con dichos requisitos, sin embargo el inconveniente radica respecto de empresas que dependen de Codelco y no de contratistas.<br \/>\nEn tanto, el vicepresidente de Asuntos Corporativos y Sustentabilidad de Codelco, Patricio Ch\u00e1vez Inostroza destac\u00f3 \u201cla voluntad demostrada por todas las partes debe derivar en un acuerdo sustentable para el desarrollo de la empresa y el aporte que significa para el futuro de nuestro pa\u00eds\u201d.<br \/>\nPor otra parte, la empresa se\u00f1al\u00f3 la necesidad de deponer prontamente las movilizaciones de la Confederaci\u00f3n de Trabajadores del Cobre (CTC), que mantienen tomadas las divisiones de Salvador y Ministro Hales, afectando a trabajadores y habitantes de dichas localidades.<br \/>\n\u201cHacemos nuestro mejor esfuerzo por arribar pronto a un acuerdo que devuelva la normalidad a esas localidades y permita a la empresa continuar sus faenas de producci\u00f3n\u201d, se\u00f1al\u00f3 Ch\u00e1vez.<br \/>\nLa Corporaci\u00f3n valor\u00f3 y agradeci\u00f3 la invitaci\u00f3n realizada por Agema, destacando el liderazgo y disposici\u00f3n demostrada por la asociaci\u00f3n empresarial en la construcci\u00f3n de acuerdos sustentables y que resulten beneficiosos para todas las partes.<\/p>\n","protected":false},"excerpt":{"rendered":"<p>En la segunda reuni\u00f3n sostenida entre las partes en Santiago. En la segunda reuni\u00f3n sostenida entre la Confederaci\u00f3n de Trabajadores del Cobre (CTC), Codelco Chile y sus empresas contratistas no se logr\u00f3&#8230;<\/p>\n","protected":false},"author":482,"featured_media":60802,"comment_status":"open","ping_status":"open","sticky":false,"template":"","format":"standard","meta":{"advanced_seo_description":"","jetpack_seo_html_title":"","jetpack_seo_noindex":false,"_jetpack_memberships_contains_paid_content":false,"footnotes":""},"categories":[15],"tags":[],"class_list":["post-60801","post","type-post","status-publish","format-standard","has-post-thumbnail","hentry","category-comunidad"],"jetpack_featured_media_url":"https:\/\/i0.wp.com\/eltrabajo.cl\/portal\/wp-content\/uploads\/2015\/08\/reunion_segunda.jpg?fit=530%2C349&ssl=1","jetpack_sharing_enabled":true,"jetpack_likes_enabled":true,"jetpack-related-posts":[],"_links":{"self":[{"href":"https:\/\/eltrabajo.cl\/portal\/wp-json\/wp\/v2\/posts\/60801","targetHints":{"allow":["GET"]}}],"collection":[{"href":"https:\/\/eltrabajo.cl\/portal\/wp-json\/wp\/v2\/posts"}],"about":[{"href":"https:\/\/eltrabajo.cl\/portal\/wp-json\/wp\/v2\/types\/post"}],"author":[{"embeddable":true,"href":"https:\/\/eltrabajo.cl\/portal\/wp-json\/wp\/v2\/users\/482"}],"replies":[{"embeddable":true,"href":"https:\/\/eltrabajo.cl\/portal\/wp-json\/wp\/v2\/comments?post=60801"}],"version-history":[{"count":0,"href":"https:\/\/eltrabajo.cl\/portal\/wp-json\/wp\/v2\/posts\/60801\/revisions"}],"wp:featuredmedia":[{"embeddable":true,"href":"https:\/\/eltrabajo.cl\/portal\/wp-json\/wp\/v2\/media\/60802"}],"wp:attachment":[{"href":"https:\/\/eltrabajo.cl\/portal\/wp-json\/wp\/v2\/media?parent=60801"}],"wp:term":[{"taxonomy":"category","embeddable":true,"href":"https:\/\/eltrabajo.cl\/portal\/wp-json\/wp\/v2\/categories?post=60801"},{"taxonomy":"post_tag","embeddable":true,"href":"https:\/\/eltrabajo.cl\/portal\/wp-json\/wp\/v2\/tags?post=60801"}],"curies":[{"name":"wp","href":"https:\/\/api.w.org\/{rel}","templated":true}]}}