{"id":60828,"date":"2015-08-10T09:33:02","date_gmt":"2015-08-10T12:33:02","guid":{"rendered":"http:\/\/www.eltrabajo.cl\/portal\/?p=60828"},"modified":"2015-08-10T09:33:02","modified_gmt":"2015-08-10T12:33:02","slug":"familia-perdio-todo-tras-voraz-incendio-que-destruyo-su-casa","status":"publish","type":"post","link":"https:\/\/eltrabajo.cl\/portal\/familia-perdio-todo-tras-voraz-incendio-que-destruyo-su-casa\/","title":{"rendered":"Familia perdi\u00f3 todo tras voraz incendio que destruy\u00f3 su casa"},"content":{"rendered":"<figure id=\"attachment_60829\" aria-describedby=\"caption-attachment-60829\" style=\"width: 300px\" class=\"wp-caption alignleft\"><a href=\"https:\/\/i0.wp.com\/www.eltrabajo.cl\/portal\/wp-content\/uploads\/2015\/08\/Incendio-Duco.jpg\"><img data-recalc-dims=\"1\" loading=\"lazy\" decoding=\"async\" class=\"wp-image-60829 size-medium\" src=\"https:\/\/i0.wp.com\/www.eltrabajo.cl\/portal\/wp-content\/uploads\/2015\/08\/Incendio-Duco-300x199.jpg?resize=300%2C199\" alt=\"Las grandes llamas consumieron totalmente una antigua casona ubicada en calle Duc\u00f3 en la villa Industrial de San Felipe, dejando a una familia en la calle. (Foto @maryta1980)\" width=\"300\" height=\"199\" srcset=\"https:\/\/i0.wp.com\/eltrabajo.cl\/portal\/wp-content\/uploads\/2015\/08\/Incendio-Duco.jpg?resize=300%2C199&amp;ssl=1 300w, https:\/\/i0.wp.com\/eltrabajo.cl\/portal\/wp-content\/uploads\/2015\/08\/Incendio-Duco.jpg?resize=200%2C133&amp;ssl=1 200w, https:\/\/i0.wp.com\/eltrabajo.cl\/portal\/wp-content\/uploads\/2015\/08\/Incendio-Duco.jpg?resize=226%2C150&amp;ssl=1 226w, https:\/\/i0.wp.com\/eltrabajo.cl\/portal\/wp-content\/uploads\/2015\/08\/Incendio-Duco.jpg?resize=400%2C265&amp;ssl=1 400w, https:\/\/i0.wp.com\/eltrabajo.cl\/portal\/wp-content\/uploads\/2015\/08\/Incendio-Duco.jpg?w=528&amp;ssl=1 528w\" sizes=\"auto, (max-width: 300px) 100vw, 300px\" \/><\/a><figcaption id=\"caption-attachment-60829\" class=\"wp-caption-text\">Las grandes llamas consumieron totalmente una antigua casona ubicada en calle Duc\u00f3 en la villa Industrial de San Felipe, dejando a una familia en la calle. (Foto @maryta1980)<\/figcaption><\/figure>\n<ul>\n<li><strong>El siniestro inici\u00f3 cerca de la medianoche del viernes donde una familia perdi\u00f3 todos sus enseres en un gran incendio en calle Duc\u00f3 de la villa Industrial de San Felipe.<\/strong><\/li>\n<\/ul>\n<p>Una familia qued\u00f3 literalmente en la calle tras un incendio que consumi\u00f3 totalmente su vivienda; una antigua casona en calle Duc\u00f3. El siniestro se produjo cerca de la medianoche de este viernes, siendo los mismos vecinos los que intentaron reducir el fuego en espera de la llegada de Bomberos.<br \/>\nA ra\u00edz de las grandes lenguas de fuego que se produjeron en esa vivienda, debieron intervenir cerca de 80 voluntarios que enfocaron sus labores en la reducci\u00f3n del fuego que amenazaba con propagarse hacia un taller mec\u00e1nico colindante, precisamente en el sector que conduce a la villa Industrial de San Felipe.<\/p>\n<figure id=\"attachment_60830\" aria-describedby=\"caption-attachment-60830\" style=\"width: 300px\" class=\"wp-caption alignright\"><a href=\"https:\/\/i0.wp.com\/www.eltrabajo.cl\/portal\/wp-content\/uploads\/2015\/08\/Incendio-2.jpg\"><img data-recalc-dims=\"1\" loading=\"lazy\" decoding=\"async\" class=\"wp-image-60830 size-medium\" src=\"https:\/\/i0.wp.com\/www.eltrabajo.cl\/portal\/wp-content\/uploads\/2015\/08\/Incendio-2-300x197.jpg?resize=300%2C197\" alt=\"Siete compa\u00f1\u00edas de Bomberos trabajaron arduamente para reducir las llamas hasta horas de la madrugada del s\u00e1bado.\" width=\"300\" height=\"197\" srcset=\"https:\/\/i0.wp.com\/eltrabajo.cl\/portal\/wp-content\/uploads\/2015\/08\/Incendio-2.jpg?resize=300%2C197&amp;ssl=1 300w, https:\/\/i0.wp.com\/eltrabajo.cl\/portal\/wp-content\/uploads\/2015\/08\/Incendio-2.jpg?resize=200%2C131&amp;ssl=1 200w, https:\/\/i0.wp.com\/eltrabajo.cl\/portal\/wp-content\/uploads\/2015\/08\/Incendio-2.jpg?resize=228%2C150&amp;ssl=1 228w, https:\/\/i0.wp.com\/eltrabajo.cl\/portal\/wp-content\/uploads\/2015\/08\/Incendio-2.jpg?resize=400%2C263&amp;ssl=1 400w, https:\/\/i0.wp.com\/eltrabajo.cl\/portal\/wp-content\/uploads\/2015\/08\/Incendio-2.jpg?w=530&amp;ssl=1 530w\" sizes=\"auto, (max-width: 300px) 100vw, 300px\" \/><\/a><figcaption id=\"caption-attachment-60830\" class=\"wp-caption-text\">Siete compa\u00f1\u00edas de Bomberos trabajaron arduamente para reducir las llamas hasta horas de la madrugada del s\u00e1bado.<\/figcaption><\/figure>\n<p>Si importar los operativos que realizaron las siete compa\u00f1\u00edas de Bomberos que asistieron a esta emergencia, lamentablemente el fuego calcin\u00f3 en un cien por ciento la estructura de la vivienda, ya que el fuego se propag\u00f3 por el entretecho. Pese a las efectivas labores de los voluntarios en el combate del fuego, result\u00f3 dif\u00edcil aplacarlo debido a la estructura antigua de la vivienda; estaba hecha de adobe, ca\u00f1as y maderos secos que facilitaron la activaci\u00f3n de las llamas.<br \/>\nCuando el siniestro pudo ser controlado, se dio paso a las labores del departamento t\u00e9cnico de Bomberos, quienes elaboraron un informe que determina el origen del fuego; el que podr\u00eda haberse iniciado debido al recalentamiento de una cocina a le\u00f1a que se encontraba encendida; se habr\u00eda activado el fuego al alcanzar material combustible de la vivienda, hip\u00f3tesis que ser\u00e1 materia de investigaci\u00f3n para la instituci\u00f3n.<br \/>\nLo cierto es que este siniestro dej\u00f3 a una familia, compuesta de cuatro personas, en la calle debido a que la vivienda qued\u00f3 absolutamente inhabitable, quedando a la deriva tras este lamentablemente episodio donde predomin\u00f3 el fuego hasta horas de la madrugada del s\u00e1bado.<br \/>\n<strong>Pablo Salinas Sald\u00edas<\/strong><\/p>\n","protected":false},"excerpt":{"rendered":"<p>El siniestro inici\u00f3 cerca de la medianoche del viernes donde una familia perdi\u00f3 todos sus enseres en un gran incendio en calle Duc\u00f3 de la villa Industrial de San Felipe. Una familia&#8230;<\/p>\n","protected":false},"author":482,"featured_media":60829,"comment_status":"open","ping_status":"open","sticky":false,"template":"","format":"standard","meta":{"advanced_seo_description":"","jetpack_seo_html_title":"","jetpack_seo_noindex":false,"_jetpack_memberships_contains_paid_content":false,"footnotes":""},"categories":[21],"tags":[],"class_list":["post-60828","post","type-post","status-publish","format-standard","has-post-thumbnail","hentry","category-policial"],"jetpack_featured_media_url":"https:\/\/i0.wp.com\/eltrabajo.cl\/portal\/wp-content\/uploads\/2015\/08\/Incendio-Duco.jpg?fit=528%2C350&ssl=1","jetpack_sharing_enabled":true,"jetpack_likes_enabled":true,"jetpack-related-posts":[],"_links":{"self":[{"href":"https:\/\/eltrabajo.cl\/portal\/wp-json\/wp\/v2\/posts\/60828","targetHints":{"allow":["GET"]}}],"collection":[{"href":"https:\/\/eltrabajo.cl\/portal\/wp-json\/wp\/v2\/posts"}],"about":[{"href":"https:\/\/eltrabajo.cl\/portal\/wp-json\/wp\/v2\/types\/post"}],"author":[{"embeddable":true,"href":"https:\/\/eltrabajo.cl\/portal\/wp-json\/wp\/v2\/users\/482"}],"replies":[{"embeddable":true,"href":"https:\/\/eltrabajo.cl\/portal\/wp-json\/wp\/v2\/comments?post=60828"}],"version-history":[{"count":0,"href":"https:\/\/eltrabajo.cl\/portal\/wp-json\/wp\/v2\/posts\/60828\/revisions"}],"wp:featuredmedia":[{"embeddable":true,"href":"https:\/\/eltrabajo.cl\/portal\/wp-json\/wp\/v2\/media\/60829"}],"wp:attachment":[{"href":"https:\/\/eltrabajo.cl\/portal\/wp-json\/wp\/v2\/media?parent=60828"}],"wp:term":[{"taxonomy":"category","embeddable":true,"href":"https:\/\/eltrabajo.cl\/portal\/wp-json\/wp\/v2\/categories?post=60828"},{"taxonomy":"post_tag","embeddable":true,"href":"https:\/\/eltrabajo.cl\/portal\/wp-json\/wp\/v2\/tags?post=60828"}],"curies":[{"name":"wp","href":"https:\/\/api.w.org\/{rel}","templated":true}]}}