{"id":60840,"date":"2015-08-11T09:40:47","date_gmt":"2015-08-11T12:40:47","guid":{"rendered":"http:\/\/www.eltrabajo.cl\/portal\/?p=60840"},"modified":"2015-08-11T09:40:47","modified_gmt":"2015-08-11T12:40:47","slug":"realizan-encuentro-regional-de-robotica-educativa-en-calle-larga","status":"publish","type":"post","link":"https:\/\/eltrabajo.cl\/portal\/realizan-encuentro-regional-de-robotica-educativa-en-calle-larga\/","title":{"rendered":"Realizan Encuentro Regional de Rob\u00f3tica Educativa en Calle Larga"},"content":{"rendered":"<figure id=\"attachment_60841\" aria-describedby=\"caption-attachment-60841\" style=\"width: 300px\" class=\"wp-caption alignleft\"><a href=\"https:\/\/i0.wp.com\/www.eltrabajo.cl\/portal\/wp-content\/uploads\/2015\/08\/Encuentro-robotica-calle-larga-2.jpg\"><img data-recalc-dims=\"1\" loading=\"lazy\" decoding=\"async\" class=\"wp-image-60841 size-medium\" src=\"https:\/\/i0.wp.com\/www.eltrabajo.cl\/portal\/wp-content\/uploads\/2015\/08\/Encuentro-robotica-calle-larga-2-300x198.jpg?resize=300%2C198\" alt=\"Diez ser\u00e1n los equipos que participar\u00e1n de este encuentro que congrega estudiantes de diversos lugares la Quinta Regi\u00f3n.\" width=\"300\" height=\"198\" srcset=\"https:\/\/i0.wp.com\/eltrabajo.cl\/portal\/wp-content\/uploads\/2015\/08\/Encuentro-robotica-calle-larga-2.jpg?resize=300%2C198&amp;ssl=1 300w, https:\/\/i0.wp.com\/eltrabajo.cl\/portal\/wp-content\/uploads\/2015\/08\/Encuentro-robotica-calle-larga-2.jpg?resize=200%2C132&amp;ssl=1 200w, https:\/\/i0.wp.com\/eltrabajo.cl\/portal\/wp-content\/uploads\/2015\/08\/Encuentro-robotica-calle-larga-2.jpg?resize=227%2C150&amp;ssl=1 227w, https:\/\/i0.wp.com\/eltrabajo.cl\/portal\/wp-content\/uploads\/2015\/08\/Encuentro-robotica-calle-larga-2.jpg?resize=400%2C264&amp;ssl=1 400w, https:\/\/i0.wp.com\/eltrabajo.cl\/portal\/wp-content\/uploads\/2015\/08\/Encuentro-robotica-calle-larga-2.jpg?w=530&amp;ssl=1 530w\" sizes=\"auto, (max-width: 300px) 100vw, 300px\" \/><\/a><figcaption id=\"caption-attachment-60841\" class=\"wp-caption-text\">Diez ser\u00e1n los equipos que participar\u00e1n de este encuentro que congrega estudiantes de diversos lugares la Quinta Regi\u00f3n.<\/figcaption><\/figure>\n<ul>\n<li><strong>Actividad, que se efectuar\u00e1 el 22 de agosto en dependencias del Centro Cultural y Museo Presidente Pedro Aguirre Cerda, est\u00e1 dirigida a establecimientos educacionales de la regi\u00f3n, que cuentan con talleres de rob\u00f3tica<\/strong><\/li>\n<\/ul>\n<p><strong>CALLE LARGA.<\/strong>&#8211; Intercambiar ideas, experiencias y conocimientos, como tambi\u00e9n desarrollar diversas habilidades, es el objetivo del Encuentro Regional de Rob\u00f3tica Educativa, que se realizar\u00e1 el s\u00e1bado 22 de agosto y que es organizado por la Municipalidad de Calle Larga, con el patrocinio de Explora y la Utfsm<br \/>\nEste encuentro que se realizar\u00e1 en dependencias del Centro Cultural y Museo Presidente Pedro Aguirre Cerda, est\u00e1 dirigido a alumnos de establecimientos educacionales de la regi\u00f3n, que participen en talleres de rob\u00f3tica educativa.<br \/>\nDiez ser\u00e1n los equipos de diversas ciudades de la Regi\u00f3n de Valpara\u00edso que participar\u00e1n en este encuentro, entre quienes se encuentran: Escuela Almendral de San Felipe, Liceo Max Salas Marchan de Los Andes, Escuela Industrial Guillermo Richards Cuevas de San Felipe, Colegio Nueva Era Siglo XXI de Valpara\u00edso, Colegio Alem\u00e1n de Vi\u00f1a del Mar, DvsPlanck de Vi\u00f1a del Mar, Escuela John Kennedy de Los Andes, Colegio Marie Poussepin de Putaendo, Escuela Valle Alegre de Calle Larga y Servo Amigos Rob\u00f3tica de Calle Larga.<br \/>\nDe acuerdo a lo establecido por los organizadores, este encuentro busca no solamente el intercambio de experiencias entre los estudiantes, sino que tambi\u00e9n durante la realizaci\u00f3n de este encuentro, ellos podr\u00e1n dar a conocer su trabajo a la comunidad.<br \/>\nAdem\u00e1s de los ejercicios y concursos en los que participar\u00e1n los alumnos, la destacada agrupaci\u00f3n de rob\u00f3tica nacional \u2018Coraz\u00f3n de Chileno\u2019, como tambi\u00e9n estudiantes de ingenier\u00eda de la Universidad T\u00e9cnica Federico Santa Mar\u00eda y la Fundaci\u00f3n Gabriel y Mary Mustakis, realizar\u00e1n interesantes exposiciones y talleres a los participantes.<br \/>\nA cargo de la exposici\u00f3n de proyectos innovadores, se presentar\u00e1n Expo ELO de la carrera de Electr\u00f3nica de la Universidad T\u00e9cnica Federico Santa Mar\u00eda, Arquimed y Explora.<br \/>\nDurante todo el d\u00eda este encuentro de rob\u00f3tica estar\u00e1 abierto a la comunidad, quienes podr\u00e1n conocer y visitar los diversos stands de rob\u00f3tica, interioriz\u00e1ndose m\u00e1s en el trabajo que realizan los estudiantes en esta \u00e1rea de la tecnolog\u00eda.<\/p>\n","protected":false},"excerpt":{"rendered":"<p>Actividad, que se efectuar\u00e1 el 22 de agosto en dependencias del Centro Cultural y Museo Presidente Pedro Aguirre Cerda, est\u00e1 dirigida a establecimientos educacionales de la regi\u00f3n, que cuentan con talleres de&#8230;<\/p>\n","protected":false},"author":482,"featured_media":60841,"comment_status":"open","ping_status":"open","sticky":false,"template":"","format":"standard","meta":{"advanced_seo_description":"","jetpack_seo_html_title":"","jetpack_seo_noindex":false,"_jetpack_memberships_contains_paid_content":false,"footnotes":""},"categories":[15],"tags":[],"class_list":["post-60840","post","type-post","status-publish","format-standard","has-post-thumbnail","hentry","category-comunidad"],"jetpack_featured_media_url":"https:\/\/i0.wp.com\/eltrabajo.cl\/portal\/wp-content\/uploads\/2015\/08\/Encuentro-robotica-calle-larga-2.jpg?fit=530%2C350&ssl=1","jetpack_sharing_enabled":true,"jetpack_likes_enabled":true,"jetpack-related-posts":[],"_links":{"self":[{"href":"https:\/\/eltrabajo.cl\/portal\/wp-json\/wp\/v2\/posts\/60840","targetHints":{"allow":["GET"]}}],"collection":[{"href":"https:\/\/eltrabajo.cl\/portal\/wp-json\/wp\/v2\/posts"}],"about":[{"href":"https:\/\/eltrabajo.cl\/portal\/wp-json\/wp\/v2\/types\/post"}],"author":[{"embeddable":true,"href":"https:\/\/eltrabajo.cl\/portal\/wp-json\/wp\/v2\/users\/482"}],"replies":[{"embeddable":true,"href":"https:\/\/eltrabajo.cl\/portal\/wp-json\/wp\/v2\/comments?post=60840"}],"version-history":[{"count":0,"href":"https:\/\/eltrabajo.cl\/portal\/wp-json\/wp\/v2\/posts\/60840\/revisions"}],"wp:featuredmedia":[{"embeddable":true,"href":"https:\/\/eltrabajo.cl\/portal\/wp-json\/wp\/v2\/media\/60841"}],"wp:attachment":[{"href":"https:\/\/eltrabajo.cl\/portal\/wp-json\/wp\/v2\/media?parent=60840"}],"wp:term":[{"taxonomy":"category","embeddable":true,"href":"https:\/\/eltrabajo.cl\/portal\/wp-json\/wp\/v2\/categories?post=60840"},{"taxonomy":"post_tag","embeddable":true,"href":"https:\/\/eltrabajo.cl\/portal\/wp-json\/wp\/v2\/tags?post=60840"}],"curies":[{"name":"wp","href":"https:\/\/api.w.org\/{rel}","templated":true}]}}