{"id":60865,"date":"2015-08-11T09:51:34","date_gmt":"2015-08-11T12:51:34","guid":{"rendered":"http:\/\/www.eltrabajo.cl\/portal\/?p=60865"},"modified":"2015-08-11T09:51:34","modified_gmt":"2015-08-11T12:51:34","slug":"agreden-a-hombre-a-plena-luz-del-dia-en-un-presunto-asalto","status":"publish","type":"post","link":"https:\/\/eltrabajo.cl\/portal\/agreden-a-hombre-a-plena-luz-del-dia-en-un-presunto-asalto\/","title":{"rendered":"Agreden a hombre a plena luz del d\u00eda en un presunto asalto"},"content":{"rendered":"<figure id=\"attachment_60866\" aria-describedby=\"caption-attachment-60866\" style=\"width: 300px\" class=\"wp-caption alignleft\"><a href=\"https:\/\/i0.wp.com\/www.eltrabajo.cl\/portal\/wp-content\/uploads\/2015\/08\/detenido-fierro.jpg\"><img data-recalc-dims=\"1\" loading=\"lazy\" decoding=\"async\" class=\"wp-image-60866 size-medium\" src=\"https:\/\/i0.wp.com\/www.eltrabajo.cl\/portal\/wp-content\/uploads\/2015\/08\/detenido-fierro-300x196.jpg?resize=300%2C196\" alt=\"El agresor fue detenido y formalizado por el delito de lesiones leves y amenazas, quedando con prohibici\u00f3n de acercarse a la v\u00edctima\" width=\"300\" height=\"196\" srcset=\"https:\/\/i0.wp.com\/eltrabajo.cl\/portal\/wp-content\/uploads\/2015\/08\/detenido-fierro.jpg?resize=300%2C196&amp;ssl=1 300w, https:\/\/i0.wp.com\/eltrabajo.cl\/portal\/wp-content\/uploads\/2015\/08\/detenido-fierro.jpg?resize=200%2C131&amp;ssl=1 200w, https:\/\/i0.wp.com\/eltrabajo.cl\/portal\/wp-content\/uploads\/2015\/08\/detenido-fierro.jpg?resize=230%2C150&amp;ssl=1 230w, https:\/\/i0.wp.com\/eltrabajo.cl\/portal\/wp-content\/uploads\/2015\/08\/detenido-fierro.jpg?resize=400%2C261&amp;ssl=1 400w, https:\/\/i0.wp.com\/eltrabajo.cl\/portal\/wp-content\/uploads\/2015\/08\/detenido-fierro.jpg?w=530&amp;ssl=1 530w\" sizes=\"auto, (max-width: 300px) 100vw, 300px\" \/><\/a><figcaption id=\"caption-attachment-60866\" class=\"wp-caption-text\">El agresor fue detenido y formalizado por el delito de lesiones leves y amenazas, quedando con prohibici\u00f3n de acercarse a la v\u00edctima<\/figcaption><\/figure>\n<ul>\n<li><strong>Autor del hecho fue formalizado solo por lesiones y amenazas<\/strong><\/li>\n<\/ul>\n<p><strong>LOS ANDES.<\/strong>&#8211; Personal de Carabineros detuvo a un guardia de seguridad por haber presuntamente asaltado y golpeado a un trabajador y su madre cuando circulaban en la v\u00eda p\u00fablica.<br \/>\nEl hecho se produjo cerca de las 14 horas del domingo, cuando el trabajador de iniciales M.G.G. (40) circulaba junto a su madre, una adulta mayor de 65 a\u00f1os, por calle Soldado Olgu\u00edn en la poblaci\u00f3n Barrio La Concepci\u00f3n.<br \/>\nSeg\u00fan relato del afectado a Carabineros, al llegar a la esquina con calle Pedro Lagos fue abordado por tres sujetos, uno de los cuales comenz\u00f3 a amenazarlo y premunido de un fierro le propin\u00f3 un golpe en la cabeza, amenazando con hacer lo mismo a su madre.<br \/>\nTras recibir el golpe, el atacante y sus c\u00f3mplices le arrebataron el reloj y 43 mil pesos que portaba en uno de los bolsillos de su chaqueta, d\u00e1ndose luego a la fuga.<br \/>\nPese a la herida en la cabeza, la v\u00edctima llam\u00f3 a Carabineros entregando algunos antecedentes del agresor, ya que al parecer tendr\u00edan problemas anteriores.<br \/>\nEl personal policial concurri\u00f3 al domicilio del agresor donde lo detuvo, pero no se recuper\u00f3 el reloj ni el dinero.<br \/>\nEl detenido fue identificado como L.A.A.A., de 44 a\u00f1os, sin antecedentes policiales anteriores quien pas\u00f3 a disposici\u00f3n del Tribunal de Garant\u00eda por el delito de robo con violencia.<br \/>\nA su vez, la v\u00edctima fue llevada al hospital donde inicialmente le constataron lesiones de car\u00e1cter leve en la cabeza.<br \/>\nRECALIFICACI\u00d3N DE LOS HECHOS.<br \/>\nSin embargo, en la audiencia de formalizaci\u00f3n el fiscal Ricardo Reinoso recalific\u00f3 los hechos a los delitos de lesiones leves y amenazas, solicitando como cautelares en favor de la v\u00edctima la prohibici\u00f3n de acercarse por parte del imputado.<br \/>\nEl tribunal acogi\u00f3 la solicitud y estableci\u00f3 un plazo de investigaci\u00f3n de tres meses.<\/p>\n","protected":false},"excerpt":{"rendered":"<p>Autor del hecho fue formalizado solo por lesiones y amenazas LOS ANDES.&#8211; Personal de Carabineros detuvo a un guardia de seguridad por haber presuntamente asaltado y golpeado a un trabajador y su&#8230;<\/p>\n","protected":false},"author":482,"featured_media":60866,"comment_status":"open","ping_status":"open","sticky":false,"template":"","format":"standard","meta":{"advanced_seo_description":"","jetpack_seo_html_title":"","jetpack_seo_noindex":false,"_jetpack_memberships_contains_paid_content":false,"footnotes":""},"categories":[21],"tags":[],"class_list":["post-60865","post","type-post","status-publish","format-standard","has-post-thumbnail","hentry","category-policial"],"jetpack_featured_media_url":"https:\/\/i0.wp.com\/eltrabajo.cl\/portal\/wp-content\/uploads\/2015\/08\/detenido-fierro.jpg?fit=530%2C346&ssl=1","jetpack_sharing_enabled":true,"jetpack_likes_enabled":true,"jetpack-related-posts":[],"_links":{"self":[{"href":"https:\/\/eltrabajo.cl\/portal\/wp-json\/wp\/v2\/posts\/60865","targetHints":{"allow":["GET"]}}],"collection":[{"href":"https:\/\/eltrabajo.cl\/portal\/wp-json\/wp\/v2\/posts"}],"about":[{"href":"https:\/\/eltrabajo.cl\/portal\/wp-json\/wp\/v2\/types\/post"}],"author":[{"embeddable":true,"href":"https:\/\/eltrabajo.cl\/portal\/wp-json\/wp\/v2\/users\/482"}],"replies":[{"embeddable":true,"href":"https:\/\/eltrabajo.cl\/portal\/wp-json\/wp\/v2\/comments?post=60865"}],"version-history":[{"count":0,"href":"https:\/\/eltrabajo.cl\/portal\/wp-json\/wp\/v2\/posts\/60865\/revisions"}],"wp:featuredmedia":[{"embeddable":true,"href":"https:\/\/eltrabajo.cl\/portal\/wp-json\/wp\/v2\/media\/60866"}],"wp:attachment":[{"href":"https:\/\/eltrabajo.cl\/portal\/wp-json\/wp\/v2\/media?parent=60865"}],"wp:term":[{"taxonomy":"category","embeddable":true,"href":"https:\/\/eltrabajo.cl\/portal\/wp-json\/wp\/v2\/categories?post=60865"},{"taxonomy":"post_tag","embeddable":true,"href":"https:\/\/eltrabajo.cl\/portal\/wp-json\/wp\/v2\/tags?post=60865"}],"curies":[{"name":"wp","href":"https:\/\/api.w.org\/{rel}","templated":true}]}}