{"id":60868,"date":"2015-08-11T09:52:45","date_gmt":"2015-08-11T12:52:45","guid":{"rendered":"http:\/\/www.eltrabajo.cl\/portal\/?p=60868"},"modified":"2015-08-11T09:52:45","modified_gmt":"2015-08-11T12:52:45","slug":"hombre-absuelto-por-violacion-podria-demandar-al-estado-de-chile-en-mas-de-200-millones","status":"publish","type":"post","link":"https:\/\/eltrabajo.cl\/portal\/hombre-absuelto-por-violacion-podria-demandar-al-estado-de-chile-en-mas-de-200-millones\/","title":{"rendered":"Hombre absuelto por violaci\u00f3n podr\u00eda demandar al Estado de Chile en m\u00e1s de $200 millones"},"content":{"rendered":"<figure id=\"attachment_60869\" aria-describedby=\"caption-attachment-60869\" style=\"width: 300px\" class=\"wp-caption alignleft\"><a href=\"https:\/\/i0.wp.com\/www.eltrabajo.cl\/portal\/wp-content\/uploads\/2015\/08\/Acusado-cobre.jpg\"><img data-recalc-dims=\"1\" loading=\"lazy\" decoding=\"async\" class=\"wp-image-60869 size-medium\" src=\"https:\/\/i0.wp.com\/www.eltrabajo.cl\/portal\/wp-content\/uploads\/2015\/08\/Acusado-cobre-300x199.jpg?resize=300%2C199\" alt=\"El trabajador de la comuna de San Esteban L.A.G.Ch. (60) fue absuelto del delito de violaci\u00f3n y podr\u00eda demandar al estado por todo el da\u00f1o moral sufrido.\" width=\"300\" height=\"199\" srcset=\"https:\/\/i0.wp.com\/eltrabajo.cl\/portal\/wp-content\/uploads\/2015\/08\/Acusado-cobre.jpg?resize=300%2C199&amp;ssl=1 300w, https:\/\/i0.wp.com\/eltrabajo.cl\/portal\/wp-content\/uploads\/2015\/08\/Acusado-cobre.jpg?resize=200%2C133&amp;ssl=1 200w, https:\/\/i0.wp.com\/eltrabajo.cl\/portal\/wp-content\/uploads\/2015\/08\/Acusado-cobre.jpg?resize=226%2C150&amp;ssl=1 226w, https:\/\/i0.wp.com\/eltrabajo.cl\/portal\/wp-content\/uploads\/2015\/08\/Acusado-cobre.jpg?resize=400%2C265&amp;ssl=1 400w, https:\/\/i0.wp.com\/eltrabajo.cl\/portal\/wp-content\/uploads\/2015\/08\/Acusado-cobre.jpg?w=528&amp;ssl=1 528w\" sizes=\"auto, (max-width: 300px) 100vw, 300px\" \/><\/a><figcaption id=\"caption-attachment-60869\" class=\"wp-caption-text\">El trabajador de la comuna de San Esteban L.A.G.Ch. (60) fue absuelto del delito de violaci\u00f3n y podr\u00eda demandar al estado por todo el da\u00f1o moral sufrido.<\/figcaption><\/figure>\n<ul>\n<li><strong>Estuvo casi 100 d\u00edas en prisi\u00f3n preventiva por un hecho que no cometi\u00f3.<\/strong><\/li>\n<\/ul>\n<p><strong>LOS ANDES.<\/strong>&#8211; En un dictamen in\u00e9dito desde el inicio de la reforma procesal penal, la Corte Suprema estableci\u00f3 la existencia de un grave error judicial en el proceso en que el trabajador de la comuna de San Esteban L.A.G.Ch. (60) fue acusado de violaci\u00f3n en contra de la pareja de su sobrino, debiendo pasar casi 100 d\u00edas en prisi\u00f3n preventiva y diez meses con arresto domiciliario nocturno.<br \/>\nLa informaci\u00f3n fue dada a conocer en el portal Emol.com por el abogado defensor del trabajador, Rodrigo Molina Rill\u00f3n, quien durante todo el desarrollo del proceso judicial y hasta el juicio oral donde fue finalmente absuelto sostuvo la inocencia de su representado, pese que la supuesta v\u00edctima present\u00f3 como prueba un video donde \u2018supuestamente\u2019 qued\u00f3 gravado el ultraje.<\/p>\n<p><strong>VIOLACI\u00d3N, RELACI\u00d3N \u00a0SEXUAL CONSENTIDA O UNA TRAMPA<\/strong><br \/>\nEl caso se destap\u00f3 en julio de 2013 cuando la supuesta v\u00edctima P.G.S. (30) present\u00f3 la denuncia de la PDI en contra del t\u00edo de su pareja a quien acus\u00f3 de haberla ultrajado en al menos tres ocasiones en momento en que quedaban solos en un inmueble que estaban construyendo en el sector de El Cobre de esa comuna.<br \/>\nLa mujer present\u00f3 como prueba una grabaci\u00f3n de mala calidad hecha con su tel\u00e9fono celular donde se apreciaba la \u00faltima violaci\u00f3n de que habr\u00eda sido objeto y que fue casi una evidencia clave en los inicios del proceso para que el Tribunal de Garant\u00eda decretara en su momento la prisi\u00f3n preventiva, medida que fue ratificada por la Corte de Apelaciones de Valpara\u00edso.<br \/>\nSin embargo, durante el juicio oral fue exhibida nuevamente la grabaci\u00f3n de video, sin embargo, esta vez en forma completa, donde qued\u00f3 establecido que las relaciones sexuales fueron consentidas y as\u00ed este \u2018error\u2019 del Ministerio P\u00fablico permiti\u00f3 absolver a un inocente.<br \/>\n\u00abLo sucedido fue fruto de la acci\u00f3n concertada y planificada de una aparente v\u00edctima\u00bb en la que se aprecia que ella \u00abrealiza todo el montaje para procurarse una evidencia en contra del acusado\u00bb con una actitud \u00abfr\u00eda y cerebral\u00bb, establece el dictamen de absoluci\u00f3n emitido por el Tribunal Oral en lo penal de Los Andes.<br \/>\nAl escuchar el audio completo por parte del tribunal se derrumb\u00f3 la versi\u00f3n de la mujer, al dejar claro no solamente que la relaci\u00f3n era consentida, sino tambi\u00e9n revelar la trama con la que buscaba acusar judicialmente a su t\u00edo pol\u00edtico con un \u00abinter\u00e9s econ\u00f3mico\u00bb.<br \/>\nSeg\u00fan declar\u00f3 el abogado Rodrigo Molina a Emol, la mujer hab\u00eda establecido, paralelamente a la acusaci\u00f3n falsa, una reserva de acci\u00f3n civil, lo que la facultaba para demandar \u00abcon el objetivo de quitarle a mi defendido una casa avaluada en 60 millones de pesos que tiene en Puente Alto\u00bb.<br \/>\nEl jurista dijo que ahora tanto la supuesta v\u00edctima como el sobrino del trabajador deber\u00e1n responder ante la justicia por el delito de falso testimonio.<br \/>\n\u00abSe aclar\u00f3 que hubo irregularidad en la cadena de custodia: no se sabe ni se estableci\u00f3 qui\u00e9n traspas\u00f3 la grabaci\u00f3n del celular al CD, ni hubo un peritaje de por medio\u00bb, aclar\u00f3 el jurista quien catalog\u00f3 la investigaci\u00f3n del Ministerio P\u00fablico como desprolija.<br \/>\n\u00abEn su oportunidad ped\u00ed la exclusi\u00f3n del video, pero eso fue desechado por el Juzgado de Garant\u00eda en una resoluci\u00f3n a mi juicio err\u00f3nea. Aqu\u00ed hay dos jueces de Garant\u00eda que cometieron conductas injustificadamente err\u00f3neas\u00bb, apunt\u00f3 el abogado defensor, reiterando que las resoluciones tomadas por el Tribunal de Garant\u00eda para decretar la prisi\u00f3n preventiva y luego el arresto nocturno fueron injustificadamente err\u00f3neas.<br \/>\nDurante el proceso el abogado Molina esboz\u00f3 una tesis conspirativa de la mujer en contra de su representado en la cual estar\u00eda involucrado tambi\u00e9n la pareja, insistiendo en que la grabaci\u00f3n con el celular fue un montaje de la v\u00edctima con un fin no precisado.<br \/>\nEn este sentido, Molina record\u00f3 que el a\u00f1o 2007 la mujer intent\u00f3 acusar a su pareja de ese entonces de haberla querido asaltar, investigaci\u00f3n que cerr\u00f3 por falta de pruebas.<br \/>\nPor ello, el jurista dijo que su representado prepara una demanda en contra del Estado de Chile por da\u00f1o moral, sumada a una acci\u00f3n similar que emprender\u00eda la familia por un monto superior a los 200 millones de pesos.<\/p>\n","protected":false},"excerpt":{"rendered":"<p>Estuvo casi 100 d\u00edas en prisi\u00f3n preventiva por un hecho que no cometi\u00f3. LOS ANDES.&#8211; En un dictamen in\u00e9dito desde el inicio de la reforma procesal penal, la Corte Suprema estableci\u00f3 la&#8230;<\/p>\n","protected":false},"author":482,"featured_media":60869,"comment_status":"open","ping_status":"open","sticky":false,"template":"","format":"standard","meta":{"advanced_seo_description":"","jetpack_seo_html_title":"","jetpack_seo_noindex":false,"_jetpack_memberships_contains_paid_content":false,"footnotes":""},"categories":[21],"tags":[],"class_list":["post-60868","post","type-post","status-publish","format-standard","has-post-thumbnail","hentry","category-policial"],"jetpack_featured_media_url":"https:\/\/i0.wp.com\/eltrabajo.cl\/portal\/wp-content\/uploads\/2015\/08\/Acusado-cobre.jpg?fit=528%2C350&ssl=1","jetpack_sharing_enabled":true,"jetpack_likes_enabled":true,"jetpack-related-posts":[],"_links":{"self":[{"href":"https:\/\/eltrabajo.cl\/portal\/wp-json\/wp\/v2\/posts\/60868","targetHints":{"allow":["GET"]}}],"collection":[{"href":"https:\/\/eltrabajo.cl\/portal\/wp-json\/wp\/v2\/posts"}],"about":[{"href":"https:\/\/eltrabajo.cl\/portal\/wp-json\/wp\/v2\/types\/post"}],"author":[{"embeddable":true,"href":"https:\/\/eltrabajo.cl\/portal\/wp-json\/wp\/v2\/users\/482"}],"replies":[{"embeddable":true,"href":"https:\/\/eltrabajo.cl\/portal\/wp-json\/wp\/v2\/comments?post=60868"}],"version-history":[{"count":0,"href":"https:\/\/eltrabajo.cl\/portal\/wp-json\/wp\/v2\/posts\/60868\/revisions"}],"wp:featuredmedia":[{"embeddable":true,"href":"https:\/\/eltrabajo.cl\/portal\/wp-json\/wp\/v2\/media\/60869"}],"wp:attachment":[{"href":"https:\/\/eltrabajo.cl\/portal\/wp-json\/wp\/v2\/media?parent=60868"}],"wp:term":[{"taxonomy":"category","embeddable":true,"href":"https:\/\/eltrabajo.cl\/portal\/wp-json\/wp\/v2\/categories?post=60868"},{"taxonomy":"post_tag","embeddable":true,"href":"https:\/\/eltrabajo.cl\/portal\/wp-json\/wp\/v2\/tags?post=60868"}],"curies":[{"name":"wp","href":"https:\/\/api.w.org\/{rel}","templated":true}]}}