{"id":60871,"date":"2015-08-11T09:58:03","date_gmt":"2015-08-11T12:58:03","guid":{"rendered":"http:\/\/www.eltrabajo.cl\/portal\/?p=60871"},"modified":"2015-08-11T09:58:03","modified_gmt":"2015-08-11T12:58:03","slug":"en-libertad-vigilada-pagara-conductor-ebrio-que-produjo-fatal-accidente","status":"publish","type":"post","link":"https:\/\/eltrabajo.cl\/portal\/en-libertad-vigilada-pagara-conductor-ebrio-que-produjo-fatal-accidente\/","title":{"rendered":"En libertad vigilada pagar\u00e1 conductor ebrio que produjo fatal accidente"},"content":{"rendered":"<figure id=\"attachment_60872\" aria-describedby=\"caption-attachment-60872\" style=\"width: 300px\" class=\"wp-caption alignleft\"><a href=\"https:\/\/i0.wp.com\/www.eltrabajo.cl\/portal\/wp-content\/uploads\/2015\/08\/sebastian-y-mayra-copia.jpg\"><img data-recalc-dims=\"1\" loading=\"lazy\" decoding=\"async\" class=\"wp-image-60872 size-medium\" src=\"https:\/\/i0.wp.com\/www.eltrabajo.cl\/portal\/wp-content\/uploads\/2015\/08\/sebastian-y-mayra-copia-300x198.jpg?resize=300%2C198\" alt=\"El joven fallecido, Sebasti\u00e1n Calder\u00f3n Tapia de 20 a\u00f1os de edad y Mayra Fuentes Maldonado, una joven madre de 26 a\u00f1os de edad, sobrevivi\u00f3 al accidente con irreversibles da\u00f1os neurol\u00f3gicos.\" width=\"300\" height=\"198\" srcset=\"https:\/\/i0.wp.com\/eltrabajo.cl\/portal\/wp-content\/uploads\/2015\/08\/sebastian-y-mayra-copia.jpg?resize=300%2C198&amp;ssl=1 300w, https:\/\/i0.wp.com\/eltrabajo.cl\/portal\/wp-content\/uploads\/2015\/08\/sebastian-y-mayra-copia.jpg?resize=200%2C132&amp;ssl=1 200w, https:\/\/i0.wp.com\/eltrabajo.cl\/portal\/wp-content\/uploads\/2015\/08\/sebastian-y-mayra-copia.jpg?resize=227%2C150&amp;ssl=1 227w, https:\/\/i0.wp.com\/eltrabajo.cl\/portal\/wp-content\/uploads\/2015\/08\/sebastian-y-mayra-copia.jpg?resize=400%2C264&amp;ssl=1 400w, https:\/\/i0.wp.com\/eltrabajo.cl\/portal\/wp-content\/uploads\/2015\/08\/sebastian-y-mayra-copia.jpg?w=530&amp;ssl=1 530w\" sizes=\"auto, (max-width: 300px) 100vw, 300px\" \/><\/a><figcaption id=\"caption-attachment-60872\" class=\"wp-caption-text\">El joven fallecido, Sebasti\u00e1n Calder\u00f3n Tapia de 20 a\u00f1os de edad y Mayra Fuentes Maldonado, una joven madre de 26 a\u00f1os de edad, sobrevivi\u00f3 al accidente con irreversibles da\u00f1os neurol\u00f3gicos.<\/figcaption><\/figure>\n<p>En la madrugada del 22 de marzo del 2014, Michell Lazo N\u00fa\u00f1ez conduc\u00eda bajo los efectos del alcohol estrell\u00e1ndose contra un poste de alumbrado p\u00fablico en avenida Enc\u00f3n de San Felipe, falleciendo tr\u00e1gicamente Sebasti\u00e1n Calder\u00f3n de 20 a\u00f1os de edad, mientras que otras dos tripulantes resultaron gravemente heridas.<br \/>\nEl Tribunal Oral en Lo Penal de San Felipe sentenci\u00f3 a Michell Lazo N\u00fa\u00f1ez de 28 a\u00f1os de edad, con el beneficio de libertad vigilada por un plazo de tres a\u00f1os, luego de considerarlo culpable de los delitos de conducci\u00f3n en estado de ebriedad con resultado de muerte de un joven 20 a\u00f1os y de lesiones grav\u00edsimas de una joven madre de 26.<br \/>\nPese a que la Fiscal\u00eda vislumbraba una pena en libertad del acusado, de por lo menos cinco a\u00f1os, de acuerdo a la legislaci\u00f3n vigente al d\u00eda de los hechos, el Tribunal habr\u00eda considerado la atenuante de intachable conducta anterior rebajando la pena en un grado, es decir, tres a\u00f1os de presidio con beneficio de firmas.<br \/>\nConocida la lectura de sentencia la tarde de ayer lunes, el Fiscal Jefe a cargo de este caso, Eduardo Fajardo, se\u00f1al\u00f3 a Diario<\/p>\n<figure id=\"attachment_60873\" aria-describedby=\"caption-attachment-60873\" style=\"width: 300px\" class=\"wp-caption alignright\"><a href=\"https:\/\/i0.wp.com\/www.eltrabajo.cl\/portal\/wp-content\/uploads\/2015\/08\/fiscal-Eduardo-Fajardo.jpg\"><img data-recalc-dims=\"1\" loading=\"lazy\" decoding=\"async\" class=\"wp-image-60873 size-medium\" src=\"https:\/\/i0.wp.com\/www.eltrabajo.cl\/portal\/wp-content\/uploads\/2015\/08\/fiscal-Eduardo-Fajardo-300x198.jpg?resize=300%2C198\" alt=\"El Fiscal Jefe Eduardo Fajardo indic\u00f3 que deber\u00e1 estudiar la sentencia del Tribunal para eventualmente interponer un recurso de nulidad al juicio.\" width=\"300\" height=\"198\" srcset=\"https:\/\/i0.wp.com\/eltrabajo.cl\/portal\/wp-content\/uploads\/2015\/08\/fiscal-Eduardo-Fajardo.jpg?resize=300%2C198&amp;ssl=1 300w, https:\/\/i0.wp.com\/eltrabajo.cl\/portal\/wp-content\/uploads\/2015\/08\/fiscal-Eduardo-Fajardo.jpg?resize=200%2C132&amp;ssl=1 200w, https:\/\/i0.wp.com\/eltrabajo.cl\/portal\/wp-content\/uploads\/2015\/08\/fiscal-Eduardo-Fajardo.jpg?resize=228%2C150&amp;ssl=1 228w, https:\/\/i0.wp.com\/eltrabajo.cl\/portal\/wp-content\/uploads\/2015\/08\/fiscal-Eduardo-Fajardo.jpg?resize=400%2C263&amp;ssl=1 400w, https:\/\/i0.wp.com\/eltrabajo.cl\/portal\/wp-content\/uploads\/2015\/08\/fiscal-Eduardo-Fajardo.jpg?w=530&amp;ssl=1 530w\" sizes=\"auto, (max-width: 300px) 100vw, 300px\" \/><\/a><figcaption id=\"caption-attachment-60873\" class=\"wp-caption-text\">El Fiscal Jefe Eduardo Fajardo indic\u00f3 que deber\u00e1 estudiar la sentencia del Tribunal para eventualmente interponer un recurso de nulidad al juicio.<\/figcaption><\/figure>\n<p>El Trabajo que deber\u00e1 estudiar el fallo del Tribunal detenidamente para entender la aplicaci\u00f3n de esta pena y en este sentido poder evaluar o no el recurrir a un recurso de nulidad en caso que lo amerite.<\/p>\n<p><strong>NOCHE FATAL<\/strong><br \/>\nLos hechos de la acusaci\u00f3n se remontan al 22 de marzo de 2014, cuando Michell Lazo N\u00fa\u00f1ez conduc\u00eda su veh\u00edculo marca Volkwagen Gol G3 placa patente VR 18-61, acompa\u00f1ado de tres personas luego de haber consumido gran cantidad de alcohol.<br \/>\nFue a eso de las 06:00 de la madrugada cuando el conductor del m\u00f3vil trasladaba a sus amigos desplaz\u00e1ndose por la avenida Enc\u00f3n de San Felipe, circunstancia en la cual, en una mala maniobra por un aparente exceso de velocidad, el veh\u00edculo se estrell\u00f3 violentamente contra un poste del alumbrado p\u00fablico.<br \/>\nA consecuencia de este fatal accidente falleci\u00f3 en forma instant\u00e1nea, Sebasti\u00e1n Rodrigo Calder\u00f3n Tapia (20 a\u00f1os), ex alumno del Liceo Industrial de San Felipe e integrante del Club Paladines de Rugby de la comuna de San Felipe, enlutando a una familia que a\u00fan entristecida lamenta su fatal partida.<br \/>\nAdem\u00e1s, dentro del veh\u00edculo retorcido por el accidente viajaba la joven de 21 a\u00f1os de edad identificada como Araceli Galdames Sol\u00eds, quien result\u00f3 lesionada de consideraci\u00f3n junto a Mayra Fuentes Maldonado (26), quien termin\u00f3 con heridas y fracturas grav\u00edsimas, debiendo ambas ser trasladadas hasta la Unidad de Cuidados Intensivos UCI del Hospital San Camilo de San Felipe.<br \/>\nSeg\u00fan la alcoholemia de rigor que se le practic\u00f3 al conductor del autom\u00f3vil, \u00e9sta arroj\u00f3 2,23 gramos de alcohol por litro de sangre.<br \/>\nComo se recordar\u00e1 Mayra Fuentes, joven madre que sobrevivi\u00f3 a esta tragedia, actualmente sufre graves secuelas luego de haber permanecido conectada a un respirador artificial, tras las m\u00faltiples fracturas en su cuerpo, la perforaci\u00f3n en sus pulmones y un traumatismo enc\u00e9falo craneano.<br \/>\nMayra, luego de ser dada de alta de la UCI del Hospital San Camilo, ha debido sobrellevar los irreversibles da\u00f1os neurol\u00f3gicos que a\u00fan persisten, lo que le impide caminar normalmente, olvidando por completo esa horrible noche de carrete juvenil debido a la p\u00e9rdida de memoria a consecuencia del grav\u00edsimo accidente.<br \/>\n<strong>Pablo Salinas Sald\u00edas<\/strong><\/p>\n","protected":false},"excerpt":{"rendered":"<p>En la madrugada del 22 de marzo del 2014, Michell Lazo N\u00fa\u00f1ez conduc\u00eda bajo los efectos del alcohol estrell\u00e1ndose contra un poste de alumbrado p\u00fablico en avenida Enc\u00f3n de San Felipe, falleciendo&#8230;<\/p>\n","protected":false},"author":482,"featured_media":60872,"comment_status":"open","ping_status":"open","sticky":false,"template":"","format":"standard","meta":{"advanced_seo_description":"","jetpack_seo_html_title":"","jetpack_seo_noindex":false,"_jetpack_memberships_contains_paid_content":false,"footnotes":""},"categories":[21],"tags":[],"class_list":["post-60871","post","type-post","status-publish","format-standard","has-post-thumbnail","hentry","category-policial"],"jetpack_featured_media_url":"https:\/\/i0.wp.com\/eltrabajo.cl\/portal\/wp-content\/uploads\/2015\/08\/sebastian-y-mayra-copia.jpg?fit=530%2C350&ssl=1","jetpack_sharing_enabled":true,"jetpack_likes_enabled":true,"jetpack-related-posts":[],"_links":{"self":[{"href":"https:\/\/eltrabajo.cl\/portal\/wp-json\/wp\/v2\/posts\/60871","targetHints":{"allow":["GET"]}}],"collection":[{"href":"https:\/\/eltrabajo.cl\/portal\/wp-json\/wp\/v2\/posts"}],"about":[{"href":"https:\/\/eltrabajo.cl\/portal\/wp-json\/wp\/v2\/types\/post"}],"author":[{"embeddable":true,"href":"https:\/\/eltrabajo.cl\/portal\/wp-json\/wp\/v2\/users\/482"}],"replies":[{"embeddable":true,"href":"https:\/\/eltrabajo.cl\/portal\/wp-json\/wp\/v2\/comments?post=60871"}],"version-history":[{"count":0,"href":"https:\/\/eltrabajo.cl\/portal\/wp-json\/wp\/v2\/posts\/60871\/revisions"}],"wp:featuredmedia":[{"embeddable":true,"href":"https:\/\/eltrabajo.cl\/portal\/wp-json\/wp\/v2\/media\/60872"}],"wp:attachment":[{"href":"https:\/\/eltrabajo.cl\/portal\/wp-json\/wp\/v2\/media?parent=60871"}],"wp:term":[{"taxonomy":"category","embeddable":true,"href":"https:\/\/eltrabajo.cl\/portal\/wp-json\/wp\/v2\/categories?post=60871"},{"taxonomy":"post_tag","embeddable":true,"href":"https:\/\/eltrabajo.cl\/portal\/wp-json\/wp\/v2\/tags?post=60871"}],"curies":[{"name":"wp","href":"https:\/\/api.w.org\/{rel}","templated":true}]}}