{"id":60879,"date":"2015-08-12T10:20:37","date_gmt":"2015-08-12T13:20:37","guid":{"rendered":"http:\/\/www.eltrabajo.cl\/portal\/?p=60879"},"modified":"2015-08-12T10:21:25","modified_gmt":"2015-08-12T13:21:25","slug":"llaman-a-participar-de-septimo-concurso-fotografico-de-lactancia-materna","status":"publish","type":"post","link":"https:\/\/eltrabajo.cl\/portal\/llaman-a-participar-de-septimo-concurso-fotografico-de-lactancia-materna\/","title":{"rendered":"Llaman a participar de S\u00e9ptimo Concurso Fotogr\u00e1fico de Lactancia Materna"},"content":{"rendered":"<figure id=\"attachment_60880\" aria-describedby=\"caption-attachment-60880\" style=\"width: 300px\" class=\"wp-caption alignleft\"><a href=\"https:\/\/i0.wp.com\/www.eltrabajo.cl\/portal\/wp-content\/uploads\/2015\/08\/Afiche-lactancia-materna.jpg\"><img data-recalc-dims=\"1\" loading=\"lazy\" decoding=\"async\" class=\"wp-image-60880 size-medium\" src=\"https:\/\/i0.wp.com\/www.eltrabajo.cl\/portal\/wp-content\/uploads\/2015\/08\/Afiche-lactancia-materna-300x197.jpg?resize=300%2C197\" alt=\"Las inscripciones para el concurso fotogr\u00e1fico se extender\u00e1n hasta el 14 de agosto, y tendr\u00e1 su premiaci\u00f3n el d\u00eda 27 del mismo mes.\" width=\"300\" height=\"197\" srcset=\"https:\/\/i0.wp.com\/eltrabajo.cl\/portal\/wp-content\/uploads\/2015\/08\/Afiche-lactancia-materna.jpg?resize=300%2C197&amp;ssl=1 300w, https:\/\/i0.wp.com\/eltrabajo.cl\/portal\/wp-content\/uploads\/2015\/08\/Afiche-lactancia-materna.jpg?resize=200%2C131&amp;ssl=1 200w, https:\/\/i0.wp.com\/eltrabajo.cl\/portal\/wp-content\/uploads\/2015\/08\/Afiche-lactancia-materna.jpg?resize=228%2C150&amp;ssl=1 228w, https:\/\/i0.wp.com\/eltrabajo.cl\/portal\/wp-content\/uploads\/2015\/08\/Afiche-lactancia-materna.jpg?resize=400%2C263&amp;ssl=1 400w, https:\/\/i0.wp.com\/eltrabajo.cl\/portal\/wp-content\/uploads\/2015\/08\/Afiche-lactancia-materna.jpg?w=530&amp;ssl=1 530w\" sizes=\"auto, (max-width: 300px) 100vw, 300px\" \/><\/a><figcaption id=\"caption-attachment-60880\" class=\"wp-caption-text\">Las inscripciones para el concurso fotogr\u00e1fico se extender\u00e1n hasta el 14 de agosto, y tendr\u00e1 su premiaci\u00f3n el d\u00eda 27 del mismo mes.<\/figcaption><\/figure>\n<ul>\n<li><strong>Actividad dirigida a madres de ni\u00f1os menores de un a\u00f1o, establecimientos de la Red Asistencial y Salas Cunas de establecimientos dependientes del Servicio de Salud Aconcagua.<\/strong><\/li>\n<\/ul>\n<p>Por s\u00e9ptimo a\u00f1o consecutivo, el Servicio de Salud Aconcagua abri\u00f3 las inscripciones para este concurso fotogr\u00e1fico a partir del 27 de julio y que se extender\u00e1 hasta el 14 de agosto, y tendr\u00e1 su premiaci\u00f3n el d\u00eda 27 del mismo mes, en el marco de la celebraci\u00f3n del mes de la Lactancia Materna. Para este a\u00f1o, el concurso tiene como slogan \u2018Amamantar y Trabajar: \u00a1Logremos que sea posible!\u2019 y est\u00e1 dirigido a las madres de las Provincias de San Felipe y Los Andes. La fotograf\u00eda ganadora ser\u00e1 parte de la campa\u00f1a promocional de la lactancia en todos los establecimientos pertenecientes al Servicio de Salud Aconcagua.<br \/>\nLas fotograf\u00edas seleccionadas deben corresponder, a madres e hijos en situaci\u00f3n de amamantamiento de ni\u00f1os menores de seis meses con Lactancia Materna Exclusiva y\/o menores de un a\u00f1o con Lactancia Materna Complementaria a la alimentaci\u00f3n s\u00f3lida. Menores fotografiados con un a\u00f1o cumplido al 30 de junio de 2015. Donde la innovaci\u00f3n deber\u00e1 estar dada por la demostraci\u00f3n del apego y v\u00ednculo, el entorno, resto del grupo familiar integrado o lo que los\/as participantes estimen que le dar\u00e1 a la fotograf\u00eda un significado especial. Las fotos deben ser en formato JPG de alta resoluci\u00f3n, contar con un m\u00ednimo de 3 Mb, no pudiendo superar los 10 Mb.<br \/>\nSe realizar\u00e1 una selecci\u00f3n de las 20 mejores fotos recibidas, por parte de una comisi\u00f3n t\u00e9cnica que represente a los establecimientos de Atenci\u00f3n Primaria y Secundaria de la Red Asistencial, junto a asesores del Servicio de Salud, quienes har\u00e1n el rol de jueces del concurso y elegir\u00e1n las fotograf\u00edas ganadoras del primer, segundo y tercer lugar, los dem\u00e1s postulantes recibir\u00e1n un reconocimiento por su participaci\u00f3n.<br \/>\nEl objetivo de esta iniciativa es responder a la necesidad de fomentar la Lactancia Materna exclusiva hasta el sexto mes de vida, relevar la importancia de la Lactancia Materna tanto para el hijo como para la madre y participar de manera innovadora de las actividades programadas en conmemoraci\u00f3n de la Semana Mundial de la Lactancia Materna.<br \/>\nLas bases y requisitos de postulaci\u00f3n del concurso se encontrar\u00e1n disponibles en la p\u00e1gina web de la instituci\u00f3n www.serviciodesaludaconcagua.cl y en el establecimiento de salud correspondiente al domicilio, hasta el 14 agosto del presente a\u00f1o.<\/p>\n","protected":false},"excerpt":{"rendered":"<p>Actividad dirigida a madres de ni\u00f1os menores de un a\u00f1o, establecimientos de la Red Asistencial y Salas Cunas de establecimientos dependientes del Servicio de Salud Aconcagua. Por s\u00e9ptimo a\u00f1o consecutivo, el Servicio&#8230;<\/p>\n","protected":false},"author":482,"featured_media":60880,"comment_status":"open","ping_status":"open","sticky":false,"template":"","format":"standard","meta":{"advanced_seo_description":"","jetpack_seo_html_title":"","jetpack_seo_noindex":false,"_jetpack_memberships_contains_paid_content":false,"footnotes":""},"categories":[15],"tags":[],"class_list":["post-60879","post","type-post","status-publish","format-standard","has-post-thumbnail","hentry","category-comunidad"],"jetpack_featured_media_url":"https:\/\/i0.wp.com\/eltrabajo.cl\/portal\/wp-content\/uploads\/2015\/08\/Afiche-lactancia-materna.jpg?fit=530%2C348&ssl=1","jetpack_sharing_enabled":true,"jetpack_likes_enabled":true,"jetpack-related-posts":[],"_links":{"self":[{"href":"https:\/\/eltrabajo.cl\/portal\/wp-json\/wp\/v2\/posts\/60879","targetHints":{"allow":["GET"]}}],"collection":[{"href":"https:\/\/eltrabajo.cl\/portal\/wp-json\/wp\/v2\/posts"}],"about":[{"href":"https:\/\/eltrabajo.cl\/portal\/wp-json\/wp\/v2\/types\/post"}],"author":[{"embeddable":true,"href":"https:\/\/eltrabajo.cl\/portal\/wp-json\/wp\/v2\/users\/482"}],"replies":[{"embeddable":true,"href":"https:\/\/eltrabajo.cl\/portal\/wp-json\/wp\/v2\/comments?post=60879"}],"version-history":[{"count":0,"href":"https:\/\/eltrabajo.cl\/portal\/wp-json\/wp\/v2\/posts\/60879\/revisions"}],"wp:featuredmedia":[{"embeddable":true,"href":"https:\/\/eltrabajo.cl\/portal\/wp-json\/wp\/v2\/media\/60880"}],"wp:attachment":[{"href":"https:\/\/eltrabajo.cl\/portal\/wp-json\/wp\/v2\/media?parent=60879"}],"wp:term":[{"taxonomy":"category","embeddable":true,"href":"https:\/\/eltrabajo.cl\/portal\/wp-json\/wp\/v2\/categories?post=60879"},{"taxonomy":"post_tag","embeddable":true,"href":"https:\/\/eltrabajo.cl\/portal\/wp-json\/wp\/v2\/tags?post=60879"}],"curies":[{"name":"wp","href":"https:\/\/api.w.org\/{rel}","templated":true}]}}