{"id":60886,"date":"2015-08-12T10:24:42","date_gmt":"2015-08-12T13:24:42","guid":{"rendered":"http:\/\/www.eltrabajo.cl\/portal\/?p=60886"},"modified":"2015-08-12T10:24:42","modified_gmt":"2015-08-12T13:24:42","slug":"envian-ayuda-municipal-a-familias-anegadas-en-rio-blanco","status":"publish","type":"post","link":"https:\/\/eltrabajo.cl\/portal\/envian-ayuda-municipal-a-familias-anegadas-en-rio-blanco\/","title":{"rendered":"Env\u00edan ayuda municipal a familias anegadas en R\u00edo Blanco"},"content":{"rendered":"<figure id=\"attachment_60887\" aria-describedby=\"caption-attachment-60887\" style=\"width: 300px\" class=\"wp-caption alignleft\"><a href=\"https:\/\/i0.wp.com\/www.eltrabajo.cl\/portal\/wp-content\/uploads\/2015\/08\/ayuda-muni1.jpg\"><img data-recalc-dims=\"1\" loading=\"lazy\" decoding=\"async\" class=\"wp-image-60887 size-medium\" src=\"https:\/\/i0.wp.com\/www.eltrabajo.cl\/portal\/wp-content\/uploads\/2015\/08\/ayuda-muni1-300x198.jpg?resize=300%2C198\" alt=\"El municipio de Los Andes envi\u00f3 un cami\u00f3n con ayuda a familias anegadas en R\u00edo Blanco.\" width=\"300\" height=\"198\" srcset=\"https:\/\/i0.wp.com\/eltrabajo.cl\/portal\/wp-content\/uploads\/2015\/08\/ayuda-muni1.jpg?resize=300%2C198&amp;ssl=1 300w, https:\/\/i0.wp.com\/eltrabajo.cl\/portal\/wp-content\/uploads\/2015\/08\/ayuda-muni1.jpg?resize=200%2C132&amp;ssl=1 200w, https:\/\/i0.wp.com\/eltrabajo.cl\/portal\/wp-content\/uploads\/2015\/08\/ayuda-muni1.jpg?resize=228%2C150&amp;ssl=1 228w, https:\/\/i0.wp.com\/eltrabajo.cl\/portal\/wp-content\/uploads\/2015\/08\/ayuda-muni1.jpg?resize=400%2C263&amp;ssl=1 400w, https:\/\/i0.wp.com\/eltrabajo.cl\/portal\/wp-content\/uploads\/2015\/08\/ayuda-muni1.jpg?w=530&amp;ssl=1 530w\" sizes=\"auto, (max-width: 300px) 100vw, 300px\" \/><\/a><figcaption id=\"caption-attachment-60887\" class=\"wp-caption-text\">El municipio de Los Andes envi\u00f3 un cami\u00f3n con ayuda a familias anegadas en R\u00edo Blanco.<\/figcaption><\/figure>\n<ul>\n<li><strong>Alcalde destac\u00f3 el hecho que la ciudad resisti\u00f3 bien el \u00faltimo sistema frontal.<\/strong><\/li>\n<\/ul>\n<p><strong>LOS ANDES.-<\/strong> La Municipalidad de Los Andes envi\u00f3 un cami\u00f3n con colchonetas y materiales de construcci\u00f3n a las familias que se vieron afectadas por el anegamiento de sus viviendas durante el pasado sistema frontal.<br \/>\nAl respecto, el alcalde Mauricio Navarro indic\u00f3 que si bien se produjeron algunas inundaciones, \u00e9stas afectaron principalmente a los patios de los inmuebles y en un solo caso a un dormitorio de una vivienda.<br \/>\nA pesar de ello, la autoridad manifest\u00f3 que la ciudad resisti\u00f3 adecuadamente el embate del sistema frontal, recordando que hasta el domingo cayeron cerca de 75 mil\u00edmetros de agua.<br \/>\nPrecis\u00f3 que la Unidad de Emergencia debi\u00f3 acudir a 60 llamados domiciliarios durante el temporal, pero ninguno de mayor gravedad.<br \/>\nAsimismo, destac\u00f3 el trabajo realizado por el equipo de emergencias en cuanto a las labores preventivas como limpieza de sumidero de aguas lluvias y tambi\u00e9n al trabajo realizado en calle Arturo Prat donde se est\u00e1n llevado cabo los trabajos de pavimentaci\u00f3n donde se colocaron sacos de arena para desviar el curso de las aguas.<br \/>\nPor otra parte, el jefe comunal inform\u00f3 que el albergue municipal atendi\u00f3 a 25 personas y seguir\u00e1 brindando ayuda a las personas en situaci\u00f3n de calle ante las bajas temperaturas.<\/p>\n","protected":false},"excerpt":{"rendered":"<p>Alcalde destac\u00f3 el hecho que la ciudad resisti\u00f3 bien el \u00faltimo sistema frontal. LOS ANDES.- La Municipalidad de Los Andes envi\u00f3 un cami\u00f3n con colchonetas y materiales de construcci\u00f3n a las familias&#8230;<\/p>\n","protected":false},"author":482,"featured_media":60887,"comment_status":"open","ping_status":"open","sticky":false,"template":"","format":"standard","meta":{"advanced_seo_description":"","jetpack_seo_html_title":"","jetpack_seo_noindex":false,"_jetpack_memberships_contains_paid_content":false,"footnotes":""},"categories":[15],"tags":[],"class_list":["post-60886","post","type-post","status-publish","format-standard","has-post-thumbnail","hentry","category-comunidad"],"jetpack_featured_media_url":"https:\/\/i0.wp.com\/eltrabajo.cl\/portal\/wp-content\/uploads\/2015\/08\/ayuda-muni1.jpg?fit=530%2C349&ssl=1","jetpack_sharing_enabled":true,"jetpack_likes_enabled":true,"jetpack-related-posts":[],"_links":{"self":[{"href":"https:\/\/eltrabajo.cl\/portal\/wp-json\/wp\/v2\/posts\/60886","targetHints":{"allow":["GET"]}}],"collection":[{"href":"https:\/\/eltrabajo.cl\/portal\/wp-json\/wp\/v2\/posts"}],"about":[{"href":"https:\/\/eltrabajo.cl\/portal\/wp-json\/wp\/v2\/types\/post"}],"author":[{"embeddable":true,"href":"https:\/\/eltrabajo.cl\/portal\/wp-json\/wp\/v2\/users\/482"}],"replies":[{"embeddable":true,"href":"https:\/\/eltrabajo.cl\/portal\/wp-json\/wp\/v2\/comments?post=60886"}],"version-history":[{"count":0,"href":"https:\/\/eltrabajo.cl\/portal\/wp-json\/wp\/v2\/posts\/60886\/revisions"}],"wp:featuredmedia":[{"embeddable":true,"href":"https:\/\/eltrabajo.cl\/portal\/wp-json\/wp\/v2\/media\/60887"}],"wp:attachment":[{"href":"https:\/\/eltrabajo.cl\/portal\/wp-json\/wp\/v2\/media?parent=60886"}],"wp:term":[{"taxonomy":"category","embeddable":true,"href":"https:\/\/eltrabajo.cl\/portal\/wp-json\/wp\/v2\/categories?post=60886"},{"taxonomy":"post_tag","embeddable":true,"href":"https:\/\/eltrabajo.cl\/portal\/wp-json\/wp\/v2\/tags?post=60886"}],"curies":[{"name":"wp","href":"https:\/\/api.w.org\/{rel}","templated":true}]}}