{"id":60889,"date":"2015-08-12T10:26:21","date_gmt":"2015-08-12T13:26:21","guid":{"rendered":"http:\/\/www.eltrabajo.cl\/portal\/?p=60889"},"modified":"2015-08-12T10:26:21","modified_gmt":"2015-08-12T13:26:21","slug":"concejales-velaran-porque-no-existan-represalias-para-docentes-movilizados","status":"publish","type":"post","link":"https:\/\/eltrabajo.cl\/portal\/concejales-velaran-porque-no-existan-represalias-para-docentes-movilizados\/","title":{"rendered":"Concejales velar\u00e1n porque no existan represalias para docentes movilizados"},"content":{"rendered":"<figure id=\"attachment_60890\" aria-describedby=\"caption-attachment-60890\" style=\"width: 300px\" class=\"wp-caption alignleft\"><a href=\"https:\/\/i0.wp.com\/www.eltrabajo.cl\/portal\/wp-content\/uploads\/2015\/08\/profes-asistentes2.jpg\"><img data-recalc-dims=\"1\" loading=\"lazy\" decoding=\"async\" class=\"wp-image-60890 size-medium\" src=\"https:\/\/i0.wp.com\/www.eltrabajo.cl\/portal\/wp-content\/uploads\/2015\/08\/profes-asistentes2-300x198.jpg?resize=300%2C198\" alt=\"Aseguran que luchar\u00e1n para que no existan descuentos, persecuciones, ni represalias contra los profesores que se movilizaron.\" width=\"300\" height=\"198\" srcset=\"https:\/\/i0.wp.com\/eltrabajo.cl\/portal\/wp-content\/uploads\/2015\/08\/profes-asistentes2.jpg?resize=300%2C198&amp;ssl=1 300w, https:\/\/i0.wp.com\/eltrabajo.cl\/portal\/wp-content\/uploads\/2015\/08\/profes-asistentes2.jpg?resize=200%2C132&amp;ssl=1 200w, https:\/\/i0.wp.com\/eltrabajo.cl\/portal\/wp-content\/uploads\/2015\/08\/profes-asistentes2.jpg?resize=227%2C150&amp;ssl=1 227w, https:\/\/i0.wp.com\/eltrabajo.cl\/portal\/wp-content\/uploads\/2015\/08\/profes-asistentes2.jpg?resize=400%2C264&amp;ssl=1 400w, https:\/\/i0.wp.com\/eltrabajo.cl\/portal\/wp-content\/uploads\/2015\/08\/profes-asistentes2.jpg?w=530&amp;ssl=1 530w\" sizes=\"auto, (max-width: 300px) 100vw, 300px\" \/><\/a><figcaption id=\"caption-attachment-60890\" class=\"wp-caption-text\">Aseguran que luchar\u00e1n para que no existan descuentos, persecuciones, ni represalias contra los profesores que se movilizaron.<\/figcaption><\/figure>\n<ul>\n<li><strong>Adem\u00e1s se comprometieron a evitar que no existan represalias hacia los docentes que participaron de las movilizaciones<\/strong>.<\/li>\n<\/ul>\n<p><strong>LOS ANDES.<\/strong>&#8211; Por medio de una declaraci\u00f3n p\u00fablica, el Concejo Municipal de Los Andes dio a conocer a la comunidad andina su reconocimiento a las movilizaciones del profesorado y aseguraron que existe una evidente preocupaci\u00f3n por la situaci\u00f3n laboral de los docentes por lo que seguir\u00e1n fiscalizando para que no existan descuentos, persecuciones, ni represalias, como si existen lamentablemente en otras comunas del pa\u00eds, y no han existido en la nuestra, lo que demuestra un apoyo al magisterio y sus demandas.<br \/>\n\u00abEs nuestro deber informar que la situaci\u00f3n de deudas pendientes con los profesores han sido regularizadas, quedando un peque\u00f1o saldo pronto a solucionar, por ello es necesario informar que prontamente se cancelar\u00e1 las \u00faltimas cuotas del Bono SAE y la deuda que se tiene desde hace muchos a\u00f1os (m\u00e1s de 20 a\u00f1os) por el concepto de perfeccionamiento profesional con fondos de apoyo a la educaci\u00f3n p\u00fablica\u00bb, expresaron.<br \/>\nAl mismo tiempo indicaron que est\u00e1n preocupados por encontrar la mejor forma de recuperaci\u00f3n de las horas suspendidas por el paro y no se afecte a los miembros de la comunidad escolar. \u00abEs una constante preocupaci\u00f3n de este concejo, que se establezcan formas pedag\u00f3gicas para que nuestros estudiantes obtengan recuperaciones efectivas y eficientes para un mejor aprendizaje y no se vean agobiados con recuperaciones que atenten en sus aprendizajes y vida familiar\u00bb, agregaron.<br \/>\nAdem\u00e1s, \u00abqueremos agradecer a los padres y apoderados que han apoyado a sus profesores y han confirmado su convicci\u00f3n en la educaci\u00f3n p\u00fablica de nuestro pa\u00eds. En consecuencia el concejo municipal est\u00e1 trabajando para que existan las condiciones de una recuperaci\u00f3n con acuerdo con los apoderados, profesores y estudiantes poniendo en el centro la educaci\u00f3n eficiente de los alumnos y su motivaci\u00f3n para aprender m\u00e1s y mejor\u00bb, manifestaron en su declaraci\u00f3n.<br \/>\nPor \u00faltimo, sostuvieron que est\u00e1n atentos a las necesidades de las distintas unidades educativas de la comuna para apoyar y ayudar en mejorar las condiciones laborales, de infraestructura y educativas para seguir avanzando en una educaci\u00f3n p\u00fablica de calidad.<\/p>\n","protected":false},"excerpt":{"rendered":"<p>Adem\u00e1s se comprometieron a evitar que no existan represalias hacia los docentes que participaron de las movilizaciones. LOS ANDES.&#8211; Por medio de una declaraci\u00f3n p\u00fablica, el Concejo Municipal de Los Andes dio&#8230;<\/p>\n","protected":false},"author":482,"featured_media":60890,"comment_status":"open","ping_status":"open","sticky":false,"template":"","format":"standard","meta":{"advanced_seo_description":"","jetpack_seo_html_title":"","jetpack_seo_noindex":false,"_jetpack_memberships_contains_paid_content":false,"footnotes":""},"categories":[15],"tags":[],"class_list":["post-60889","post","type-post","status-publish","format-standard","has-post-thumbnail","hentry","category-comunidad"],"jetpack_featured_media_url":"https:\/\/i0.wp.com\/eltrabajo.cl\/portal\/wp-content\/uploads\/2015\/08\/profes-asistentes2.jpg?fit=530%2C350&ssl=1","jetpack_sharing_enabled":true,"jetpack_likes_enabled":true,"jetpack-related-posts":[],"_links":{"self":[{"href":"https:\/\/eltrabajo.cl\/portal\/wp-json\/wp\/v2\/posts\/60889","targetHints":{"allow":["GET"]}}],"collection":[{"href":"https:\/\/eltrabajo.cl\/portal\/wp-json\/wp\/v2\/posts"}],"about":[{"href":"https:\/\/eltrabajo.cl\/portal\/wp-json\/wp\/v2\/types\/post"}],"author":[{"embeddable":true,"href":"https:\/\/eltrabajo.cl\/portal\/wp-json\/wp\/v2\/users\/482"}],"replies":[{"embeddable":true,"href":"https:\/\/eltrabajo.cl\/portal\/wp-json\/wp\/v2\/comments?post=60889"}],"version-history":[{"count":0,"href":"https:\/\/eltrabajo.cl\/portal\/wp-json\/wp\/v2\/posts\/60889\/revisions"}],"wp:featuredmedia":[{"embeddable":true,"href":"https:\/\/eltrabajo.cl\/portal\/wp-json\/wp\/v2\/media\/60890"}],"wp:attachment":[{"href":"https:\/\/eltrabajo.cl\/portal\/wp-json\/wp\/v2\/media?parent=60889"}],"wp:term":[{"taxonomy":"category","embeddable":true,"href":"https:\/\/eltrabajo.cl\/portal\/wp-json\/wp\/v2\/categories?post=60889"},{"taxonomy":"post_tag","embeddable":true,"href":"https:\/\/eltrabajo.cl\/portal\/wp-json\/wp\/v2\/tags?post=60889"}],"curies":[{"name":"wp","href":"https:\/\/api.w.org\/{rel}","templated":true}]}}