{"id":60906,"date":"2015-08-12T10:38:30","date_gmt":"2015-08-12T13:38:30","guid":{"rendered":"http:\/\/www.eltrabajo.cl\/portal\/?p=60906"},"modified":"2015-08-12T10:38:30","modified_gmt":"2015-08-12T13:38:30","slug":"detienen-a-dos-traficantes-que-comercializaban-droga-en-llay-llay","status":"publish","type":"post","link":"https:\/\/eltrabajo.cl\/portal\/detienen-a-dos-traficantes-que-comercializaban-droga-en-llay-llay\/","title":{"rendered":"Detienen a dos traficantes que comercializaban droga en Llay Llay"},"content":{"rendered":"<figure id=\"attachment_60907\" aria-describedby=\"caption-attachment-60907\" style=\"width: 300px\" class=\"wp-caption alignleft\"><a href=\"https:\/\/i0.wp.com\/www.eltrabajo.cl\/portal\/wp-content\/uploads\/2015\/08\/foto-procedimiento-marihuana.jpg\"><img data-recalc-dims=\"1\" loading=\"lazy\" decoding=\"async\" class=\"wp-image-60907 size-medium\" src=\"https:\/\/i0.wp.com\/www.eltrabajo.cl\/portal\/wp-content\/uploads\/2015\/08\/foto-procedimiento-marihuana-300x197.jpg?resize=300%2C197\" alt=\"En los operativos efectuados durante el d\u00eda lunes, los efectivos policiales encontraron marihuana prensada y una escopeta recortada. \" width=\"300\" height=\"197\" srcset=\"https:\/\/i0.wp.com\/eltrabajo.cl\/portal\/wp-content\/uploads\/2015\/08\/foto-procedimiento-marihuana.jpg?resize=300%2C197&amp;ssl=1 300w, https:\/\/i0.wp.com\/eltrabajo.cl\/portal\/wp-content\/uploads\/2015\/08\/foto-procedimiento-marihuana.jpg?resize=200%2C131&amp;ssl=1 200w, https:\/\/i0.wp.com\/eltrabajo.cl\/portal\/wp-content\/uploads\/2015\/08\/foto-procedimiento-marihuana.jpg?resize=228%2C150&amp;ssl=1 228w, https:\/\/i0.wp.com\/eltrabajo.cl\/portal\/wp-content\/uploads\/2015\/08\/foto-procedimiento-marihuana.jpg?resize=400%2C263&amp;ssl=1 400w, https:\/\/i0.wp.com\/eltrabajo.cl\/portal\/wp-content\/uploads\/2015\/08\/foto-procedimiento-marihuana.jpg?w=530&amp;ssl=1 530w\" sizes=\"auto, (max-width: 300px) 100vw, 300px\" \/><\/a><figcaption id=\"caption-attachment-60907\" class=\"wp-caption-text\">En los operativos efectuados durante el d\u00eda lunes, los efectivos policiales encontraron marihuana prensada y una escopeta recortada.<\/figcaption><\/figure>\n<p>La Secci\u00f3n OS7 Aconcagua de Carabineros logr\u00f3 la detenci\u00f3n de dos individuos que se dedicaban al tr\u00e1fico de marihuana prensada paraguaya, en un operativo que se desarroll\u00f3 la tarde del lunes en la comuna de Llay Llay.<br \/>\nLas pesquisas se inician tras una orden de investigar de la Fiscal\u00eda Local San Felipe, la que se bas\u00f3 en una denuncia que sindicaba a una mujer apodada \u2018La Negra Sole\u2019 y a su conviviente identificado como \u2018El Julio\u2019, de estar dedic\u00e1ndose al tr\u00e1fico de droga en la localidad de El Salitre.<br \/>\nTras diligencias investigativas del caso, los efectivos policiales lograron corroborar la veracidad de las denuncias, encontrando en un domicilio del sector, 312 gramos 800 mil\u00edgramos de marihuana prensada y, adem\u00e1s, una escopeta recortada con 13 cartuchos.<br \/>\nEl detenido de iniciales J.A.G.Z. registraba ya cuatro detenciones por delitos de tr\u00e1fico de cannabis sativa en 2002, tr\u00e1fico il\u00edcito de drogas en 2008, tr\u00e1fico il\u00edcito en peque\u00f1as cantidades de estupefacientes en 2008 y autor de falta de porte o tenencia de drogas para uso o consumo personal. Asimismo, un tercer imputado manten\u00eda antecedentes por el mismo il\u00edcito, con condenas anteriores.<br \/>\nEn tanto, por instrucci\u00f3n del fiscal de turno, los individuos de iniciales J.A.G.Z. y J.A.R.V., pasaron durante la ma\u00f1ana de ayer martes a disposici\u00f3n del tribunal de garant\u00eda de San Felipe a su control de detenci\u00f3n de primera audiencia.<br \/>\nEl Fiscal Julio Palacios formaliz\u00f3 a los imputados por el delito de tr\u00e1fico de drogas, requiriendo para ambos la cautelar de prisi\u00f3n preventiva por representar un peligro para la salud de la sociedad. Adem\u00e1s a uno de los acusados se le imput\u00f3 el delito de tenencia ilegal de arma de fuego.<br \/>\nEl Tribunal accedi\u00f3 a la petici\u00f3n del Ministerio P\u00fablico decretando la m\u00e1xima cautelar de prisi\u00f3n preventiva por un plazo de 120 d\u00edas fijados para la investigaci\u00f3n.<\/p>\n","protected":false},"excerpt":{"rendered":"<p>La Secci\u00f3n OS7 Aconcagua de Carabineros logr\u00f3 la detenci\u00f3n de dos individuos que se dedicaban al tr\u00e1fico de marihuana prensada paraguaya, en un operativo que se desarroll\u00f3 la tarde del lunes en&#8230;<\/p>\n","protected":false},"author":482,"featured_media":60907,"comment_status":"open","ping_status":"open","sticky":false,"template":"","format":"standard","meta":{"advanced_seo_description":"","jetpack_seo_html_title":"","jetpack_seo_noindex":false,"_jetpack_memberships_contains_paid_content":false,"footnotes":""},"categories":[21],"tags":[],"class_list":["post-60906","post","type-post","status-publish","format-standard","has-post-thumbnail","hentry","category-policial"],"jetpack_featured_media_url":"https:\/\/i0.wp.com\/eltrabajo.cl\/portal\/wp-content\/uploads\/2015\/08\/foto-procedimiento-marihuana.jpg?fit=530%2C348&ssl=1","jetpack_sharing_enabled":true,"jetpack_likes_enabled":true,"jetpack-related-posts":[],"_links":{"self":[{"href":"https:\/\/eltrabajo.cl\/portal\/wp-json\/wp\/v2\/posts\/60906","targetHints":{"allow":["GET"]}}],"collection":[{"href":"https:\/\/eltrabajo.cl\/portal\/wp-json\/wp\/v2\/posts"}],"about":[{"href":"https:\/\/eltrabajo.cl\/portal\/wp-json\/wp\/v2\/types\/post"}],"author":[{"embeddable":true,"href":"https:\/\/eltrabajo.cl\/portal\/wp-json\/wp\/v2\/users\/482"}],"replies":[{"embeddable":true,"href":"https:\/\/eltrabajo.cl\/portal\/wp-json\/wp\/v2\/comments?post=60906"}],"version-history":[{"count":0,"href":"https:\/\/eltrabajo.cl\/portal\/wp-json\/wp\/v2\/posts\/60906\/revisions"}],"wp:featuredmedia":[{"embeddable":true,"href":"https:\/\/eltrabajo.cl\/portal\/wp-json\/wp\/v2\/media\/60907"}],"wp:attachment":[{"href":"https:\/\/eltrabajo.cl\/portal\/wp-json\/wp\/v2\/media?parent=60906"}],"wp:term":[{"taxonomy":"category","embeddable":true,"href":"https:\/\/eltrabajo.cl\/portal\/wp-json\/wp\/v2\/categories?post=60906"},{"taxonomy":"post_tag","embeddable":true,"href":"https:\/\/eltrabajo.cl\/portal\/wp-json\/wp\/v2\/tags?post=60906"}],"curies":[{"name":"wp","href":"https:\/\/api.w.org\/{rel}","templated":true}]}}