{"id":60914,"date":"2015-08-12T10:46:06","date_gmt":"2015-08-12T13:46:06","guid":{"rendered":"http:\/\/www.eltrabajo.cl\/portal\/?p=60914"},"modified":"2015-08-12T10:46:06","modified_gmt":"2015-08-12T13:46:06","slug":"adulto-mayor-desaparecido-fue-hallado-muerto-en-un-tranque","status":"publish","type":"post","link":"https:\/\/eltrabajo.cl\/portal\/adulto-mayor-desaparecido-fue-hallado-muerto-en-un-tranque\/","title":{"rendered":"Adulto Mayor desaparecido fue hallado muerto en un tranque"},"content":{"rendered":"<figure id=\"attachment_60915\" aria-describedby=\"caption-attachment-60915\" style=\"width: 300px\" class=\"wp-caption alignleft\"><a href=\"https:\/\/i0.wp.com\/www.eltrabajo.cl\/portal\/wp-content\/uploads\/2015\/08\/SITIO-DEL-HALLAZGO.jpg\"><img data-recalc-dims=\"1\" loading=\"lazy\" decoding=\"async\" class=\"wp-image-60915 size-medium\" src=\"https:\/\/i0.wp.com\/www.eltrabajo.cl\/portal\/wp-content\/uploads\/2015\/08\/SITIO-DEL-HALLAZGO-300x198.jpg?resize=300%2C198\" alt=\"Al lugar concurri\u00f3 personal de Bomberos, Carabineros de la Tenencia de Santa Mar\u00eda y la Brigada de Homicidios de Los Andes.\" width=\"300\" height=\"198\" srcset=\"https:\/\/i0.wp.com\/eltrabajo.cl\/portal\/wp-content\/uploads\/2015\/08\/SITIO-DEL-HALLAZGO.jpg?resize=300%2C198&amp;ssl=1 300w, https:\/\/i0.wp.com\/eltrabajo.cl\/portal\/wp-content\/uploads\/2015\/08\/SITIO-DEL-HALLAZGO.jpg?resize=200%2C132&amp;ssl=1 200w, https:\/\/i0.wp.com\/eltrabajo.cl\/portal\/wp-content\/uploads\/2015\/08\/SITIO-DEL-HALLAZGO.jpg?resize=228%2C150&amp;ssl=1 228w, https:\/\/i0.wp.com\/eltrabajo.cl\/portal\/wp-content\/uploads\/2015\/08\/SITIO-DEL-HALLAZGO.jpg?resize=400%2C263&amp;ssl=1 400w, https:\/\/i0.wp.com\/eltrabajo.cl\/portal\/wp-content\/uploads\/2015\/08\/SITIO-DEL-HALLAZGO.jpg?w=530&amp;ssl=1 530w\" sizes=\"auto, (max-width: 300px) 100vw, 300px\" \/><\/a><figcaption id=\"caption-attachment-60915\" class=\"wp-caption-text\">Al lugar concurri\u00f3 personal de Bomberos, Carabineros de la Tenencia de Santa Mar\u00eda y la Brigada de Homicidios de Los Andes.<\/figcaption><\/figure>\n<ul>\n<li><strong>Familiares de Segundo Del Carmen Mu\u00f1oz Romero denunciaron ante Carabineros en Santa Mar\u00eda una presunta desgracia luego que adulto mayor no regres\u00f3 a su casa el pasado lunes tras sus habituales caminatas desde su domicilio en el sector El Pino.<\/strong><\/li>\n<\/ul>\n<p>Pasado el mediod\u00eda de ayer martes fue hallado el cuerpo sin vida de un adulto mayor de 82 a\u00f1os de edad identificado como Segundo Del Carmen Mu\u00f1oz Romero, quien se encontraba desaparecido desde este lunes. El anciano fue encontrado inmerso en un tranque ubicado al interior del Fundo Los \u00c1lamos en el sector \u2018Las Tres Juntas\u2019 de la comuna de Santa Mar\u00eda.<br \/>\nEl cuerpo del malogrado adulto mayor fue descubierto por unos transe\u00fantes que alertaron a personal de Bomberos y Carabineros de la Tenencia de esa comuna, informando la presencia de un cuerpo flotando sobre las aguas del tranque.<\/p>\n<figure id=\"attachment_60916\" aria-describedby=\"caption-attachment-60916\" style=\"width: 300px\" class=\"wp-caption alignright\"><a href=\"https:\/\/i0.wp.com\/www.eltrabajo.cl\/portal\/wp-content\/uploads\/2015\/08\/SITIO-DEL-HALLAZGO-1.jpg\"><img data-recalc-dims=\"1\" loading=\"lazy\" decoding=\"async\" class=\"wp-image-60916 size-medium\" src=\"https:\/\/i0.wp.com\/www.eltrabajo.cl\/portal\/wp-content\/uploads\/2015\/08\/SITIO-DEL-HALLAZGO-1-300x197.jpg?resize=300%2C197\" alt=\"Efectivos policiales de la PDI efectuaron las diligencias tendientes a esclarecer el hallazgo del cuerpo del adulto mayor al interior del tranque ubicado en el sector \u2018Las Tres Juntas\u2019 de la comuna de Santa Mar\u00eda la tarde de este martes.\" width=\"300\" height=\"197\" srcset=\"https:\/\/i0.wp.com\/eltrabajo.cl\/portal\/wp-content\/uploads\/2015\/08\/SITIO-DEL-HALLAZGO-1.jpg?resize=300%2C197&amp;ssl=1 300w, https:\/\/i0.wp.com\/eltrabajo.cl\/portal\/wp-content\/uploads\/2015\/08\/SITIO-DEL-HALLAZGO-1.jpg?resize=200%2C131&amp;ssl=1 200w, https:\/\/i0.wp.com\/eltrabajo.cl\/portal\/wp-content\/uploads\/2015\/08\/SITIO-DEL-HALLAZGO-1.jpg?resize=228%2C150&amp;ssl=1 228w, https:\/\/i0.wp.com\/eltrabajo.cl\/portal\/wp-content\/uploads\/2015\/08\/SITIO-DEL-HALLAZGO-1.jpg?resize=400%2C263&amp;ssl=1 400w, https:\/\/i0.wp.com\/eltrabajo.cl\/portal\/wp-content\/uploads\/2015\/08\/SITIO-DEL-HALLAZGO-1.jpg?w=530&amp;ssl=1 530w\" sizes=\"auto, (max-width: 300px) 100vw, 300px\" \/><\/a><figcaption id=\"caption-attachment-60916\" class=\"wp-caption-text\">Efectivos policiales de la PDI efectuaron las diligencias tendientes a esclarecer el hallazgo del cuerpo del adulto mayor al interior del tranque ubicado en el sector \u2018Las Tres Juntas\u2019 de la comuna de Santa Mar\u00eda la tarde de este martes.<\/figcaption><\/figure>\n<p>Por disposici\u00f3n de la Fiscal\u00eda de San Felipe, se instruyeron las diligencias de la Brigada de Homicidios de la Polic\u00eda de Investigaciones de Los Andes para iniciar las correspondientes indagaciones sobre el hallazgo del occiso en ese lugar.<br \/>\nSeg\u00fan los primeros antecedentes proporcionados por los familiares de la v\u00edctima a los efectivos policiales, Segundo Mu\u00f1oz padec\u00eda de alzheimer y no estaba siendo tratado, y \u00e9l habitualmente sal\u00eda a caminar abandonando su domicilio ubicado en el sector El Pino en Santa Mar\u00eda, regresando posteriormente hasta su vivienda.<br \/>\nSin embargo el pasado lunes el adulto mayor, al realizar su caminata por la comuna, se habr\u00eda dirigido hasta el sector de \u2018Las Tres Juntas\u2019. Se presume que se habr\u00eda desorientado, lo que le habr\u00eda impedido regresar hasta su morada.<br \/>\nEstos indicios har\u00edan suponer que el hombre habr\u00eda ca\u00eddo accidentalmente a las aguas del canal de regad\u00edo que aument\u00f3 su caudal producto del pasado sistema frontal que afect\u00f3 a la zona central del pa\u00eds.<br \/>\nDebido a su avanzada edad y la oscuridad de la noche, la v\u00edctima se ahog\u00f3 al caer al interior del tranque, falleciendo lamentablemente a los pocos minutos.<br \/>\nLas labores policiales se extendieron hasta pasadas las 15:00 horas de ayer martes, determinando en primera instancia que el cuerpo del fallecido no presentaba indicios de intervenci\u00f3n de terceras personas en los hechos, seg\u00fan inform\u00f3 a Diario El Trabajo el Comisario de Investigaciones, Gino Guti\u00e9rrez.<br \/>\n\u201cEs una persona que ten\u00eda p\u00e9rdida de conciencia, vale decir una suerte de alzheimer que no estaba tratada. \u00c9l sali\u00f3 de su casa a caminar sin retorno en su horario habitual, fue as\u00ed que su familia curs\u00f3 una denuncia por presunta desgracia. El d\u00eda de hoy (ayer), a eso del mediod\u00eda, Bomberos que estaba alertado sobre la situaci\u00f3n, lo encontr\u00f3 flotando sobre un tranque al interior del Fundo \u2018El Alamo\u2019. En primera instancia no se establece la participaci\u00f3n de terceras personas. Ten\u00eda sintomatolog\u00eda asf\u00edxica que es un indicativo que se ahog\u00f3 por las aguas, por inmersi\u00f3n\u201d, precis\u00f3 el oficial policial.<br \/>\nLa causal exacta de muerte deber\u00e1 ser ratificada por el Servicio M\u00e9dico Legal de San Felipe tras levantar el cuerpo desde el lugar de los hechos para ser sometido a la correspondiente autopsia de rigor y posteriormente ser entregado a sus familiares.<br \/>\n<strong>Pablo Salinas Sald\u00edas<\/strong><\/p>\n","protected":false},"excerpt":{"rendered":"<p>Familiares de Segundo Del Carmen Mu\u00f1oz Romero denunciaron ante Carabineros en Santa Mar\u00eda una presunta desgracia luego que adulto mayor no regres\u00f3 a su casa el pasado lunes tras sus habituales caminatas&#8230;<\/p>\n","protected":false},"author":482,"featured_media":60915,"comment_status":"open","ping_status":"open","sticky":false,"template":"","format":"standard","meta":{"advanced_seo_description":"","jetpack_seo_html_title":"","jetpack_seo_noindex":false,"_jetpack_memberships_contains_paid_content":false,"footnotes":""},"categories":[21],"tags":[],"class_list":["post-60914","post","type-post","status-publish","format-standard","has-post-thumbnail","hentry","category-policial"],"jetpack_featured_media_url":"https:\/\/i0.wp.com\/eltrabajo.cl\/portal\/wp-content\/uploads\/2015\/08\/SITIO-DEL-HALLAZGO.jpg?fit=530%2C349&ssl=1","jetpack_sharing_enabled":true,"jetpack_likes_enabled":true,"jetpack-related-posts":[],"_links":{"self":[{"href":"https:\/\/eltrabajo.cl\/portal\/wp-json\/wp\/v2\/posts\/60914","targetHints":{"allow":["GET"]}}],"collection":[{"href":"https:\/\/eltrabajo.cl\/portal\/wp-json\/wp\/v2\/posts"}],"about":[{"href":"https:\/\/eltrabajo.cl\/portal\/wp-json\/wp\/v2\/types\/post"}],"author":[{"embeddable":true,"href":"https:\/\/eltrabajo.cl\/portal\/wp-json\/wp\/v2\/users\/482"}],"replies":[{"embeddable":true,"href":"https:\/\/eltrabajo.cl\/portal\/wp-json\/wp\/v2\/comments?post=60914"}],"version-history":[{"count":0,"href":"https:\/\/eltrabajo.cl\/portal\/wp-json\/wp\/v2\/posts\/60914\/revisions"}],"wp:featuredmedia":[{"embeddable":true,"href":"https:\/\/eltrabajo.cl\/portal\/wp-json\/wp\/v2\/media\/60915"}],"wp:attachment":[{"href":"https:\/\/eltrabajo.cl\/portal\/wp-json\/wp\/v2\/media?parent=60914"}],"wp:term":[{"taxonomy":"category","embeddable":true,"href":"https:\/\/eltrabajo.cl\/portal\/wp-json\/wp\/v2\/categories?post=60914"},{"taxonomy":"post_tag","embeddable":true,"href":"https:\/\/eltrabajo.cl\/portal\/wp-json\/wp\/v2\/tags?post=60914"}],"curies":[{"name":"wp","href":"https:\/\/api.w.org\/{rel}","templated":true}]}}