{"id":60918,"date":"2015-08-13T09:26:17","date_gmt":"2015-08-13T12:26:17","guid":{"rendered":"http:\/\/www.eltrabajo.cl\/portal\/?p=60918"},"modified":"2015-08-13T09:26:17","modified_gmt":"2015-08-13T12:26:17","slug":"contratistas-suspenden-paro-por-dos-semanas-tras-instalar-mesa-de-dialogo","status":"publish","type":"post","link":"https:\/\/eltrabajo.cl\/portal\/contratistas-suspenden-paro-por-dos-semanas-tras-instalar-mesa-de-dialogo\/","title":{"rendered":"Contratistas suspenden paro por dos semanas tras instalar mesa de di\u00e1logo"},"content":{"rendered":"<figure id=\"attachment_60919\" aria-describedby=\"caption-attachment-60919\" style=\"width: 300px\" class=\"wp-caption alignleft\"><a href=\"https:\/\/i0.wp.com\/www.eltrabajo.cl\/portal\/wp-content\/uploads\/2015\/08\/tregua-ctc3.jpg\"><img data-recalc-dims=\"1\" loading=\"lazy\" decoding=\"async\" class=\"wp-image-60919 size-medium\" src=\"https:\/\/i0.wp.com\/www.eltrabajo.cl\/portal\/wp-content\/uploads\/2015\/08\/tregua-ctc3-300x198.jpg?resize=300%2C198\" alt=\"Trabajadores contratistas suspendieron el paro por dos semanas luego de acuerdo con Codelco y Agema a fin de instaurar una mesa de di\u00e1logo.\" width=\"300\" height=\"198\" srcset=\"https:\/\/i0.wp.com\/eltrabajo.cl\/portal\/wp-content\/uploads\/2015\/08\/tregua-ctc3.jpg?resize=300%2C198&amp;ssl=1 300w, https:\/\/i0.wp.com\/eltrabajo.cl\/portal\/wp-content\/uploads\/2015\/08\/tregua-ctc3.jpg?resize=200%2C132&amp;ssl=1 200w, https:\/\/i0.wp.com\/eltrabajo.cl\/portal\/wp-content\/uploads\/2015\/08\/tregua-ctc3.jpg?resize=228%2C150&amp;ssl=1 228w, https:\/\/i0.wp.com\/eltrabajo.cl\/portal\/wp-content\/uploads\/2015\/08\/tregua-ctc3.jpg?resize=400%2C263&amp;ssl=1 400w, https:\/\/i0.wp.com\/eltrabajo.cl\/portal\/wp-content\/uploads\/2015\/08\/tregua-ctc3.jpg?w=530&amp;ssl=1 530w\" sizes=\"auto, (max-width: 300px) 100vw, 300px\" \/><\/a><figcaption id=\"caption-attachment-60919\" class=\"wp-caption-text\">Trabajadores contratistas suspendieron el paro por dos semanas luego de acuerdo con Codelco y Agema a fin de instaurar una mesa de di\u00e1logo.<\/figcaption><\/figure>\n<ul>\n<li><strong>Las empresas contratistas se comprometieron a no aplicar represalias en contra de los trabajadores.<\/strong><\/li>\n<\/ul>\n<p><strong>LOS ANDES.<\/strong>&#8211; Durante dos semanas se ser\u00e1 suspendida la movilizaci\u00f3n de los trabajadores contratistas luego que llegaran a un acuerdo con Codelco y Agema a fin de instaurar una mesa de di\u00e1logo.<br \/>\nDe esta forma los trabajadores contratistas retornar\u00e1n a sus labores, mientras que las empresas contratistas se comprometieron a no aplicar represalias contra los trabajadores movilizados, en lo relativo a despidos o persecuci\u00f3n de los mismos.<br \/>\nCon el t\u00e9rmino de las movilizaciones, las partes podr\u00e1n instalar una mesa de di\u00e1logo en el breve plazo e iniciar el proceso de revisi\u00f3n del Acuerdo Marco, ci\u00f1\u00e9ndose a los criterios establecidos por el Directorio de la Corporaci\u00f3n.<br \/>\nEl di\u00e1logo tendr\u00e1 por tarea promover condiciones para abordar el conjunto de desaf\u00edos, buscando soluciones de largo plazo, que generen valor para Codelco, para las empresas contratistas, los trabajadores y para Chile.<br \/>\nSobre este acuerdo que permite poner fin transitoriamente a las movilizaciones, el Vicepresidente de la Confederaci\u00f3n de Trabajadores del Cobre, Emilio Z\u00e1rate, expuso que los trabajadores contratistas est\u00e1n dando muestra de que est\u00e1n dispuestos al di\u00e1logo sacando este acuerdo en com\u00fan con Agema y Codelco que garantiza la constituci\u00f3n de una mesa para tratar los temas del acuerdo marco y la ampliaci\u00f3n y mejoramiento de \u00e9ste.<br \/>\n\u201cNos sentimos bastante satisfechos porque al final lo que prim\u00f3 fue la verdad, porque el di\u00e1logo se va a instalar sobre la base que somos trabajadores, se nos reconoce el derecho como tal, que prestamos un servicio fundamental en Codelco desde los servicios m\u00e1s simple a los m\u00e1s complejos dentro de la operaci\u00f3n minera y hemos dado un paso importante en la reivindicaci\u00f3n de nuestros derechos laborales\u201d, expres\u00f3 Z\u00e1rate.<br \/>\nEl dirigente remarc\u00f3 la fuerza que tiene la CTC como organismo sindical para luchar por los derechos de sus asociados.<br \/>\nPor su parte, el Presidente de la Fetramin, Guillermo Candia, afirm\u00f3 que como trabajadores estaban pidiendo a Codelco abordar tres puntos que son extremadamente sensibles para sus asociados como la ampliaci\u00f3n del acuerdo marco firmado en 2013, \u201cobtener que Codelco fuera facilitador y garante de este acuerdo y que no existieran represalias hacia los trabajadores movilizados en estos 22 d\u00edas de huelga\u201d.<br \/>\nA\u00f1adi\u00f3 que la asamblea de trabajadores en Los Andes entendi\u00f3 de buena forma este acuerdo alcanzado, \u201cya que la primera premisa de este paro fue instalar la mesa negociadora con Codelco y tenemos que advertir que este conflicto no se ha terminado, si estamos en una tregua para ratificar este acuerdo marco, pero si vemos que no hay avances no descartamos movilizarnos en un futuro cercano\u201d.<br \/>\nPuntualiz\u00f3 que al cabo de estas dos semanas la asamblea deber\u00e1 ratificar los alcances de los resultados de la mesa negociadora.<br \/>\nEl dirigente se\u00f1al\u00f3 que en el d\u00eda de hoy los trabajadores se ponen a disposici\u00f3n de sus empresas para la reanudaci\u00f3n de sus labores lo antes posible, \u201cpero esto es solo una tregua de 15 d\u00edas y si esta mesa se entrampa no descartamos movilizarnos\u201d.<br \/>\nA su vez, el vicepresidente de Asuntos Corporativos y Sustentabilidad de Codelco, Patricio Ch\u00e1vez Inostroza afirm\u00f3 que \u00abla voluntad demostrada por todos debe derivar en un acuerdo sustentable para el desarrollo de la empresa y el aporte que significa para el futuro de nuestro pa\u00eds\u00bb.<br \/>\n\u00abEl pronto t\u00e9rmino de las tomas es una buena noticia para la empresa, pero especialmente para los vecinos de El Salvador, para nuestros trabajadores y para todo Chile, ya que ha primado la voluntad de di\u00e1logo en pos de resguardar este patrimonio que es de todos\u00bb, indic\u00f3 por su parte Jos\u00e9 Robles, vicepresidente de Productividad y Costos de Codelco.<\/p>\n","protected":false},"excerpt":{"rendered":"<p>Las empresas contratistas se comprometieron a no aplicar represalias en contra de los trabajadores. LOS ANDES.&#8211; Durante dos semanas se ser\u00e1 suspendida la movilizaci\u00f3n de los trabajadores contratistas luego que llegaran a&#8230;<\/p>\n","protected":false},"author":482,"featured_media":60919,"comment_status":"open","ping_status":"open","sticky":false,"template":"","format":"standard","meta":{"advanced_seo_description":"","jetpack_seo_html_title":"","jetpack_seo_noindex":false,"_jetpack_memberships_contains_paid_content":false,"footnotes":""},"categories":[1],"tags":[],"class_list":["post-60918","post","type-post","status-publish","format-standard","has-post-thumbnail","hentry","category-cronica"],"jetpack_featured_media_url":"https:\/\/i0.wp.com\/eltrabajo.cl\/portal\/wp-content\/uploads\/2015\/08\/tregua-ctc3.jpg?fit=530%2C349&ssl=1","jetpack_sharing_enabled":true,"jetpack_likes_enabled":true,"jetpack-related-posts":[],"_links":{"self":[{"href":"https:\/\/eltrabajo.cl\/portal\/wp-json\/wp\/v2\/posts\/60918","targetHints":{"allow":["GET"]}}],"collection":[{"href":"https:\/\/eltrabajo.cl\/portal\/wp-json\/wp\/v2\/posts"}],"about":[{"href":"https:\/\/eltrabajo.cl\/portal\/wp-json\/wp\/v2\/types\/post"}],"author":[{"embeddable":true,"href":"https:\/\/eltrabajo.cl\/portal\/wp-json\/wp\/v2\/users\/482"}],"replies":[{"embeddable":true,"href":"https:\/\/eltrabajo.cl\/portal\/wp-json\/wp\/v2\/comments?post=60918"}],"version-history":[{"count":0,"href":"https:\/\/eltrabajo.cl\/portal\/wp-json\/wp\/v2\/posts\/60918\/revisions"}],"wp:featuredmedia":[{"embeddable":true,"href":"https:\/\/eltrabajo.cl\/portal\/wp-json\/wp\/v2\/media\/60919"}],"wp:attachment":[{"href":"https:\/\/eltrabajo.cl\/portal\/wp-json\/wp\/v2\/media?parent=60918"}],"wp:term":[{"taxonomy":"category","embeddable":true,"href":"https:\/\/eltrabajo.cl\/portal\/wp-json\/wp\/v2\/categories?post=60918"},{"taxonomy":"post_tag","embeddable":true,"href":"https:\/\/eltrabajo.cl\/portal\/wp-json\/wp\/v2\/tags?post=60918"}],"curies":[{"name":"wp","href":"https:\/\/api.w.org\/{rel}","templated":true}]}}