{"id":60921,"date":"2015-08-13T09:27:33","date_gmt":"2015-08-13T12:27:33","guid":{"rendered":"http:\/\/www.eltrabajo.cl\/portal\/?p=60921"},"modified":"2015-08-13T09:27:33","modified_gmt":"2015-08-13T12:27:33","slug":"inauguran-programa-pace-en-liceo-politecnico","status":"publish","type":"post","link":"https:\/\/eltrabajo.cl\/portal\/inauguran-programa-pace-en-liceo-politecnico\/","title":{"rendered":"Inauguran programa Pace en Liceo Polit\u00e9cnico"},"content":{"rendered":"<figure id=\"attachment_60922\" aria-describedby=\"caption-attachment-60922\" style=\"width: 300px\" class=\"wp-caption alignleft\"><a href=\"https:\/\/i0.wp.com\/www.eltrabajo.cl\/portal\/wp-content\/uploads\/2015\/08\/COMUNIDAD-EDUCATIVA.jpg\"><img data-recalc-dims=\"1\" loading=\"lazy\" decoding=\"async\" class=\"wp-image-60922 size-medium\" src=\"https:\/\/i0.wp.com\/www.eltrabajo.cl\/portal\/wp-content\/uploads\/2015\/08\/COMUNIDAD-EDUCATIVA-300x198.jpg?resize=300%2C198\" alt=\"Con charla informativa, inauguran programa Pace en Liceo Polit\u00e9cnico\" width=\"300\" height=\"198\" srcset=\"https:\/\/i0.wp.com\/eltrabajo.cl\/portal\/wp-content\/uploads\/2015\/08\/COMUNIDAD-EDUCATIVA.jpg?resize=300%2C198&amp;ssl=1 300w, https:\/\/i0.wp.com\/eltrabajo.cl\/portal\/wp-content\/uploads\/2015\/08\/COMUNIDAD-EDUCATIVA.jpg?resize=200%2C132&amp;ssl=1 200w, https:\/\/i0.wp.com\/eltrabajo.cl\/portal\/wp-content\/uploads\/2015\/08\/COMUNIDAD-EDUCATIVA.jpg?resize=228%2C150&amp;ssl=1 228w, https:\/\/i0.wp.com\/eltrabajo.cl\/portal\/wp-content\/uploads\/2015\/08\/COMUNIDAD-EDUCATIVA.jpg?resize=400%2C263&amp;ssl=1 400w, https:\/\/i0.wp.com\/eltrabajo.cl\/portal\/wp-content\/uploads\/2015\/08\/COMUNIDAD-EDUCATIVA.jpg?w=530&amp;ssl=1 530w\" sizes=\"auto, (max-width: 300px) 100vw, 300px\" \/><\/a><figcaption id=\"caption-attachment-60922\" class=\"wp-caption-text\">Con charla informativa, inauguran programa Pace en Liceo Polit\u00e9cnico<\/figcaption><\/figure>\n<p><strong>LLAY LLAY<\/strong>.- Con una charla informativa para toda la comunidad educativa, fue inaugurada la aplicaci\u00f3n del programa Pace en el Liceo Polit\u00e9cnico.<br \/>\nPace, es un programa de Acompa\u00f1amiento y Acceso Efectivo a la educaci\u00f3n superior, est\u00e1 dirigido a los mejores estudiantes de liceos vulnerables del pa\u00eds y busca el acceso a la educaci\u00f3n superior; por medio de la preparaci\u00f3n, nivelaci\u00f3n en los primeros a\u00f1os y permanencia para asegurar la titulaci\u00f3n.<br \/>\nSof\u00eda Valle, Presidenta del Centro de alumnos del Liceo Polit\u00e9cnico, encontr\u00f3 est\u00e1 instancia bastante buena \u201cporque, a pesar de que no quedemos en el 15 % de este ranking, nos favorece para la vida; tambi\u00e9n nos va a servir, porque nos entrega valores socioculturales y nos va a favorecer en diferentes ramos\u201d, concluy\u00f3 la dirigente estudiantil.<br \/>\nPolette Gonz\u00e1lez, orientadora del Liceo Polit\u00e9cnico Llay Llay dijo que la iniciativa es muy buena \u201cse enmarca dentro de la reforma educacional y los alumnos fueron asesorados por profesionales de la Universidad de Valpara\u00edso\u201d.<br \/>\nLos estudiantes aprendieron c\u00f3mo postular a un cupo Pace, los objetivos del programa y las diversas actividades que se van a realizar.<\/p>\n","protected":false},"excerpt":{"rendered":"<p>LLAY LLAY.- Con una charla informativa para toda la comunidad educativa, fue inaugurada la aplicaci\u00f3n del programa Pace en el Liceo Polit\u00e9cnico. Pace, es un programa de Acompa\u00f1amiento y Acceso Efectivo a&#8230;<\/p>\n","protected":false},"author":482,"featured_media":60922,"comment_status":"open","ping_status":"open","sticky":false,"template":"","format":"standard","meta":{"advanced_seo_description":"","jetpack_seo_html_title":"","jetpack_seo_noindex":false,"_jetpack_memberships_contains_paid_content":false,"footnotes":""},"categories":[15],"tags":[],"class_list":["post-60921","post","type-post","status-publish","format-standard","has-post-thumbnail","hentry","category-comunidad"],"jetpack_featured_media_url":"https:\/\/i0.wp.com\/eltrabajo.cl\/portal\/wp-content\/uploads\/2015\/08\/COMUNIDAD-EDUCATIVA.jpg?fit=530%2C349&ssl=1","jetpack_sharing_enabled":true,"jetpack_likes_enabled":true,"jetpack-related-posts":[],"_links":{"self":[{"href":"https:\/\/eltrabajo.cl\/portal\/wp-json\/wp\/v2\/posts\/60921","targetHints":{"allow":["GET"]}}],"collection":[{"href":"https:\/\/eltrabajo.cl\/portal\/wp-json\/wp\/v2\/posts"}],"about":[{"href":"https:\/\/eltrabajo.cl\/portal\/wp-json\/wp\/v2\/types\/post"}],"author":[{"embeddable":true,"href":"https:\/\/eltrabajo.cl\/portal\/wp-json\/wp\/v2\/users\/482"}],"replies":[{"embeddable":true,"href":"https:\/\/eltrabajo.cl\/portal\/wp-json\/wp\/v2\/comments?post=60921"}],"version-history":[{"count":0,"href":"https:\/\/eltrabajo.cl\/portal\/wp-json\/wp\/v2\/posts\/60921\/revisions"}],"wp:featuredmedia":[{"embeddable":true,"href":"https:\/\/eltrabajo.cl\/portal\/wp-json\/wp\/v2\/media\/60922"}],"wp:attachment":[{"href":"https:\/\/eltrabajo.cl\/portal\/wp-json\/wp\/v2\/media?parent=60921"}],"wp:term":[{"taxonomy":"category","embeddable":true,"href":"https:\/\/eltrabajo.cl\/portal\/wp-json\/wp\/v2\/categories?post=60921"},{"taxonomy":"post_tag","embeddable":true,"href":"https:\/\/eltrabajo.cl\/portal\/wp-json\/wp\/v2\/tags?post=60921"}],"curies":[{"name":"wp","href":"https:\/\/api.w.org\/{rel}","templated":true}]}}