{"id":60924,"date":"2015-08-13T09:35:06","date_gmt":"2015-08-13T12:35:06","guid":{"rendered":"http:\/\/www.eltrabajo.cl\/portal\/?p=60924"},"modified":"2015-08-13T09:35:06","modified_gmt":"2015-08-13T12:35:06","slug":"con-diversas-actividades-recreativas-hospital-dr-philippe-pinel-celebra-nuevo-aniversario","status":"publish","type":"post","link":"https:\/\/eltrabajo.cl\/portal\/con-diversas-actividades-recreativas-hospital-dr-philippe-pinel-celebra-nuevo-aniversario\/","title":{"rendered":"Con diversas actividades recreativas Hospital Dr. Philippe Pinel celebra nuevo aniversario"},"content":{"rendered":"<figure id=\"attachment_60926\" aria-describedby=\"caption-attachment-60926\" style=\"width: 300px\" class=\"wp-caption alignleft\"><a href=\"https:\/\/i0.wp.com\/www.eltrabajo.cl\/portal\/wp-content\/uploads\/2015\/08\/ANIVERSARIO-HOSPITAL-PSIQUIATRICO-1.jpg\"><img data-recalc-dims=\"1\" loading=\"lazy\" decoding=\"async\" class=\"wp-image-60926 size-medium\" src=\"https:\/\/i0.wp.com\/www.eltrabajo.cl\/portal\/wp-content\/uploads\/2015\/08\/ANIVERSARIO-HOSPITAL-PSIQUIATRICO-1-300x198.jpg?resize=300%2C198\" alt=\"Con diversas actividades, funcionarios conmemoraron el aniversario n\u00ba 47 de la instituci\u00f3n de salud mental.\" width=\"300\" height=\"198\" srcset=\"https:\/\/i0.wp.com\/eltrabajo.cl\/portal\/wp-content\/uploads\/2015\/08\/ANIVERSARIO-HOSPITAL-PSIQUIATRICO-1.jpg?resize=300%2C198&amp;ssl=1 300w, https:\/\/i0.wp.com\/eltrabajo.cl\/portal\/wp-content\/uploads\/2015\/08\/ANIVERSARIO-HOSPITAL-PSIQUIATRICO-1.jpg?resize=200%2C132&amp;ssl=1 200w, https:\/\/i0.wp.com\/eltrabajo.cl\/portal\/wp-content\/uploads\/2015\/08\/ANIVERSARIO-HOSPITAL-PSIQUIATRICO-1.jpg?resize=228%2C150&amp;ssl=1 228w, https:\/\/i0.wp.com\/eltrabajo.cl\/portal\/wp-content\/uploads\/2015\/08\/ANIVERSARIO-HOSPITAL-PSIQUIATRICO-1.jpg?resize=400%2C263&amp;ssl=1 400w, https:\/\/i0.wp.com\/eltrabajo.cl\/portal\/wp-content\/uploads\/2015\/08\/ANIVERSARIO-HOSPITAL-PSIQUIATRICO-1.jpg?w=530&amp;ssl=1 530w\" sizes=\"auto, (max-width: 300px) 100vw, 300px\" \/><\/a><figcaption id=\"caption-attachment-60926\" class=\"wp-caption-text\">Con diversas actividades, funcionarios conmemoraron el aniversario n\u00ba 47 de la instituci\u00f3n de salud mental.<\/figcaption><\/figure>\n<ul>\n<li><strong>Con diversas actividades orientadas al autocuidado, funcionarios conmemoran el cuadrag\u00e9simo s\u00e9ptimo aniversario de la instituci\u00f3n de salud mental putaendina.<\/strong><\/li>\n<\/ul>\n<p><strong>PUTAENDO.-<\/strong> Corr\u00eda el a\u00f1o 1968 cuando tras 28 a\u00f1os de funcionamiento se anunciaba el cese del Sanatorio Broncopulmonar de Putaendo y en ese mismo a\u00f1o el Servicio Nacional de Salud determinaba que la imponente estructura fuese destinada a recibir a personas con patolog\u00edas mentales, provenientes de otras zonas del pa\u00eds. De esa manera comenzaba a tomar forma el Hospital Psiqui\u00e1trico Dr. Philippe Pinel de Putaendo.<br \/>\nDesde esa importante fecha ya han transcurrido 47 a\u00f1os y hoy el Hospital Psiqui\u00e1trico de Putaendo es una instituci\u00f3n consolidada en el pa\u00eds, con una trayectoria destacada y situada como referente a nivel latinoamericano en lo referido a psiquiatr\u00eda forense.<br \/>\nBajo el lema \u2018Mantenerse juntos es el \u00e9xito, trabajar unidos es el progreso\u2019, los funcionarios de la instituci\u00f3n organizan variadas actividades orientadas al autocuidado y la recreaci\u00f3n, las que se han desarrollado esta semana, comenzando con la presentaci\u00f3n de las candidatas a reina, rey feo y mascotas de las alianzas Rumba; Onda Disco; Rock y Hippie, que han desarrollado eventos como sketch c\u00f3micos, n\u00fameros art\u00edsticos y diversas presentaciones.<br \/>\nPara el Dr. Jaime Retamal Garrido, Director del Hospital Psiqui\u00e1trico Dr. Philippe Pinel de Putaendo, esta es una instancia para fortalecer el esp\u00edritu de comunidad hospitalaria y tambi\u00e9n un refuerzo an\u00edmico para la instituci\u00f3n \u201cya que este a\u00f1o hemos debido enfrentar situaciones complejas y lamentables que han afectado el \u00e1nimo de nuestros usuarios y funcionarios, por lo que esta es una oportunidad para tomar un segundo impulso y seguir creciendo\u201d, precis\u00f3 el profesional.<br \/>\nRetamal tambi\u00e9n recalc\u00f3 que durante el presente mes se han concretado importantes inversiones en el Hospital, las que se dar\u00e1n a conocer durante las pr\u00f3ximas semanas.<br \/>\nDurante el resto de la semana se contempla la presentaci\u00f3n de los ya tradicionales carros aleg\u00f3ricos por el centro de Putaendo a las 17:00 horas, adem\u00e1s de juegos tradicionales, zumbat\u00f3n y actividades solidarias.<\/p>\n","protected":false},"excerpt":{"rendered":"<p>Con diversas actividades orientadas al autocuidado, funcionarios conmemoran el cuadrag\u00e9simo s\u00e9ptimo aniversario de la instituci\u00f3n de salud mental putaendina. PUTAENDO.- Corr\u00eda el a\u00f1o 1968 cuando tras 28 a\u00f1os de funcionamiento se anunciaba&#8230;<\/p>\n","protected":false},"author":482,"featured_media":60926,"comment_status":"open","ping_status":"open","sticky":false,"template":"","format":"standard","meta":{"advanced_seo_description":"","jetpack_seo_html_title":"","jetpack_seo_noindex":false,"_jetpack_memberships_contains_paid_content":false,"footnotes":""},"categories":[15],"tags":[],"class_list":["post-60924","post","type-post","status-publish","format-standard","has-post-thumbnail","hentry","category-comunidad"],"jetpack_featured_media_url":"https:\/\/i0.wp.com\/eltrabajo.cl\/portal\/wp-content\/uploads\/2015\/08\/ANIVERSARIO-HOSPITAL-PSIQUIATRICO-1.jpg?fit=530%2C349&ssl=1","jetpack_sharing_enabled":true,"jetpack_likes_enabled":true,"jetpack-related-posts":[],"_links":{"self":[{"href":"https:\/\/eltrabajo.cl\/portal\/wp-json\/wp\/v2\/posts\/60924","targetHints":{"allow":["GET"]}}],"collection":[{"href":"https:\/\/eltrabajo.cl\/portal\/wp-json\/wp\/v2\/posts"}],"about":[{"href":"https:\/\/eltrabajo.cl\/portal\/wp-json\/wp\/v2\/types\/post"}],"author":[{"embeddable":true,"href":"https:\/\/eltrabajo.cl\/portal\/wp-json\/wp\/v2\/users\/482"}],"replies":[{"embeddable":true,"href":"https:\/\/eltrabajo.cl\/portal\/wp-json\/wp\/v2\/comments?post=60924"}],"version-history":[{"count":0,"href":"https:\/\/eltrabajo.cl\/portal\/wp-json\/wp\/v2\/posts\/60924\/revisions"}],"wp:featuredmedia":[{"embeddable":true,"href":"https:\/\/eltrabajo.cl\/portal\/wp-json\/wp\/v2\/media\/60926"}],"wp:attachment":[{"href":"https:\/\/eltrabajo.cl\/portal\/wp-json\/wp\/v2\/media?parent=60924"}],"wp:term":[{"taxonomy":"category","embeddable":true,"href":"https:\/\/eltrabajo.cl\/portal\/wp-json\/wp\/v2\/categories?post=60924"},{"taxonomy":"post_tag","embeddable":true,"href":"https:\/\/eltrabajo.cl\/portal\/wp-json\/wp\/v2\/tags?post=60924"}],"curies":[{"name":"wp","href":"https:\/\/api.w.org\/{rel}","templated":true}]}}