{"id":60928,"date":"2015-08-13T09:38:30","date_gmt":"2015-08-13T12:38:30","guid":{"rendered":"http:\/\/www.eltrabajo.cl\/portal\/?p=60928"},"modified":"2015-08-13T09:38:30","modified_gmt":"2015-08-13T12:38:30","slug":"compania-presenta-obra-alicia-tras-el-espejo-en-san-felipe-y-santa-maria","status":"publish","type":"post","link":"https:\/\/eltrabajo.cl\/portal\/compania-presenta-obra-alicia-tras-el-espejo-en-san-felipe-y-santa-maria\/","title":{"rendered":"Compa\u00f1\u00eda presenta obra \u2018Alicia tras el Espejo\u2019 en San Felipe y Santa Mar\u00eda"},"content":{"rendered":"<figure id=\"attachment_60929\" aria-describedby=\"caption-attachment-60929\" style=\"width: 300px\" class=\"wp-caption alignleft\"><a href=\"https:\/\/i0.wp.com\/www.eltrabajo.cl\/portal\/wp-content\/uploads\/2015\/08\/Presentan-obra-alicia-tras-el-espejo.jpg\"><img data-recalc-dims=\"1\" loading=\"lazy\" decoding=\"async\" class=\"wp-image-60929 size-medium\" src=\"https:\/\/i0.wp.com\/www.eltrabajo.cl\/portal\/wp-content\/uploads\/2015\/08\/Presentan-obra-alicia-tras-el-espejo-300x198.jpg?resize=300%2C198\" alt=\"Autoridades presentan la obra \u2018Alicia tras el espejo\u2019 de la Compa\u00f1\u00eda de TeatroOnirus, presentar\u00e1 3 funciones en San Felipe y Santa Mar\u00eda.\" width=\"300\" height=\"198\" srcset=\"https:\/\/i0.wp.com\/eltrabajo.cl\/portal\/wp-content\/uploads\/2015\/08\/Presentan-obra-alicia-tras-el-espejo.jpg?resize=300%2C198&amp;ssl=1 300w, https:\/\/i0.wp.com\/eltrabajo.cl\/portal\/wp-content\/uploads\/2015\/08\/Presentan-obra-alicia-tras-el-espejo.jpg?resize=200%2C132&amp;ssl=1 200w, https:\/\/i0.wp.com\/eltrabajo.cl\/portal\/wp-content\/uploads\/2015\/08\/Presentan-obra-alicia-tras-el-espejo.jpg?resize=227%2C150&amp;ssl=1 227w, https:\/\/i0.wp.com\/eltrabajo.cl\/portal\/wp-content\/uploads\/2015\/08\/Presentan-obra-alicia-tras-el-espejo.jpg?resize=400%2C264&amp;ssl=1 400w, https:\/\/i0.wp.com\/eltrabajo.cl\/portal\/wp-content\/uploads\/2015\/08\/Presentan-obra-alicia-tras-el-espejo.jpg?w=530&amp;ssl=1 530w\" sizes=\"auto, (max-width: 300px) 100vw, 300px\" \/><\/a><figcaption id=\"caption-attachment-60929\" class=\"wp-caption-text\">Autoridades presentan la obra \u2018Alicia tras el espejo\u2019 de la Compa\u00f1\u00eda de TeatroOnirus, presentar\u00e1 3 funciones en San Felipe y Santa Mar\u00eda.<\/figcaption><\/figure>\n<ul>\n<li><strong>Tres funciones se ofrecer\u00e1n este viernes y s\u00e1bado, en el marco de la celebraci\u00f3n de los 25 a\u00f1os desde la ratificaci\u00f3n por parte del Estado de Chile, de la Convenci\u00f3n de Derechos del Ni\u00f1o.<\/strong><\/li>\n<\/ul>\n<p>En el marco de la reciente celebraci\u00f3n del D\u00eda del Ni\u00f1o, as\u00ed como de la conmemoraci\u00f3n de los 25 a\u00f1os de la ratificaci\u00f3n por parte del Estado de Chile de la Convenci\u00f3n Internacional de Derechos de los Ni\u00f1os, Ni\u00f1as y Adolescentes, la OPD San Felipe presentara en las comunas de San Felipe y Santa Mar\u00eda, este viernes y s\u00e1bado respectivamente, la obra de teatro de la Compa\u00f1\u00eda Onirus, \u2018Alicia tras el Espejo\u2019.<br \/>\nSe trata de una actividad que seg\u00fan se\u00f1al\u00f3 la coordinadora comunal de la OPD, Francisca Hidalgo, se presentar\u00e1 en tres funciones con entrada liberada, una en horario matinal para estudiantes de establecimientos de la comuna de San Felipe, en el Teatro Roberto Barraza; la segunda a las 19:00 horas en el mismo espacio dependiente del Liceo Roberto Humeres, y la tercera en Santa Mar\u00eda, el d\u00eda s\u00e1bado a las 19:00 horas en el Gimnasio Municipal.<br \/>\nSe trata de una iniciativa que es el resultado de un proyecto presentado por la Compa\u00f1\u00eda de TeatroOnirus al Fondart, lo que permiti\u00f3 financiar una itinerancia por el pa\u00eds, siendo las comunas de San Felipe y Santa Mar\u00eda las favorecidas con sus presentaciones.<br \/>\nEl alcalde Patricio Freire manifest\u00f3 su satisfacci\u00f3n por la realizaci\u00f3n de esta actividad, la que realza la celebraci\u00f3n del D\u00eda del Ni\u00f1o y adem\u00e1s, favorece la reflexi\u00f3n en torno a la tem\u00e1tica de infancia y adolescencia, sobre todo considerando que este 2015 se cumplen 25 a\u00f1os desde que Chile ratific\u00f3 la Convenci\u00f3n de Derechos del Ni\u00f1o, haci\u00e9ndose parte de los Estados que garantizan los Derechos consignados en la Declaraci\u00f3n Universal.<br \/>\n\u201cPara nosotros esta actividad es muy importante, porque sigue en la l\u00ednea de ofrecer espect\u00e1culos art\u00edsticos de calidad, considerando el prestigio de esta compa\u00f1\u00eda, pero porque adem\u00e1s nos llama a la reflexi\u00f3n y la conversaci\u00f3n, en torno a c\u00f3mo garantizamos los derechos de nuestros ni\u00f1os\u201d, se\u00f1al\u00f3 el alcalde.<br \/>\nEl gobernador Eduardo Le\u00f3n rescat\u00f3 el hecho que estas tres funciones corresponden a un proyecto financiado con recursos de Fondart, felicitando en este sentido a la OPD por las gestiones que permitieron traer esta obra a dos comunas de la provincia.<br \/>\nLa autoridad formul\u00f3 una invitaci\u00f3n a las familias para que asistan este viernes a la presentaci\u00f3n de esta obra teatral.<br \/>\nEn este mismo sentido, el jefe de gabinete de la municipalidad de Santa Mar\u00eda, Marcelo Molina, expres\u00f3 su agradecimiento por la posibilidad de llevar a la comuna este tipo de obras, en tanto que el consejero regional e integrante de la Red de Infancia Valle de Aconcagua, Mario Sottolichio, manifest\u00f3 que esta no es la primera vez que se presenta TeatroOnirus en San Felipe, por cuanto en otras dos ocasiones ha efectuado actividades al aire libre, con una masiva asistencia de p\u00fablico.<\/p>\n","protected":false},"excerpt":{"rendered":"<p>Tres funciones se ofrecer\u00e1n este viernes y s\u00e1bado, en el marco de la celebraci\u00f3n de los 25 a\u00f1os desde la ratificaci\u00f3n por parte del Estado de Chile, de la Convenci\u00f3n de Derechos&#8230;<\/p>\n","protected":false},"author":482,"featured_media":60929,"comment_status":"open","ping_status":"open","sticky":false,"template":"","format":"standard","meta":{"advanced_seo_description":"","jetpack_seo_html_title":"","jetpack_seo_noindex":false,"_jetpack_memberships_contains_paid_content":false,"footnotes":""},"categories":[15],"tags":[],"class_list":["post-60928","post","type-post","status-publish","format-standard","has-post-thumbnail","hentry","category-comunidad"],"jetpack_featured_media_url":"https:\/\/i0.wp.com\/eltrabajo.cl\/portal\/wp-content\/uploads\/2015\/08\/Presentan-obra-alicia-tras-el-espejo.jpg?fit=530%2C350&ssl=1","jetpack_sharing_enabled":true,"jetpack_likes_enabled":true,"jetpack-related-posts":[],"_links":{"self":[{"href":"https:\/\/eltrabajo.cl\/portal\/wp-json\/wp\/v2\/posts\/60928","targetHints":{"allow":["GET"]}}],"collection":[{"href":"https:\/\/eltrabajo.cl\/portal\/wp-json\/wp\/v2\/posts"}],"about":[{"href":"https:\/\/eltrabajo.cl\/portal\/wp-json\/wp\/v2\/types\/post"}],"author":[{"embeddable":true,"href":"https:\/\/eltrabajo.cl\/portal\/wp-json\/wp\/v2\/users\/482"}],"replies":[{"embeddable":true,"href":"https:\/\/eltrabajo.cl\/portal\/wp-json\/wp\/v2\/comments?post=60928"}],"version-history":[{"count":0,"href":"https:\/\/eltrabajo.cl\/portal\/wp-json\/wp\/v2\/posts\/60928\/revisions"}],"wp:featuredmedia":[{"embeddable":true,"href":"https:\/\/eltrabajo.cl\/portal\/wp-json\/wp\/v2\/media\/60929"}],"wp:attachment":[{"href":"https:\/\/eltrabajo.cl\/portal\/wp-json\/wp\/v2\/media?parent=60928"}],"wp:term":[{"taxonomy":"category","embeddable":true,"href":"https:\/\/eltrabajo.cl\/portal\/wp-json\/wp\/v2\/categories?post=60928"},{"taxonomy":"post_tag","embeddable":true,"href":"https:\/\/eltrabajo.cl\/portal\/wp-json\/wp\/v2\/tags?post=60928"}],"curies":[{"name":"wp","href":"https:\/\/api.w.org\/{rel}","templated":true}]}}