{"id":60931,"date":"2015-08-13T09:40:27","date_gmt":"2015-08-13T12:40:27","guid":{"rendered":"http:\/\/www.eltrabajo.cl\/portal\/?p=60931"},"modified":"2015-08-13T09:40:27","modified_gmt":"2015-08-13T12:40:27","slug":"efectuan-jornada-de-reflexion-sobre-los-problemas-medioambientales-en-san-felipe","status":"publish","type":"post","link":"https:\/\/eltrabajo.cl\/portal\/efectuan-jornada-de-reflexion-sobre-los-problemas-medioambientales-en-san-felipe\/","title":{"rendered":"Efect\u00faan jornada de reflexi\u00f3n sobre los problemas medioambientales en San Felipe"},"content":{"rendered":"<figure id=\"attachment_60932\" aria-describedby=\"caption-attachment-60932\" style=\"width: 300px\" class=\"wp-caption alignleft\"><a href=\"https:\/\/i0.wp.com\/www.eltrabajo.cl\/portal\/wp-content\/uploads\/2015\/08\/Iglesia-aconcagua-2.jpg\"><img data-recalc-dims=\"1\" loading=\"lazy\" decoding=\"async\" class=\"wp-image-60932 size-medium\" src=\"https:\/\/i0.wp.com\/www.eltrabajo.cl\/portal\/wp-content\/uploads\/2015\/08\/Iglesia-aconcagua-2-300x198.jpg?resize=300%2C198\" alt=\"En esta jornada reflexiva se present\u00f3 el p\u00e1rroco de la Iglesia Catedral, Padre Ricardo Cort\u00e9s; y el Magister en Gesti\u00f3n Ambiental, Manuel Escudero.\" width=\"300\" height=\"198\" srcset=\"https:\/\/i0.wp.com\/eltrabajo.cl\/portal\/wp-content\/uploads\/2015\/08\/Iglesia-aconcagua-2.jpg?resize=300%2C198&amp;ssl=1 300w, https:\/\/i0.wp.com\/eltrabajo.cl\/portal\/wp-content\/uploads\/2015\/08\/Iglesia-aconcagua-2.jpg?resize=200%2C132&amp;ssl=1 200w, https:\/\/i0.wp.com\/eltrabajo.cl\/portal\/wp-content\/uploads\/2015\/08\/Iglesia-aconcagua-2.jpg?resize=227%2C150&amp;ssl=1 227w, https:\/\/i0.wp.com\/eltrabajo.cl\/portal\/wp-content\/uploads\/2015\/08\/Iglesia-aconcagua-2.jpg?resize=400%2C264&amp;ssl=1 400w, https:\/\/i0.wp.com\/eltrabajo.cl\/portal\/wp-content\/uploads\/2015\/08\/Iglesia-aconcagua-2.jpg?w=530&amp;ssl=1 530w\" sizes=\"auto, (max-width: 300px) 100vw, 300px\" \/><\/a><figcaption id=\"caption-attachment-60932\" class=\"wp-caption-text\">En esta jornada reflexiva se present\u00f3 el p\u00e1rroco de la Iglesia Catedral, Padre Ricardo Cort\u00e9s; y el Magister en Gesti\u00f3n Ambiental, Manuel Escudero.<\/figcaption><\/figure>\n<p>Una jornada para reflexionar sobre los contenidos de la carta enc\u00edclica \u2018Laudato Si, sobre el cuidado de la casa com\u00fan\u2019, escrita por el Papa Francisco, la que hace referencia al cuidado del planeta y los recursos naturales, se realiz\u00f3 este martes en la Casa de Retiro Juan XXIII de San Felipe. En la jornada participaron representantes de las distintas comunidades cat\u00f3licas de los decanatos de San Felipe, Los Andes y Petorca.<br \/>\nLa bienvenida la realiz\u00f3 el Obispo de San Felipe, Monse\u00f1or Cristi\u00e1n Contreras Molina O. de M., quien present\u00f3 a los expositores, el p\u00e1rroco de la Iglesia Catedral, Padre Ricardo Cort\u00e9s; y el Magister en Gesti\u00f3n Ambiental, Manuel Escudero. En su exposici\u00f3n, el padre Ricardo Cort\u00e9s se\u00f1al\u00f3 que el prop\u00f3sito de la enc\u00edclica \u2018Laudato Si\u2019 es invitar a las personas a reflexionar respecto al modo en que estamos construyendo el planeta y discutir con el fin de generar conciencia y responsabilidad sobre este tema. El sacerdote se\u00f1al\u00f3 tambi\u00e9n que este no es un tema nuevo, ya que existen distintos documentos en la historia de la Iglesia que dan cuenta de su preocupaci\u00f3n por el cuidado de lo que el Papa Francisco denomina \u201cnuestra casa com\u00fan\u201d.<\/p>\n<figure id=\"attachment_60933\" aria-describedby=\"caption-attachment-60933\" style=\"width: 300px\" class=\"wp-caption alignright\"><a href=\"https:\/\/i0.wp.com\/www.eltrabajo.cl\/portal\/wp-content\/uploads\/2015\/08\/Iglesia-aconcagua-3.jpg\"><img data-recalc-dims=\"1\" loading=\"lazy\" decoding=\"async\" class=\"wp-image-60933 size-medium\" src=\"https:\/\/i0.wp.com\/www.eltrabajo.cl\/portal\/wp-content\/uploads\/2015\/08\/Iglesia-aconcagua-3-300x198.jpg?resize=300%2C198\" alt=\"Durante el encuentro tambi\u00e9n se present\u00f3 el Ballet Municipal de Santa mar\u00eda.\" width=\"300\" height=\"198\" srcset=\"https:\/\/i0.wp.com\/eltrabajo.cl\/portal\/wp-content\/uploads\/2015\/08\/Iglesia-aconcagua-3.jpg?resize=300%2C198&amp;ssl=1 300w, https:\/\/i0.wp.com\/eltrabajo.cl\/portal\/wp-content\/uploads\/2015\/08\/Iglesia-aconcagua-3.jpg?resize=200%2C132&amp;ssl=1 200w, https:\/\/i0.wp.com\/eltrabajo.cl\/portal\/wp-content\/uploads\/2015\/08\/Iglesia-aconcagua-3.jpg?resize=228%2C150&amp;ssl=1 228w, https:\/\/i0.wp.com\/eltrabajo.cl\/portal\/wp-content\/uploads\/2015\/08\/Iglesia-aconcagua-3.jpg?resize=400%2C263&amp;ssl=1 400w, https:\/\/i0.wp.com\/eltrabajo.cl\/portal\/wp-content\/uploads\/2015\/08\/Iglesia-aconcagua-3.jpg?w=530&amp;ssl=1 530w\" sizes=\"auto, (max-width: 300px) 100vw, 300px\" \/><\/a><figcaption id=\"caption-attachment-60933\" class=\"wp-caption-text\">Durante el encuentro tambi\u00e9n se present\u00f3 el Ballet Municipal de Santa mar\u00eda.<\/figcaption><\/figure>\n<p>Posteriormente, Manuel Escudero present\u00f3 los alcances sobre los problemas ambientales en el mundo y c\u00f3mo el desarrollo del n\u00famero de habitantes en el planeta ha impactado en el consumo de los recursos naturales, lo que como consecuencia ha tra\u00eddo un aumento en la demanda de alimentos, energ\u00eda y terreno para construir. Con estos antecedentes, se enfoc\u00f3 en lo que se ha realizado en la comuna de San Felipe para el desarrollo de su plan regulador y c\u00f3mo la eventual expansi\u00f3n poblacional puede impactar en el desarrollo sustentable de la ciudad. Tambi\u00e9n se refiri\u00f3 a un estudio de contaminaci\u00f3n de los suelos, agua y aire en el Valle de Aconcagua, donde destac\u00f3 los distintos impactos ambientales que empresas p\u00fablicas y privadas realizan en el desarrollo de sus actividades.<br \/>\nDurante la actividad los asistentes tuvieron la posibilidad de hacer preguntas a los expositores, para aclarar las dudas sobre las exposiciones que realizaron. Tambi\u00e9n se present\u00f3 el Ballet Municipal de Santa Mar\u00eda, elenco que puso en el escenario temas referidos a la relaci\u00f3n entre la tierra y el hombre.<\/p>\n","protected":false},"excerpt":{"rendered":"<p>Una jornada para reflexionar sobre los contenidos de la carta enc\u00edclica \u2018Laudato Si, sobre el cuidado de la casa com\u00fan\u2019, escrita por el Papa Francisco, la que hace referencia al cuidado del&#8230;<\/p>\n","protected":false},"author":482,"featured_media":60932,"comment_status":"open","ping_status":"open","sticky":false,"template":"","format":"standard","meta":{"advanced_seo_description":"","jetpack_seo_html_title":"","jetpack_seo_noindex":false,"_jetpack_memberships_contains_paid_content":false,"footnotes":""},"categories":[15],"tags":[],"class_list":["post-60931","post","type-post","status-publish","format-standard","has-post-thumbnail","hentry","category-comunidad"],"jetpack_featured_media_url":"https:\/\/i0.wp.com\/eltrabajo.cl\/portal\/wp-content\/uploads\/2015\/08\/Iglesia-aconcagua-2.jpg?fit=530%2C350&ssl=1","jetpack_sharing_enabled":true,"jetpack_likes_enabled":true,"jetpack-related-posts":[],"_links":{"self":[{"href":"https:\/\/eltrabajo.cl\/portal\/wp-json\/wp\/v2\/posts\/60931","targetHints":{"allow":["GET"]}}],"collection":[{"href":"https:\/\/eltrabajo.cl\/portal\/wp-json\/wp\/v2\/posts"}],"about":[{"href":"https:\/\/eltrabajo.cl\/portal\/wp-json\/wp\/v2\/types\/post"}],"author":[{"embeddable":true,"href":"https:\/\/eltrabajo.cl\/portal\/wp-json\/wp\/v2\/users\/482"}],"replies":[{"embeddable":true,"href":"https:\/\/eltrabajo.cl\/portal\/wp-json\/wp\/v2\/comments?post=60931"}],"version-history":[{"count":0,"href":"https:\/\/eltrabajo.cl\/portal\/wp-json\/wp\/v2\/posts\/60931\/revisions"}],"wp:featuredmedia":[{"embeddable":true,"href":"https:\/\/eltrabajo.cl\/portal\/wp-json\/wp\/v2\/media\/60932"}],"wp:attachment":[{"href":"https:\/\/eltrabajo.cl\/portal\/wp-json\/wp\/v2\/media?parent=60931"}],"wp:term":[{"taxonomy":"category","embeddable":true,"href":"https:\/\/eltrabajo.cl\/portal\/wp-json\/wp\/v2\/categories?post=60931"},{"taxonomy":"post_tag","embeddable":true,"href":"https:\/\/eltrabajo.cl\/portal\/wp-json\/wp\/v2\/tags?post=60931"}],"curies":[{"name":"wp","href":"https:\/\/api.w.org\/{rel}","templated":true}]}}