{"id":60949,"date":"2015-08-13T09:54:07","date_gmt":"2015-08-13T12:54:07","guid":{"rendered":"http:\/\/www.eltrabajo.cl\/portal\/?p=60949"},"modified":"2015-08-13T09:54:07","modified_gmt":"2015-08-13T12:54:07","slug":"salio-de-la-carcel-hace-un-mes-para-volver-a-delinquir-en-llay-llay","status":"publish","type":"post","link":"https:\/\/eltrabajo.cl\/portal\/salio-de-la-carcel-hace-un-mes-para-volver-a-delinquir-en-llay-llay\/","title":{"rendered":"Sali\u00f3 de la c\u00e1rcel hace un mes para volver a delinquir en Llay LLay"},"content":{"rendered":"<figure id=\"attachment_60950\" aria-describedby=\"caption-attachment-60950\" style=\"width: 300px\" class=\"wp-caption alignleft\"><a href=\"https:\/\/i0.wp.com\/www.eltrabajo.cl\/portal\/wp-content\/uploads\/2015\/08\/Robo-Llay-Llay.jpg\"><img data-recalc-dims=\"1\" loading=\"lazy\" decoding=\"async\" class=\"wp-image-60950 size-medium\" src=\"https:\/\/i0.wp.com\/www.eltrabajo.cl\/portal\/wp-content\/uploads\/2015\/08\/Robo-Llay-Llay-300x199.jpg?resize=300%2C199\" alt=\"Los antisociales fueron capturados en flagrancia por efectivos de Carabineros de la Subcomisar\u00eda de Llay Llay, siendo derivados hasta el Juzgado de Garant\u00eda de San Felipe para ser puestos a disposici\u00f3n de la Fiscal\u00eda.\" width=\"300\" height=\"199\" srcset=\"https:\/\/i0.wp.com\/eltrabajo.cl\/portal\/wp-content\/uploads\/2015\/08\/Robo-Llay-Llay.jpg?resize=300%2C199&amp;ssl=1 300w, https:\/\/i0.wp.com\/eltrabajo.cl\/portal\/wp-content\/uploads\/2015\/08\/Robo-Llay-Llay.jpg?resize=200%2C133&amp;ssl=1 200w, https:\/\/i0.wp.com\/eltrabajo.cl\/portal\/wp-content\/uploads\/2015\/08\/Robo-Llay-Llay.jpg?resize=226%2C150&amp;ssl=1 226w, https:\/\/i0.wp.com\/eltrabajo.cl\/portal\/wp-content\/uploads\/2015\/08\/Robo-Llay-Llay.jpg?resize=400%2C265&amp;ssl=1 400w, https:\/\/i0.wp.com\/eltrabajo.cl\/portal\/wp-content\/uploads\/2015\/08\/Robo-Llay-Llay.jpg?w=528&amp;ssl=1 528w\" sizes=\"auto, (max-width: 300px) 100vw, 300px\" \/><\/a><figcaption id=\"caption-attachment-60950\" class=\"wp-caption-text\">Los antisociales fueron capturados en flagrancia por efectivos de Carabineros de la Subcomisar\u00eda de Llay Llay, siendo derivados hasta el Juzgado de Garant\u00eda de San Felipe para ser puestos a disposici\u00f3n de la Fiscal\u00eda.<\/figcaption><\/figure>\n<ul>\n<li><strong>Antisocial apodado \u2018El Piruja\u2019 fue capturado en flagrancia por Carabineros de la Subcomisar\u00eda de Llay Llay y formalizado por la Fiscal\u00eda, regresando nuevamente a la c\u00e1rcel tras cometer este nuevo delito de robo en lugar no habitado.<\/strong><\/li>\n<\/ul>\n<p>Fueron los mismos vecinos que alertaron a los efectivos de Carabineros de la comuna de Llay Llay, la ocurrencia de un robo al interior de una verduler\u00eda ubicada en calle Santiago Bueras 110, luego de observar a una pareja que irrumpi\u00f3 forzando un port\u00f3n para cometer el robo de un magro bot\u00edn de $11.000.<br \/>\nEl delito ocurri\u00f3 a eso de las 03:00 de la madrugada de ayer mi\u00e9rcoles cuando Carabineros se traslad\u00f3 hasta la arteria antes mencionada, luego de ser advertidos por los residentes de esa localidad de un robo, se\u00f1alando que la pareja delictiva realiz\u00f3 da\u00f1os al acceso principal de una verduler\u00eda, lo que les permiti\u00f3 acceder hasta la caja registradora y apoderarse del dinero en efectivo.<br \/>\nLos efectivos policiales al desplegar los patrullajes correspondientes sorprendieron a un hombre conocido delictualmente como \u2018El Piruja\u2019, quien acompa\u00f1ado de una mujer de 35 a\u00f1os de edad, escapaban por la v\u00eda p\u00fablica, siendo inmediatamente detenidos.<br \/>\nTras realizar una revisi\u00f3n a sus vestimentas, se comprob\u00f3 que el sujeto identificado como El\u00edas Rojas Rojas de 25 a\u00f1os de edad, manten\u00eda entre sus vestimentas los $11.000 en efectivo de propiedad del comerciante afectado.<br \/>\nEn tanto Carabineros inform\u00f3 que el imputado mantiene antecedentes penales por delitos de robo, destacando que hace aproximadamente un mes, este sujeto recuper\u00f3 su libertad luego de haber cumplido una condena en la c\u00e1rcel.<br \/>\nEl Capit\u00e1n Felipe Maureira precis\u00f3 que gracias al oportuno llamado telef\u00f3nico de los vecinos, el plan cuadrante de la comuna de Llay Llay, se logr\u00f3 en tiempo r\u00e9cord capturar a los delincuentes para ser procesados por la justicia. \u201cCabe hacer presente el r\u00e1pido despliegue del personal de Carabineros, en el marco de servicios del Plan Cuadrante, quienes tras un oportuno llamado, concurrieron al lugar, sorprendiendo a los delincuentes\u201d, se\u00f1al\u00f3 el oficial policial.<br \/>\nLos antisociales fueron sometidos a control de detenci\u00f3n ante el Juzgado de Garant\u00eda de San Felipe por el delito de robo en lugar no habitado. La Fiscal\u00eda ofreci\u00f3 la suspensi\u00f3n condicional a la imputada identificada como Mar\u00eda Ulloa Le\u00f3n, mientras que para \u2018El Piruja\u2019 el Ministerio P\u00fablico requiri\u00f3 la cautelar de prisi\u00f3n preventiva por representar un peligro para la seguridad de la sociedad, medida que fue acogida por el Tribunal ordenando su ingreso nuevamente a la c\u00e1rcel.<br \/>\n<strong>Pablo Salinas Sald\u00edas<\/strong><\/p>\n","protected":false},"excerpt":{"rendered":"<p>Antisocial apodado \u2018El Piruja\u2019 fue capturado en flagrancia por Carabineros de la Subcomisar\u00eda de Llay Llay y formalizado por la Fiscal\u00eda, regresando nuevamente a la c\u00e1rcel tras cometer este nuevo delito de&#8230;<\/p>\n","protected":false},"author":482,"featured_media":60950,"comment_status":"open","ping_status":"open","sticky":false,"template":"","format":"standard","meta":{"advanced_seo_description":"","jetpack_seo_html_title":"","jetpack_seo_noindex":false,"_jetpack_memberships_contains_paid_content":false,"footnotes":""},"categories":[21],"tags":[],"class_list":["post-60949","post","type-post","status-publish","format-standard","has-post-thumbnail","hentry","category-policial"],"jetpack_featured_media_url":"https:\/\/i0.wp.com\/eltrabajo.cl\/portal\/wp-content\/uploads\/2015\/08\/Robo-Llay-Llay.jpg?fit=528%2C350&ssl=1","jetpack_sharing_enabled":true,"jetpack_likes_enabled":true,"jetpack-related-posts":[],"_links":{"self":[{"href":"https:\/\/eltrabajo.cl\/portal\/wp-json\/wp\/v2\/posts\/60949","targetHints":{"allow":["GET"]}}],"collection":[{"href":"https:\/\/eltrabajo.cl\/portal\/wp-json\/wp\/v2\/posts"}],"about":[{"href":"https:\/\/eltrabajo.cl\/portal\/wp-json\/wp\/v2\/types\/post"}],"author":[{"embeddable":true,"href":"https:\/\/eltrabajo.cl\/portal\/wp-json\/wp\/v2\/users\/482"}],"replies":[{"embeddable":true,"href":"https:\/\/eltrabajo.cl\/portal\/wp-json\/wp\/v2\/comments?post=60949"}],"version-history":[{"count":0,"href":"https:\/\/eltrabajo.cl\/portal\/wp-json\/wp\/v2\/posts\/60949\/revisions"}],"wp:featuredmedia":[{"embeddable":true,"href":"https:\/\/eltrabajo.cl\/portal\/wp-json\/wp\/v2\/media\/60950"}],"wp:attachment":[{"href":"https:\/\/eltrabajo.cl\/portal\/wp-json\/wp\/v2\/media?parent=60949"}],"wp:term":[{"taxonomy":"category","embeddable":true,"href":"https:\/\/eltrabajo.cl\/portal\/wp-json\/wp\/v2\/categories?post=60949"},{"taxonomy":"post_tag","embeddable":true,"href":"https:\/\/eltrabajo.cl\/portal\/wp-json\/wp\/v2\/tags?post=60949"}],"curies":[{"name":"wp","href":"https:\/\/api.w.org\/{rel}","templated":true}]}}