{"id":60952,"date":"2015-08-13T09:55:30","date_gmt":"2015-08-13T12:55:30","guid":{"rendered":"http:\/\/www.eltrabajo.cl\/portal\/?p=60952"},"modified":"2015-08-13T09:55:30","modified_gmt":"2015-08-13T12:55:30","slug":"escolar-denuncio-a-su-padrastro-por-violacion-luego-de-haber-estado-de-cumpleanos","status":"publish","type":"post","link":"https:\/\/eltrabajo.cl\/portal\/escolar-denuncio-a-su-padrastro-por-violacion-luego-de-haber-estado-de-cumpleanos\/","title":{"rendered":"Escolar denunci\u00f3 a su padrastro por violaci\u00f3n luego de haber estado de cumplea\u00f1os"},"content":{"rendered":"<figure id=\"attachment_60953\" aria-describedby=\"caption-attachment-60953\" style=\"width: 300px\" class=\"wp-caption alignleft\"><a href=\"https:\/\/i0.wp.com\/www.eltrabajo.cl\/portal\/wp-content\/uploads\/2015\/08\/Imputado-Detenido.jpg\"><img data-recalc-dims=\"1\" loading=\"lazy\" decoding=\"async\" class=\"wp-image-60953 size-medium\" src=\"https:\/\/i0.wp.com\/www.eltrabajo.cl\/portal\/wp-content\/uploads\/2015\/08\/Imputado-Detenido-300x196.jpg?resize=300%2C196\" alt=\"Personal de la Brigada de Delitos Sexuales de la PDI de Los Andes detuvo al imputado por los delitos de abusos sexuales y violaci\u00f3n reiterada de una menor de 14 a\u00f1os.\" width=\"300\" height=\"196\" srcset=\"https:\/\/i0.wp.com\/eltrabajo.cl\/portal\/wp-content\/uploads\/2015\/08\/Imputado-Detenido.jpg?resize=300%2C196&amp;ssl=1 300w, https:\/\/i0.wp.com\/eltrabajo.cl\/portal\/wp-content\/uploads\/2015\/08\/Imputado-Detenido.jpg?resize=200%2C131&amp;ssl=1 200w, https:\/\/i0.wp.com\/eltrabajo.cl\/portal\/wp-content\/uploads\/2015\/08\/Imputado-Detenido.jpg?resize=230%2C150&amp;ssl=1 230w, https:\/\/i0.wp.com\/eltrabajo.cl\/portal\/wp-content\/uploads\/2015\/08\/Imputado-Detenido.jpg?resize=400%2C261&amp;ssl=1 400w, https:\/\/i0.wp.com\/eltrabajo.cl\/portal\/wp-content\/uploads\/2015\/08\/Imputado-Detenido.jpg?w=530&amp;ssl=1 530w\" sizes=\"auto, (max-width: 300px) 100vw, 300px\" \/><\/a><figcaption id=\"caption-attachment-60953\" class=\"wp-caption-text\">Personal de la Brigada de Delitos Sexuales de la PDI de Los Andes detuvo al imputado por los delitos de abusos sexuales y violaci\u00f3n reiterada de una menor de 14 a\u00f1os.<\/figcaption><\/figure>\n<p>Los cr\u00edmenes cometidos por un hombre de 48 a\u00f1os habr\u00edan ocurrido cuando se encontraba al cuidado de la menor de 13 en su vivienda ubicada en la Villa Los Aromos de Panquehue, donde ante el sufrimiento la peque\u00f1a v\u00edctima revel\u00f3 a su profesora haber sido abusada y violada reiteradamente por su padrastro.<br \/>\nTodo un calvario sufri\u00f3 una ni\u00f1a de tan s\u00f3lo 13 a\u00f1os de edad durante siete meses, luego de ser abusada y violada en reiteradas ocasiones por su padrastro, en los momentos que ambos se encontraban a solas en su vivienda ubicada en la Villa Los Aromos de la comuna de Panquehue.<br \/>\nLa menor revel\u00f3 los hechos en su cumplea\u00f1os n\u00ba 14, donde su tristeza y soledad fueron advertidas por sus compa\u00f1eras de curso, quienes le consultaron qu\u00e9 le estaba sucediendo; la menor les cont\u00f3 con valor los detalles de los ultrajes a los que era sometida. Inmediatamente el pasado lunes, fueron las mismas escolares at\u00f3nitas las que dieron cuenta de los hechos a la profesora de matem\u00e1ticas. La docente escuch\u00f3 atentamente los crudos relatos de la alumna, refiri\u00e9ndose a las vejaciones que habr\u00edan ocurrido desde del mes de diciembre del 2014 cuando su padrastro, identificado como V\u00edctor Leoncio Figueroa Silva de 48 a\u00f1os de edad, quien cri\u00f3 a la menor desde que ten\u00eda meses de vida, habr\u00eda comenzado a abusar sexualmente de la ni\u00f1a practic\u00e1ndole tocaciones en sus partes \u00edntimas.<\/p>\n<figure id=\"attachment_60954\" aria-describedby=\"caption-attachment-60954\" style=\"width: 300px\" class=\"wp-caption alignright\"><a href=\"https:\/\/i0.wp.com\/www.eltrabajo.cl\/portal\/wp-content\/uploads\/2015\/08\/Imputado-Formalizado.jpg\"><img data-recalc-dims=\"1\" loading=\"lazy\" decoding=\"async\" class=\"wp-image-60954 size-medium\" src=\"https:\/\/i0.wp.com\/www.eltrabajo.cl\/portal\/wp-content\/uploads\/2015\/08\/Imputado-Formalizado-300x198.jpg?resize=300%2C198\" alt=\"Pasado el mediod\u00eda de ayer mi\u00e9rcoles el imputado V\u00edctor Figueroa Silva, luego de ser formalizado por la Fiscal\u00eda, el Tribunal accedi\u00f3 a la cautelar de prisi\u00f3n preventiva por un plazo de 120 d\u00edas.\" width=\"300\" height=\"198\" srcset=\"https:\/\/i0.wp.com\/eltrabajo.cl\/portal\/wp-content\/uploads\/2015\/08\/Imputado-Formalizado.jpg?resize=300%2C198&amp;ssl=1 300w, https:\/\/i0.wp.com\/eltrabajo.cl\/portal\/wp-content\/uploads\/2015\/08\/Imputado-Formalizado.jpg?resize=200%2C132&amp;ssl=1 200w, https:\/\/i0.wp.com\/eltrabajo.cl\/portal\/wp-content\/uploads\/2015\/08\/Imputado-Formalizado.jpg?resize=227%2C150&amp;ssl=1 227w, https:\/\/i0.wp.com\/eltrabajo.cl\/portal\/wp-content\/uploads\/2015\/08\/Imputado-Formalizado.jpg?resize=400%2C264&amp;ssl=1 400w, https:\/\/i0.wp.com\/eltrabajo.cl\/portal\/wp-content\/uploads\/2015\/08\/Imputado-Formalizado.jpg?w=530&amp;ssl=1 530w\" sizes=\"auto, (max-width: 300px) 100vw, 300px\" \/><\/a><figcaption id=\"caption-attachment-60954\" class=\"wp-caption-text\">Pasado el mediod\u00eda de ayer mi\u00e9rcoles el imputado V\u00edctor Figueroa Silva, luego de ser formalizado por la Fiscal\u00eda, el Tribunal accedi\u00f3 a la cautelar de prisi\u00f3n preventiva por un plazo de 120 d\u00edas.<\/figcaption><\/figure>\n<p>Con el paso del tiempo, el acusado habr\u00eda violado a la menor en distintas ocasiones, entreg\u00e1ndole dinero y regalos para no ser denunciado de estos actos a su madre, quien se encontraba a esas horas trabajando. Fue as\u00ed que el d\u00eda lunes reci\u00e9n pasado, en contacto con la direcci\u00f3n del establecimiento educacional, la profesora traslad\u00f3 a la menor hasta el Ret\u00e9n de Carabineros de la comuna de Panquehue para realizar la denuncia formal.<br \/>\nAl mismo tiempo la Fiscal\u00eda, luego de ser informada de este delito, deriv\u00f3 a la v\u00edctima hasta el Servicio M\u00e9dico Legal de la Regi\u00f3n Metropolitana para la constataci\u00f3n m\u00e9dica de lesiones atribuibles a una violaci\u00f3n. Frente a estos medios de prueba, la Fiscal de turno diligenci\u00f3 a trav\u00e9s de la Magistrado del Juzgado de Garant\u00eda de San Felipe, una orden de detenci\u00f3n en contra del imputado Figueroa Silva a trav\u00e9s de la Brigada de Delitos Sexuales de la Polic\u00eda de Investigaciones de Los Andes.<br \/>\nEs as\u00ed como el pasado d\u00eda martes, V\u00edctor Figueroa Silva fue arrestado en la v\u00eda p\u00fablica en la comuna andina por el delito de abuso sexual y violaci\u00f3n, siendo trasladado hasta la unidad policial para ser conducido el d\u00eda de ayer mi\u00e9rcoles hasta las dependencias del Juzgado de Garant\u00eda de San Felipe.<br \/>\nEn la audiencia de formalizaci\u00f3n, la Fiscal Gabriela Fuenzalida, representante del Ministerio P\u00fablico, relat\u00f3 los ultrajes que habr\u00eda sufrido la menor desde el a\u00f1o pasado hasta el mes de julio reci\u00e9n pasado, a las que habr\u00eda sido sometida cuando se encontraba al cuidado de quien la ni\u00f1a consideraba su padre.<\/p>\n<p><strong>CUMPLEA\u00d1OS<\/strong><br \/>\nSeg\u00fan se pudo conocer, el \u00faltimo contacto que la v\u00edctima que cursa 7\u00ba B\u00e1sico tuvo con su agresor, fue el d\u00eda de su cumplea\u00f1os el pasado s\u00e1bado, luego de que \u00e9ste le llevara un regalo y le informara de la separaci\u00f3n entre ambos, se\u00f1al\u00e1ndole que se ir\u00eda a vivir a la comuna de San Felipe, abandonando de esta manera la vivienda que compart\u00edan desde que la menor era beb\u00e9.<br \/>\nLa persecutora adem\u00e1s detall\u00f3 el informe forense remitido por el Servicio M\u00e9dico Legal que revela indicios de violaci\u00f3n, requiriendo ante el Tribunal la prisi\u00f3n preventiva del acusado por un plazo de 120 d\u00edas para la correspondiente investigaci\u00f3n del caso.<br \/>\nFue as\u00ed como la Magistrado Roc\u00edo Oscariz Collarte fue tajante en mencionar que la libertad del imputado representa un serio peligro para la v\u00edctima y un eventual peligro de fuga, toda vez que ambos delitos tienen pena de crimen, ordenando de esta manera su internaci\u00f3n en el Centro de Cumplimiento Penitenciario de San Felipe para cumplir la cautelar de presidio preventivo.<br \/>\nEn tanto la Fiscal\u00eda mantiene en la carpeta investigativa los antecedentes ginecol\u00f3gicos que dan cuenta de estas graves lesiones; como tambi\u00e9n los relatos de la menor y una develaci\u00f3n que hace a un tercero: \u00abCon esos antecedentes, atendida la gravedad de los hechos, de que se trata de una menor de 14 a\u00f1os que conforme a la Ley 18.216 el imputado en ning\u00fan caso no tendr\u00eda acceso a una pena sustitutiva, el Tribunal acogi\u00f3 la tesis de la Fiscal\u00eda en cuanto a que la libertad del imputado constituye un peligro no solamente de la sociedad sino de la misma v\u00edctima, considerando que el agresor es su padrastro donde exist\u00eda un v\u00ednculo afectivo porque lo trata de pap\u00e1, estando bajo su cuidado que agrava m\u00e1s la conducta\u00bb, expres\u00f3 a Diario El Trabajo, la representante del Ministerio P\u00fablico, Gabriela Fuenzalida.<br \/>\nConocida la decisi\u00f3n del Tribunal de Garant\u00eda, familiares y cercanos del imputado se retiraron de la sala en medio de llantos y lamentaciones por los hechos denunciados.<br \/>\n<strong>Pablo Salinas Sald\u00edas<\/strong><\/p>\n","protected":false},"excerpt":{"rendered":"<p>Los cr\u00edmenes cometidos por un hombre de 48 a\u00f1os habr\u00edan ocurrido cuando se encontraba al cuidado de la menor de 13 en su vivienda ubicada en la Villa Los Aromos de Panquehue,&#8230;<\/p>\n","protected":false},"author":482,"featured_media":60953,"comment_status":"open","ping_status":"open","sticky":false,"template":"","format":"standard","meta":{"advanced_seo_description":"","jetpack_seo_html_title":"","jetpack_seo_noindex":false,"_jetpack_memberships_contains_paid_content":false,"footnotes":""},"categories":[21],"tags":[],"class_list":["post-60952","post","type-post","status-publish","format-standard","has-post-thumbnail","hentry","category-policial"],"jetpack_featured_media_url":"https:\/\/i0.wp.com\/eltrabajo.cl\/portal\/wp-content\/uploads\/2015\/08\/Imputado-Detenido.jpg?fit=530%2C346&ssl=1","jetpack_sharing_enabled":true,"jetpack_likes_enabled":true,"jetpack-related-posts":[],"_links":{"self":[{"href":"https:\/\/eltrabajo.cl\/portal\/wp-json\/wp\/v2\/posts\/60952","targetHints":{"allow":["GET"]}}],"collection":[{"href":"https:\/\/eltrabajo.cl\/portal\/wp-json\/wp\/v2\/posts"}],"about":[{"href":"https:\/\/eltrabajo.cl\/portal\/wp-json\/wp\/v2\/types\/post"}],"author":[{"embeddable":true,"href":"https:\/\/eltrabajo.cl\/portal\/wp-json\/wp\/v2\/users\/482"}],"replies":[{"embeddable":true,"href":"https:\/\/eltrabajo.cl\/portal\/wp-json\/wp\/v2\/comments?post=60952"}],"version-history":[{"count":0,"href":"https:\/\/eltrabajo.cl\/portal\/wp-json\/wp\/v2\/posts\/60952\/revisions"}],"wp:featuredmedia":[{"embeddable":true,"href":"https:\/\/eltrabajo.cl\/portal\/wp-json\/wp\/v2\/media\/60953"}],"wp:attachment":[{"href":"https:\/\/eltrabajo.cl\/portal\/wp-json\/wp\/v2\/media?parent=60952"}],"wp:term":[{"taxonomy":"category","embeddable":true,"href":"https:\/\/eltrabajo.cl\/portal\/wp-json\/wp\/v2\/categories?post=60952"},{"taxonomy":"post_tag","embeddable":true,"href":"https:\/\/eltrabajo.cl\/portal\/wp-json\/wp\/v2\/tags?post=60952"}],"curies":[{"name":"wp","href":"https:\/\/api.w.org\/{rel}","templated":true}]}}