{"id":60956,"date":"2015-08-13T09:57:35","date_gmt":"2015-08-13T12:57:35","guid":{"rendered":"http:\/\/www.eltrabajo.cl\/portal\/?p=60956"},"modified":"2015-08-13T09:57:35","modified_gmt":"2015-08-13T12:57:35","slug":"en-regimiento-yungay-investigan-presunta-violacion-de-una-soldado-conscripto","status":"publish","type":"post","link":"https:\/\/eltrabajo.cl\/portal\/en-regimiento-yungay-investigan-presunta-violacion-de-una-soldado-conscripto\/","title":{"rendered":"En Regimiento Yungay investigan presunta violaci\u00f3n de una soldado conscripto"},"content":{"rendered":"<figure id=\"attachment_60957\" aria-describedby=\"caption-attachment-60957\" style=\"width: 300px\" class=\"wp-caption alignleft\"><a href=\"https:\/\/i0.wp.com\/www.eltrabajo.cl\/portal\/wp-content\/uploads\/2015\/08\/YUNGAY9.jpg\"><img data-recalc-dims=\"1\" loading=\"lazy\" decoding=\"async\" class=\"wp-image-60957 size-medium\" src=\"https:\/\/i0.wp.com\/www.eltrabajo.cl\/portal\/wp-content\/uploads\/2015\/08\/YUNGAY9-300x198.jpg?resize=300%2C198\" alt=\"Se inform\u00f3 mediante un comunicado la existencia de una denuncia por violaci\u00f3n en contra de un cabo. El ultraje se habr\u00eda llevado a cabo al interior de las dependencias del Regimiento Reforzado Yungay de Los Andes.\" width=\"300\" height=\"198\" srcset=\"https:\/\/i0.wp.com\/eltrabajo.cl\/portal\/wp-content\/uploads\/2015\/08\/YUNGAY9.jpg?resize=300%2C198&amp;ssl=1 300w, https:\/\/i0.wp.com\/eltrabajo.cl\/portal\/wp-content\/uploads\/2015\/08\/YUNGAY9.jpg?resize=200%2C132&amp;ssl=1 200w, https:\/\/i0.wp.com\/eltrabajo.cl\/portal\/wp-content\/uploads\/2015\/08\/YUNGAY9.jpg?resize=228%2C150&amp;ssl=1 228w, https:\/\/i0.wp.com\/eltrabajo.cl\/portal\/wp-content\/uploads\/2015\/08\/YUNGAY9.jpg?resize=400%2C263&amp;ssl=1 400w, https:\/\/i0.wp.com\/eltrabajo.cl\/portal\/wp-content\/uploads\/2015\/08\/YUNGAY9.jpg?w=530&amp;ssl=1 530w\" sizes=\"auto, (max-width: 300px) 100vw, 300px\" \/><\/a><figcaption id=\"caption-attachment-60957\" class=\"wp-caption-text\">Se inform\u00f3 mediante un comunicado la existencia de una denuncia por violaci\u00f3n en contra de un cabo. El ultraje se habr\u00eda llevado a cabo al interior de las dependencias del Regimiento Reforzado Yungay de Los Andes.<\/figcaption><\/figure>\n<ul>\n<li><strong>Acusado se encuentra en calidad de detenido en la misma unidad militar.<\/strong><\/li>\n<\/ul>\n<p><strong>LOS ANDES.-<\/strong> La fiscal\u00eda Militar de Aconcagua junto con la Brigada de Delitos Sexuales de la PDI de Los Andes se encuentran investigando la presunta violaci\u00f3n de una soldado conscripto al interior de las dependencias del Regimiento Reforzado Yungay de Los Andes.<br \/>\nPor medio de un comunicado de prensa, la unidad militar confirm\u00f3 la existencia de una denuncia presentada por la afectada el 10 de agosto en contra de un superior por hechos que habr\u00edan ocurrido en dependencias de la unidad.<br \/>\nEn la Brigada de Delitos Sexuales se excusaron de entregar antecedentes del hecho por estar radicada la causa en la justicia militar.<br \/>\nExtraoficialmente se supo que al autor del hecho ser\u00eda un Cabo y el ultraje ocurri\u00f3 en el sector de los Quinchos del casino de oficiales.<br \/>\nEl autor se encuentra detenido en dependencias de la misma unidad militar conforme a lo informado por el Regimiento.<\/p>\n","protected":false},"excerpt":{"rendered":"<p>Acusado se encuentra en calidad de detenido en la misma unidad militar. LOS ANDES.- La fiscal\u00eda Militar de Aconcagua junto con la Brigada de Delitos Sexuales de la PDI de Los Andes&#8230;<\/p>\n","protected":false},"author":482,"featured_media":60957,"comment_status":"open","ping_status":"open","sticky":false,"template":"","format":"standard","meta":{"advanced_seo_description":"","jetpack_seo_html_title":"","jetpack_seo_noindex":false,"_jetpack_memberships_contains_paid_content":false,"footnotes":""},"categories":[21],"tags":[],"class_list":["post-60956","post","type-post","status-publish","format-standard","has-post-thumbnail","hentry","category-policial"],"jetpack_featured_media_url":"https:\/\/i0.wp.com\/eltrabajo.cl\/portal\/wp-content\/uploads\/2015\/08\/YUNGAY9.jpg?fit=530%2C349&ssl=1","jetpack_sharing_enabled":true,"jetpack_likes_enabled":true,"jetpack-related-posts":[],"_links":{"self":[{"href":"https:\/\/eltrabajo.cl\/portal\/wp-json\/wp\/v2\/posts\/60956","targetHints":{"allow":["GET"]}}],"collection":[{"href":"https:\/\/eltrabajo.cl\/portal\/wp-json\/wp\/v2\/posts"}],"about":[{"href":"https:\/\/eltrabajo.cl\/portal\/wp-json\/wp\/v2\/types\/post"}],"author":[{"embeddable":true,"href":"https:\/\/eltrabajo.cl\/portal\/wp-json\/wp\/v2\/users\/482"}],"replies":[{"embeddable":true,"href":"https:\/\/eltrabajo.cl\/portal\/wp-json\/wp\/v2\/comments?post=60956"}],"version-history":[{"count":0,"href":"https:\/\/eltrabajo.cl\/portal\/wp-json\/wp\/v2\/posts\/60956\/revisions"}],"wp:featuredmedia":[{"embeddable":true,"href":"https:\/\/eltrabajo.cl\/portal\/wp-json\/wp\/v2\/media\/60957"}],"wp:attachment":[{"href":"https:\/\/eltrabajo.cl\/portal\/wp-json\/wp\/v2\/media?parent=60956"}],"wp:term":[{"taxonomy":"category","embeddable":true,"href":"https:\/\/eltrabajo.cl\/portal\/wp-json\/wp\/v2\/categories?post=60956"},{"taxonomy":"post_tag","embeddable":true,"href":"https:\/\/eltrabajo.cl\/portal\/wp-json\/wp\/v2\/tags?post=60956"}],"curies":[{"name":"wp","href":"https:\/\/api.w.org\/{rel}","templated":true}]}}