{"id":60964,"date":"2015-08-14T09:17:30","date_gmt":"2015-08-14T12:17:30","guid":{"rendered":"http:\/\/www.eltrabajo.cl\/portal\/?p=60964"},"modified":"2015-08-14T09:17:30","modified_gmt":"2015-08-14T12:17:30","slug":"camara-de-comercio-reedita-este-domingo-la-maraton-de-garzones","status":"publish","type":"post","link":"https:\/\/eltrabajo.cl\/portal\/camara-de-comercio-reedita-este-domingo-la-maraton-de-garzones\/","title":{"rendered":"C\u00e1mara de Comercio reedita este domingo la \u2018Marat\u00f3n de Garzones\u2019"},"content":{"rendered":"<figure id=\"attachment_60965\" aria-describedby=\"caption-attachment-60965\" style=\"width: 300px\" class=\"wp-caption alignleft\"><a href=\"https:\/\/i0.wp.com\/www.eltrabajo.cl\/portal\/wp-content\/uploads\/2015\/08\/teresa-ponce.jpg\"><img data-recalc-dims=\"1\" loading=\"lazy\" decoding=\"async\" class=\"wp-image-60965 size-medium\" src=\"https:\/\/i0.wp.com\/www.eltrabajo.cl\/portal\/wp-content\/uploads\/2015\/08\/teresa-ponce-300x198.jpg?resize=300%2C198\" alt=\"En la foto de archivo, una de las \u00faltimas versiones de la 'Marat\u00f3n de los Garzones', el a\u00f1o 2011, donde entre muchos otros fue premiada por a\u00f1os de servicios, Mar\u00eda Teresa Ponce, de Restaurant Reinares, en la foto junto al propietario del establecimiento, Rodrigo Cataldo.\" width=\"300\" height=\"198\" srcset=\"https:\/\/i0.wp.com\/eltrabajo.cl\/portal\/wp-content\/uploads\/2015\/08\/teresa-ponce.jpg?resize=300%2C198&amp;ssl=1 300w, https:\/\/i0.wp.com\/eltrabajo.cl\/portal\/wp-content\/uploads\/2015\/08\/teresa-ponce.jpg?resize=200%2C132&amp;ssl=1 200w, https:\/\/i0.wp.com\/eltrabajo.cl\/portal\/wp-content\/uploads\/2015\/08\/teresa-ponce.jpg?resize=228%2C150&amp;ssl=1 228w, https:\/\/i0.wp.com\/eltrabajo.cl\/portal\/wp-content\/uploads\/2015\/08\/teresa-ponce.jpg?resize=400%2C263&amp;ssl=1 400w, https:\/\/i0.wp.com\/eltrabajo.cl\/portal\/wp-content\/uploads\/2015\/08\/teresa-ponce.jpg?w=530&amp;ssl=1 530w\" sizes=\"auto, (max-width: 300px) 100vw, 300px\" \/><\/a><figcaption id=\"caption-attachment-60965\" class=\"wp-caption-text\">En la foto de archivo, una de las \u00faltimas versiones de la &#8216;Marat\u00f3n de los Garzones&#8217;, el a\u00f1o 2011, donde entre muchos otros fue premiada por a\u00f1os de servicios, Mar\u00eda Teresa Ponce, de Restaurant Reinares, en la foto junto al propietario del establecimiento, Rodrigo Cataldo.<\/figcaption><\/figure>\n<p>Para este domingo est\u00e1 contemplada la realizaci\u00f3n de la Marat\u00f3n de Garzones, iniciativa impulsada por la C\u00e1mara de Comercio y Turismo de San Felipe, organismo cuyo nuevo directorio decidi\u00f3 sumarse a las actividades de aniversario de la comuna, desarrollando una instancia que hasta hace alg\u00fan tiempo era tradicional en esta \u00e9poca y que ha decidido reeditar.<br \/>\nM\u00e1s de 30 garzones ya han confirmado su participaci\u00f3n en esta corrida, representando a distintos establecimientos gastron\u00f3micos de la comuna.<br \/>\nEl presidente de la C\u00e1mara de Comercio y Turismo, Alejandro Gonz\u00e1lez Leiva, manifest\u00f3 que esta actividad era tradicional y se hac\u00eda muy necesario reeditarla.<br \/>\n\u00abYo recuerdo que la marat\u00f3n o corrida de los garzones se hac\u00eda hace a\u00f1os, cuando incluso estaba don Patricio Freire participando de la C\u00e1mara de Comercio. Por eso decidimos reeditarla, pues sabemos que es una instancia que la comunidad valora y que resulta muy atractiva y entretenida. Quisimos sumarnos porque estamos dando un reimpulso a la C\u00e1mara de Comercio y esta es una muestra de ello\u00bb, se\u00f1al\u00f3 el dirigente.<br \/>\nSeg\u00fan explic\u00f3 Soledad Llanos, directora de la C\u00e1mara de Comercio, la marat\u00f3n de garzones considera premios para los ganadores de las tres categor\u00edas que se definieron, as\u00ed como para el p\u00fablico que asista a esta actividad.<br \/>\n\u00abHabr\u00e1 premios para los primeros lugares de tres categor\u00edas que hemos definido. Pero tambi\u00e9n entregaremos premios y habr\u00e1 sorpresas para el p\u00fablico, as\u00ed es que esperamos que nos acompa\u00f1en este domingo a esta entretenida actividad\u00bb, se\u00f1al\u00f3 Soledad Llanos.<br \/>\nAlejandro Gonz\u00e1lez resalt\u00f3 que tras la constituci\u00f3n del nuevo directorio de la C\u00e1mara de Comercio y Turismo, sus integrantes se han fijado una serie de objetivos orientados a fortalecer la uni\u00f3n y el trabajo conjunto de los comerciantes de San Felipe.<br \/>\nRespecto de la marat\u00f3n de los garzones, esta actividad se realizar\u00e1 este domingo, a las 12 horas, en calle Salinas entre Arturo Prat y Merced.<\/p>\n","protected":false},"excerpt":{"rendered":"<p>Para este domingo est\u00e1 contemplada la realizaci\u00f3n de la Marat\u00f3n de Garzones, iniciativa impulsada por la C\u00e1mara de Comercio y Turismo de San Felipe, organismo cuyo nuevo directorio decidi\u00f3 sumarse a las&#8230;<\/p>\n","protected":false},"author":482,"featured_media":60965,"comment_status":"open","ping_status":"open","sticky":false,"template":"","format":"standard","meta":{"advanced_seo_description":"","jetpack_seo_html_title":"","jetpack_seo_noindex":false,"_jetpack_memberships_contains_paid_content":false,"footnotes":""},"categories":[15],"tags":[],"class_list":["post-60964","post","type-post","status-publish","format-standard","has-post-thumbnail","hentry","category-comunidad"],"jetpack_featured_media_url":"https:\/\/i0.wp.com\/eltrabajo.cl\/portal\/wp-content\/uploads\/2015\/08\/teresa-ponce.jpg?fit=530%2C349&ssl=1","jetpack_sharing_enabled":true,"jetpack_likes_enabled":true,"jetpack-related-posts":[],"_links":{"self":[{"href":"https:\/\/eltrabajo.cl\/portal\/wp-json\/wp\/v2\/posts\/60964","targetHints":{"allow":["GET"]}}],"collection":[{"href":"https:\/\/eltrabajo.cl\/portal\/wp-json\/wp\/v2\/posts"}],"about":[{"href":"https:\/\/eltrabajo.cl\/portal\/wp-json\/wp\/v2\/types\/post"}],"author":[{"embeddable":true,"href":"https:\/\/eltrabajo.cl\/portal\/wp-json\/wp\/v2\/users\/482"}],"replies":[{"embeddable":true,"href":"https:\/\/eltrabajo.cl\/portal\/wp-json\/wp\/v2\/comments?post=60964"}],"version-history":[{"count":0,"href":"https:\/\/eltrabajo.cl\/portal\/wp-json\/wp\/v2\/posts\/60964\/revisions"}],"wp:featuredmedia":[{"embeddable":true,"href":"https:\/\/eltrabajo.cl\/portal\/wp-json\/wp\/v2\/media\/60965"}],"wp:attachment":[{"href":"https:\/\/eltrabajo.cl\/portal\/wp-json\/wp\/v2\/media?parent=60964"}],"wp:term":[{"taxonomy":"category","embeddable":true,"href":"https:\/\/eltrabajo.cl\/portal\/wp-json\/wp\/v2\/categories?post=60964"},{"taxonomy":"post_tag","embeddable":true,"href":"https:\/\/eltrabajo.cl\/portal\/wp-json\/wp\/v2\/tags?post=60964"}],"curies":[{"name":"wp","href":"https:\/\/api.w.org\/{rel}","templated":true}]}}