{"id":60967,"date":"2015-08-14T09:20:16","date_gmt":"2015-08-14T12:20:16","guid":{"rendered":"http:\/\/www.eltrabajo.cl\/portal\/?p=60967"},"modified":"2015-08-14T09:20:16","modified_gmt":"2015-08-14T12:20:16","slug":"entregan-bonificacion-estatal-a-comunidad-de-campo-jahuel-por-metas-obtenidas","status":"publish","type":"post","link":"https:\/\/eltrabajo.cl\/portal\/entregan-bonificacion-estatal-a-comunidad-de-campo-jahuel-por-metas-obtenidas\/","title":{"rendered":"Entregan bonificaci\u00f3n estatal a Comunidad de Campo Jahuel por metas obtenidas"},"content":{"rendered":"<figure id=\"attachment_60968\" aria-describedby=\"caption-attachment-60968\" style=\"width: 300px\" class=\"wp-caption alignleft\"><a href=\"https:\/\/i0.wp.com\/www.eltrabajo.cl\/portal\/wp-content\/uploads\/2015\/08\/Conaf-mesetas.Imagen-fija001.jpg\"><img data-recalc-dims=\"1\" loading=\"lazy\" decoding=\"async\" class=\"wp-image-60968 size-medium\" src=\"https:\/\/i0.wp.com\/www.eltrabajo.cl\/portal\/wp-content\/uploads\/2015\/08\/Conaf-mesetas.Imagen-fija001-300x197.jpg?resize=300%2C197\" alt=\"Junto al alcalde Claudio Zurita, se hizo entrega del cheque de bonificaci\u00f3n estatal\" width=\"300\" height=\"197\" srcset=\"https:\/\/i0.wp.com\/eltrabajo.cl\/portal\/wp-content\/uploads\/2015\/08\/Conaf-mesetas.Imagen-fija001.jpg?resize=300%2C197&amp;ssl=1 300w, https:\/\/i0.wp.com\/eltrabajo.cl\/portal\/wp-content\/uploads\/2015\/08\/Conaf-mesetas.Imagen-fija001.jpg?resize=200%2C131&amp;ssl=1 200w, https:\/\/i0.wp.com\/eltrabajo.cl\/portal\/wp-content\/uploads\/2015\/08\/Conaf-mesetas.Imagen-fija001.jpg?resize=228%2C150&amp;ssl=1 228w, https:\/\/i0.wp.com\/eltrabajo.cl\/portal\/wp-content\/uploads\/2015\/08\/Conaf-mesetas.Imagen-fija001.jpg?resize=400%2C263&amp;ssl=1 400w, https:\/\/i0.wp.com\/eltrabajo.cl\/portal\/wp-content\/uploads\/2015\/08\/Conaf-mesetas.Imagen-fija001.jpg?w=530&amp;ssl=1 530w\" sizes=\"auto, (max-width: 300px) 100vw, 300px\" \/><\/a><figcaption id=\"caption-attachment-60968\" class=\"wp-caption-text\">Junto al alcalde Claudio Zurita, se hizo entrega del cheque de bonificaci\u00f3n estatal<\/figcaption><\/figure>\n<p>La comunidad de Campo Jahuel en la comuna de Santa Mar\u00eda recibi\u00f3 este d\u00eda mi\u00e9rcoles una bonificaci\u00f3n estatal de manos de Conaf por haber logrado con \u00e9xito las metas del proyecto piloto ejecutado en la Quinta Regi\u00f3n.<br \/>\nDebido a la gran sequ\u00eda que nos gobernaba, este bosque de gran extensi\u00f3n, y emplazado en un lugar geogr\u00e1fico privilegiado, se estaba secando. Entonces la directiva de la Comunidad de Campo decidi\u00f3 formar una alianza con Conaf para intentar de alguna manera salvar el bosque y a su vez limpiarlo para el uso tur\u00edstico y de recreaci\u00f3n.<br \/>\nEs as\u00ed como Jorge Burgos, actual Director del Jard\u00edn Bot\u00e1nico de Vi\u00f1a del Mar, y entonces, Jefe bi Provincial de Conaf, comenz\u00f3 a planear un uso racional y sustentable en del bosque. Junto a profesionales como Osvaldo Arce, Ingeniero Forestal y Santiago Huaiquinao Encargado Regional del Bosque Nativo, se planific\u00f3 un proyecto de reducci\u00f3n de masa verde y levantamiento de copas tanto del espino como el quillay en un \u00e1rea de 48 hect\u00e1reas. Dicha acci\u00f3n se hace para que el \u00e1rbol o arbusto aproveche mejor el escaso recurso h\u00eddrico y logre mantener brotes verdes y sanos aunque en menos cantidad. La intervenci\u00f3n y manejo tuvo excelentes resultados salvando casi en su totalidad lo proyectado.<\/p>\n<figure id=\"attachment_60969\" aria-describedby=\"caption-attachment-60969\" style=\"width: 300px\" class=\"wp-caption alignright\"><a href=\"https:\/\/i0.wp.com\/www.eltrabajo.cl\/portal\/wp-content\/uploads\/2015\/08\/Conaf-mesetas.Imagen-fija002.jpg\"><img data-recalc-dims=\"1\" loading=\"lazy\" decoding=\"async\" class=\"wp-image-60969 size-medium\" src=\"https:\/\/i0.wp.com\/www.eltrabajo.cl\/portal\/wp-content\/uploads\/2015\/08\/Conaf-mesetas.Imagen-fija002-300x198.jpg?resize=300%2C198\" alt=\"Sin importar el fr\u00edo o la nube a baja altura, autoridades realizaron un recorrido por el bosque intervenido.\" width=\"300\" height=\"198\" srcset=\"https:\/\/i0.wp.com\/eltrabajo.cl\/portal\/wp-content\/uploads\/2015\/08\/Conaf-mesetas.Imagen-fija002.jpg?resize=300%2C198&amp;ssl=1 300w, https:\/\/i0.wp.com\/eltrabajo.cl\/portal\/wp-content\/uploads\/2015\/08\/Conaf-mesetas.Imagen-fija002.jpg?resize=200%2C132&amp;ssl=1 200w, https:\/\/i0.wp.com\/eltrabajo.cl\/portal\/wp-content\/uploads\/2015\/08\/Conaf-mesetas.Imagen-fija002.jpg?resize=228%2C150&amp;ssl=1 228w, https:\/\/i0.wp.com\/eltrabajo.cl\/portal\/wp-content\/uploads\/2015\/08\/Conaf-mesetas.Imagen-fija002.jpg?resize=400%2C263&amp;ssl=1 400w, https:\/\/i0.wp.com\/eltrabajo.cl\/portal\/wp-content\/uploads\/2015\/08\/Conaf-mesetas.Imagen-fija002.jpg?w=530&amp;ssl=1 530w\" sizes=\"auto, (max-width: 300px) 100vw, 300px\" \/><\/a><figcaption id=\"caption-attachment-60969\" class=\"wp-caption-text\">Sin importar el fr\u00edo o la nube a baja altura, autoridades realizaron un recorrido por el bosque intervenido.<\/figcaption><\/figure>\n<p>Producto de lo anterior, se visit\u00f3 el bosque en las mesetas con una comitiva que cont\u00f3 con la presencia de la actual Jefa Bi-provincial, Denisse N\u00fa\u00f1ez Casta\u00f1eda, el presidente de la Comunidad de Campo Jahuel, Rub\u00e9n Mu\u00f1oz, El tesorero de la comunidad, Miguel Mu\u00f1oz, la totalidad de los profesionales involucrados en el proyecto y la Directora (S) de Conaf Petorca, donde a pesar del fr\u00edo y la nube a baja altura, se tom\u00f3 un rico caf\u00e9 y mate con quequitos , recorriendo el bosque intervenido. Cabe destacar que en el campo se uni\u00f3 en gobernador Eduardo Le\u00f3n y posteriormente, en una ceremonia al interior de la Biblioteca P\u00fablica de Santa Mar\u00eda, con la presencia del Alcalde de la comuna Claudio Zurita Ibarra, se procedi\u00f3 a entregar el cheque de bonificaci\u00f3n estatal parcial, ya que a\u00fan faltan etapas en el proyecto por ejecutar por la labor cumplida y la posibilidad de intervenir 30 hect\u00e1reas m\u00e1s.<br \/>\nRoberto Mercado Aced<\/p>\n","protected":false},"excerpt":{"rendered":"<p>La comunidad de Campo Jahuel en la comuna de Santa Mar\u00eda recibi\u00f3 este d\u00eda mi\u00e9rcoles una bonificaci\u00f3n estatal de manos de Conaf por haber logrado con \u00e9xito las metas del proyecto piloto&#8230;<\/p>\n","protected":false},"author":482,"featured_media":60968,"comment_status":"open","ping_status":"open","sticky":false,"template":"","format":"standard","meta":{"advanced_seo_description":"","jetpack_seo_html_title":"","jetpack_seo_noindex":false,"_jetpack_memberships_contains_paid_content":false,"footnotes":""},"categories":[15],"tags":[],"class_list":["post-60967","post","type-post","status-publish","format-standard","has-post-thumbnail","hentry","category-comunidad"],"jetpack_featured_media_url":"https:\/\/i0.wp.com\/eltrabajo.cl\/portal\/wp-content\/uploads\/2015\/08\/Conaf-mesetas.Imagen-fija001.jpg?fit=530%2C348&ssl=1","jetpack_sharing_enabled":true,"jetpack_likes_enabled":true,"jetpack-related-posts":[],"_links":{"self":[{"href":"https:\/\/eltrabajo.cl\/portal\/wp-json\/wp\/v2\/posts\/60967","targetHints":{"allow":["GET"]}}],"collection":[{"href":"https:\/\/eltrabajo.cl\/portal\/wp-json\/wp\/v2\/posts"}],"about":[{"href":"https:\/\/eltrabajo.cl\/portal\/wp-json\/wp\/v2\/types\/post"}],"author":[{"embeddable":true,"href":"https:\/\/eltrabajo.cl\/portal\/wp-json\/wp\/v2\/users\/482"}],"replies":[{"embeddable":true,"href":"https:\/\/eltrabajo.cl\/portal\/wp-json\/wp\/v2\/comments?post=60967"}],"version-history":[{"count":0,"href":"https:\/\/eltrabajo.cl\/portal\/wp-json\/wp\/v2\/posts\/60967\/revisions"}],"wp:featuredmedia":[{"embeddable":true,"href":"https:\/\/eltrabajo.cl\/portal\/wp-json\/wp\/v2\/media\/60968"}],"wp:attachment":[{"href":"https:\/\/eltrabajo.cl\/portal\/wp-json\/wp\/v2\/media?parent=60967"}],"wp:term":[{"taxonomy":"category","embeddable":true,"href":"https:\/\/eltrabajo.cl\/portal\/wp-json\/wp\/v2\/categories?post=60967"},{"taxonomy":"post_tag","embeddable":true,"href":"https:\/\/eltrabajo.cl\/portal\/wp-json\/wp\/v2\/tags?post=60967"}],"curies":[{"name":"wp","href":"https:\/\/api.w.org\/{rel}","templated":true}]}}