{"id":60984,"date":"2015-08-14T09:31:19","date_gmt":"2015-08-14T12:31:19","guid":{"rendered":"http:\/\/www.eltrabajo.cl\/portal\/?p=60984"},"modified":"2015-08-14T09:31:19","modified_gmt":"2015-08-14T12:31:19","slug":"planta-se-fue-a-la-quiebra-y-no-les-pagan-ni-sus-sueldos-ni-sus-imposiciones","status":"publish","type":"post","link":"https:\/\/eltrabajo.cl\/portal\/planta-se-fue-a-la-quiebra-y-no-les-pagan-ni-sus-sueldos-ni-sus-imposiciones\/","title":{"rendered":"Planta se fue a la quiebra y no les pagan ni sus sueldos ni sus imposiciones"},"content":{"rendered":"<figure id=\"attachment_60985\" aria-describedby=\"caption-attachment-60985\" style=\"width: 300px\" class=\"wp-caption alignleft\"><a href=\"https:\/\/i0.wp.com\/www.eltrabajo.cl\/portal\/wp-content\/uploads\/2015\/08\/trabajadores-gvf-alimentos.jpg\"><img data-recalc-dims=\"1\" loading=\"lazy\" decoding=\"async\" class=\"wp-image-60985 size-medium\" src=\"https:\/\/i0.wp.com\/www.eltrabajo.cl\/portal\/wp-content\/uploads\/2015\/08\/trabajadores-gvf-alimentos-300x199.jpg?resize=300%2C199\" alt=\"Mar\u00eda Elena Vera, Leandro Rodr\u00edguez Valdebenito y Viviana Gald\u00e1mez, tres de los trabajadores afectados, hablaron tambi\u00e9n con el Gobernador Eduardo Le\u00f3n para pedirle ayuda.\" width=\"300\" height=\"199\" srcset=\"https:\/\/i0.wp.com\/eltrabajo.cl\/portal\/wp-content\/uploads\/2015\/08\/trabajadores-gvf-alimentos.jpg?resize=300%2C199&amp;ssl=1 300w, https:\/\/i0.wp.com\/eltrabajo.cl\/portal\/wp-content\/uploads\/2015\/08\/trabajadores-gvf-alimentos.jpg?resize=200%2C133&amp;ssl=1 200w, https:\/\/i0.wp.com\/eltrabajo.cl\/portal\/wp-content\/uploads\/2015\/08\/trabajadores-gvf-alimentos.jpg?resize=226%2C150&amp;ssl=1 226w, https:\/\/i0.wp.com\/eltrabajo.cl\/portal\/wp-content\/uploads\/2015\/08\/trabajadores-gvf-alimentos.jpg?resize=400%2C265&amp;ssl=1 400w, https:\/\/i0.wp.com\/eltrabajo.cl\/portal\/wp-content\/uploads\/2015\/08\/trabajadores-gvf-alimentos.jpg?w=528&amp;ssl=1 528w\" sizes=\"auto, (max-width: 300px) 100vw, 300px\" \/><\/a><figcaption id=\"caption-attachment-60985\" class=\"wp-caption-text\">Mar\u00eda Elena Vera, Leandro Rodr\u00edguez Valdebenito y Viviana Gald\u00e1mez, tres de los trabajadores afectados, hablaron tambi\u00e9n con el Gobernador Eduardo Le\u00f3n para pedirle ayuda.<\/figcaption><\/figure>\n<p>Alrededor de 20 trabajadores de la empresa \u00abGVF Alimentos\u00bb quedaron a la deriva al perder sus puestos de trabajo en la planta procesadora de frutos secos ubicada en el sector de la carretera San Mart\u00edn, espec\u00edficamente callej\u00f3n Cifuentes sin n\u00famero, a un costado de la planta Del Monte.<br \/>\nSe trata de una empresa exportadora de pasas y frutos secos con su propia planta procesadora que prestaba servicios, entre otros, a la empresa Nestl\u00e9, para quien procesaba pasas al ron, y que pertenece a Luis D\u00edaz Ochoa, empresario de Santiago con alrededor de seis a\u00f1os operando en el lugar.<br \/>\nAs\u00ed al menos lo manifestaron Mar\u00eda Elena Vera, dirigente nacional de la Confederaci\u00f3n Unidad Obrera Campesina, quien se desempe\u00f1aba como operaria desde hace un a\u00f1o; Leandro Rodr\u00edguez Valdebenito, operador de m\u00e1quina, con cuatro a\u00f1os y medio en la empresa; Mar\u00eda Araya, encargada macerado; Viviana Gald\u00e1mez, control de calidad, y Manuela Mu\u00f1oz, operaria, todas con 6 a\u00f1os de antig\u00fcedad.<br \/>\nSeg\u00fan denunciaron, el pasado 30 de junio su empleador les avis\u00f3 que la empresa estaba en quiebra, que trabajar\u00edan solo hasta ese d\u00eda y que el s\u00edndico vendr\u00eda, liquidar\u00eda la sociedad y pagar\u00eda sus finiquitos. Por ello continuaron asistiendo todos los d\u00edas al trabajo, para encontrarse con el s\u00edndico, apoyando de paso a su patr\u00f3n para el cual hab\u00edan trabajado tanto tiempo; fue as\u00ed como, entre otras cosas, trabajaron arduamente, incluso en horario nocturno, para sacar la producci\u00f3n que quedaba antes que llegara el s\u00edndico.<br \/>\nPero eso no fue todo, estaban tan comprometidos con su patr\u00f3n que incluso ayudaron a cargar y trasladar las valiosas m\u00e1quinas que ten\u00eda la empresa, para ocultarlas y que no se las llevara el banco&#8230;<\/p>\n<p><strong>LLEGA EL S\u00cdNDICO<\/strong><br \/>\nAs\u00ed transcurri\u00f3 el mes de julio, donde los trabajadores, a pesar de haber sido despedidos, contin\u00faan trabajando y esperando la llegada del s\u00edndico, que \u00abllegar\u00eda uno de esos d\u00edas\u00bb, les dec\u00edan&#8230; Curiosamente el viernes 7 de agosto les dicen que si quieren pueden irse porque el s\u00edndico ya no llegar\u00e1 ese d\u00eda, pero los trabajadores prefieren quedarse \u2018por si las moscas\u2019.<br \/>\nSi fue buena o mala idea, juzgue cada cual, lo cierto que ese d\u00eda apareci\u00f3 el s\u00edndico Enrique Ortiz D\u2019Amico, y desde ese d\u00eda comienzan los baldes de agua fr\u00eda para los trabajadores. Enrique Ortiz les informa que \u00e9l proceder\u00e1 a finiquitarlos, pero en el fondo se trata de un mero tr\u00e1mite, de oficializar el despido, ya que la empresa no tiene activos para liquidar y haber solventado sus finiquitos y los ocho meses de cotizaciones impagas que tienen, pues todo el equipamiento que est\u00e1 en el lugar es propiedad del banco.<br \/>\nLos trabajadores, desconcertados, decepcionados, impotentes, desesperados, le hacen ver al s\u00edndico que la empresa s\u00ed cuenta con valiosa maquinaria que se ocult\u00f3 en dos predios vecinos, por lo cual lo llevan hasta ambos lugares, pero en ninguno de ellos pueden hacer gran cosa ya que los propietarios de esos predios no permiten que se ingrese a verificar la situaci\u00f3n.<\/p>\n<p><strong>PLANTA EN LAMPA<\/strong><br \/>\nCabe destacar que a juicio de los trabajadores, los equipos y m\u00e1quinas que ten\u00eda la empresa deber\u00edan valer unos 300 millones de pesos aproximadamente, y de ese equipamiento un 60 por ciento se encontrar\u00eda escondido.<br \/>\nAgregan que entre las m\u00e1quinas que aseguran fueron ocultadas por la empresa, se cuenta un equipo de rayos X de \u00faltima generaci\u00f3n que detecta piedras, metales o cualquier basura en la fruta, siendo capaz de limpiarla en forma autom\u00e1tica a trav\u00e9s de un sistema de inyecci\u00f3n de aire. Sin duda, avanzada tecnolog\u00eda que bastar\u00eda para cancelar con creces las deudas de la empresa.<br \/>\nPero eso no es todo, porque seg\u00fan se\u00f1alan, tienen antecedentes que el propietario de la empresa, con el equipamiento oculto, estar\u00eda abriendo otra planta en Lampa, pues se trata de equipos m\u00e1s que suficientes para el procesamiento de la fruta. Hasta ese lugar, aseguran, se estar\u00eda llevando algunos trabajadores que \u2018permanecieron fiel\u2019 a \u00e9l.<\/p>\n<p><strong>\u00abC\u00d3BRENLE AL S\u00cdNDICO\u00bb<\/strong><br \/>\nProsiguiendo con la historia, el asunto es que al no obtener del s\u00edndico el dinero que esperaban obtener, los trabajadores acuden a su empleador para que les cancele el mes de julio, pues necesitan alimentarse, depend\u00edan de ese trabajo y ahora que no lo tienen necesitan m\u00e1s que nunca que se les pague ese \u00faltimo mes trabajado, adem\u00e1s del finiquito y los 8 meses de imposiciones impagas, pero su empleador, molesto porque hablaron con el s\u00edndico, se siente \u2018traicionado\u2019 y les habr\u00eda manifestado que no les pagar\u00eda, \u00abque fueran a cobrarle al s\u00edndico\u00bb, aseguran.<br \/>\nDiario El Trabajo intent\u00f3 hablar con Luis D\u00edaz Ochoa, propietario de la empresa, a trav\u00e9s de un n\u00famero telef\u00f3nico entregado por los trabajadores, pero al intentarlo una grabaci\u00f3n respond\u00eda: \u00abEl tel\u00e9fono al que usted ha llamado no est\u00e1 autorizado para recibir llamadas\u00bb.<\/p>\n<p><strong>HABLA EL S\u00cdNDICO<\/strong><br \/>\nFinalmente y con el objetivo de tener una versi\u00f3n m\u00e1s imparcial del conflicto, intentamos entrevistarnos con el s\u00edndico Enrique Ortiz D\u2019Amico, quien nos pidi\u00f3 le envi\u00e1ramos un cuestionario para poder responder nuestras inquietudes. He aqu\u00ed dicho cuestionario y sus respuestas:<br \/>\n<strong>&#8211; \u00bfCu\u00e1l es la situaci\u00f3n concreta en que se encuentra \u2018GVF Alimentos\u2019?, \u00bfen proceso de liquidaci\u00f3n, de renegociaci\u00f3n, de quiebra?<\/strong><br \/>\n<strong>&#8211;<\/strong> Se encuentra en proceso de liquidaci\u00f3n, lo que en nomenclatura de la antigua Ley se denominaba \u2018Quiebra\u2019.<br \/>\n<strong>-\u00bfPor qu\u00e9 no se puede finiquitar a los trabajadores si la empresa cuenta con una enorme y valiosa infraestructura estimada en unos 300 millones de pesos?, seg\u00fan la evaluaci\u00f3n no experta de los trabajadores.<\/strong><br \/>\n<strong>&#8211;<\/strong> Todos los activos que se encuentran al interior de la planta, con excepci\u00f3n de una camioneta y cuestiones menores, se encuentran arrendados, en modalidad de leasing.<br \/>\n<strong>&#8211; Los trabajadores describen diversas maquinarias y equipos de avanzada tecnolog\u00eda como un sistema de rayos X, los cuales habr\u00edan sido ocultados por el due\u00f1o usando a los mismos trabajadores para esa labor, lo que les permite saber d\u00f3nde est\u00e1n esos equipos. \u00bfEs efectivo que usted acompa\u00f1\u00f3 a los trabajadores al predio donde supuestamente se encontraban las m\u00e1quinas?<\/strong><br \/>\n<strong>&#8211;<\/strong> Efectivamente me constitu\u00ed en dos domicilios se\u00f1alados por los trabajadores en b\u00fasqueda de otros bienes de la sociedad, pero se trat\u00f3 de otras empresas y no hab\u00edan activos de la fallida.<br \/>\n<strong>&#8211; Si la empresa est\u00e1 en proceso de liquidaci\u00f3n, \u00bfcu\u00e1les son las prioridades a la hora de liquidar los activos, los trabajadores o la banca?<\/strong><br \/>\n<strong>&#8211;<\/strong> Los trabajadores tienen la prioridad tanto en el pago como en el trato que debe d\u00e1rsele por su condici\u00f3n menos fuerte en este tipo de procedimientos.<br \/>\n<strong>&#8211; De acuerdo a la denominada \u2018Ley Bustos\u2019, los trabajadores no pueden ser despedidos ni finiquitados mientras se les adeude sus imposiciones. \u00bfEstos es as\u00ed cuando una empresa va a la quiebra?, ya que a ellos se les debe sueldo de \u00faltimo mes, finiquito e imposiciones de alrededor de 8 meses.<\/strong><br \/>\n<strong>&#8211;<\/strong> Los trabajadores necesitan ser despedidos, pues ya no siguen prestando servicio en una empresa que no les cancela sus remuneraciones.<br \/>\n<strong>&#8211; Los trabajadores denuncian que su empleador est\u00e1 abriendo la misma planta con las maquinarias escondidas, en la localidad deLampa. \u00bfEs eso factible, puede hacer eso una persona que se declara insolvente, iniciar un nuevo emprendimiento con los mismos activos?<\/strong><br \/>\n<strong>&#8211;<\/strong> Desconozco concretamente esta situaci\u00f3n.<br \/>\n<strong>&#8211; Basado en su experiencia, \u00bfqu\u00e9 soluci\u00f3n pueden tener los trabajadores? \u00bfTienen alguna esperanza?<\/strong><br \/>\n<strong>&#8211;<\/strong> En mi opini\u00f3n, los due\u00f1os de la empresa debieran comparecer en el proceso y solventar el pago de los trabajadores, puesto que los activos incautados a la fecha no son suficientes para ello.<br \/>\n<strong>Marco A. Juri<\/strong><\/p>\n<div class=\"tiled-gallery type-rectangular tiled-gallery-unresized\" data-original-width=\"640\" data-carousel-extra='null' itemscope itemtype=\"http:\/\/schema.org\/ImageGallery\" > <div class=\"gallery-row\" style=\"width: 640px; height: 212px;\" data-original-width=\"640\" data-original-height=\"212\" > <div class=\"gallery-group images-1\" style=\"width: 320px; height: 212px;\" data-original-width=\"320\" data-original-height=\"212\" > <div class=\"tiled-gallery-item tiled-gallery-item-large\" itemprop=\"associatedMedia\" itemscope itemtype=\"http:\/\/schema.org\/ImageObject\"> <a href=\"https:\/\/eltrabajo.cl\/portal\/planta-se-fue-a-la-quiebra-y-no-les-pagan-ni-sus-sueldos-ni-sus-imposiciones\/planta-1\/\" border=\"0\" itemprop=\"url\"> <meta itemprop=\"width\" content=\"316\"> <meta itemprop=\"height\" content=\"208\"> <img decoding=\"async\" class=\"\" data-attachment-id=\"60986\" data-orig-file=\"https:\/\/eltrabajo.cl\/portal\/wp-content\/uploads\/2015\/08\/planta-1.jpg\" data-orig-size=\"530,350\" data-comments-opened=\"1\" data-image-meta=\"{&quot;aperture&quot;:&quot;0&quot;,&quot;credit&quot;:&quot;&quot;,&quot;camera&quot;:&quot;&quot;,&quot;caption&quot;:&quot;&quot;,&quot;created_timestamp&quot;:&quot;0&quot;,&quot;copyright&quot;:&quot;&quot;,&quot;focal_length&quot;:&quot;0&quot;,&quot;iso&quot;:&quot;0&quot;,&quot;shutter_speed&quot;:&quot;0&quot;,&quot;title&quot;:&quot;&quot;,&quot;orientation&quot;:&quot;0&quot;}\" data-image-title=\"planta 1\" data-image-description=\"&lt;p&gt;La planta era bastante grande y ten\u00eda una importante producci\u00f3n de pasas y frutos secos.&lt;\/p&gt; \" data-medium-file=\"https:\/\/i0.wp.com\/eltrabajo.cl\/portal\/wp-content\/uploads\/2015\/08\/planta-1.jpg?fit=300%2C198&#038;ssl=1\" data-large-file=\"https:\/\/i0.wp.com\/eltrabajo.cl\/portal\/wp-content\/uploads\/2015\/08\/planta-1.jpg?fit=530%2C350&#038;ssl=1\" src=\"https:\/\/i0.wp.com\/eltrabajo.cl\/portal\/wp-content\/uploads\/2015\/08\/planta-1.jpg?w=316&#038;h=208&#038;ssl=1\" srcset=\"https:\/\/i0.wp.com\/eltrabajo.cl\/portal\/wp-content\/uploads\/2015\/08\/planta-1.jpg?w=530&amp;ssl=1 530w, https:\/\/i0.wp.com\/eltrabajo.cl\/portal\/wp-content\/uploads\/2015\/08\/planta-1.jpg?resize=200%2C132&amp;ssl=1 200w, https:\/\/i0.wp.com\/eltrabajo.cl\/portal\/wp-content\/uploads\/2015\/08\/planta-1.jpg?resize=300%2C198&amp;ssl=1 300w, https:\/\/i0.wp.com\/eltrabajo.cl\/portal\/wp-content\/uploads\/2015\/08\/planta-1.jpg?resize=227%2C150&amp;ssl=1 227w, https:\/\/i0.wp.com\/eltrabajo.cl\/portal\/wp-content\/uploads\/2015\/08\/planta-1.jpg?resize=400%2C264&amp;ssl=1 400w\" width=\"316\" height=\"208\" loading=\"lazy\" data-original-width=\"316\" data-original-height=\"208\" itemprop=\"http:\/\/schema.org\/image\" title=\"planta 1\" alt=\"La planta era bastante grande y ten\u00eda una importante producci\u00f3n de pasas y frutos secos.\" style=\"width: 316px; height: 208px;\" \/> <\/a> <div class=\"tiled-gallery-caption\" itemprop=\"caption description\"> La planta era bastante grande y ten\u00eda una importante producci\u00f3n de pasas y frutos secos. <\/div> <\/div> <\/div> <!-- close group --> <div class=\"gallery-group images-1\" style=\"width: 320px; height: 212px;\" data-original-width=\"320\" data-original-height=\"212\" > <div class=\"tiled-gallery-item tiled-gallery-item-large\" itemprop=\"associatedMedia\" itemscope itemtype=\"http:\/\/schema.org\/ImageObject\"> <a href=\"https:\/\/eltrabajo.cl\/portal\/planta-se-fue-a-la-quiebra-y-no-les-pagan-ni-sus-sueldos-ni-sus-imposiciones\/planta-rayos-x\/\" border=\"0\" itemprop=\"url\"> <meta itemprop=\"width\" content=\"316\"> <meta itemprop=\"height\" content=\"208\"> <img decoding=\"async\" class=\"\" data-attachment-id=\"60987\" data-orig-file=\"https:\/\/eltrabajo.cl\/portal\/wp-content\/uploads\/2015\/08\/planta-rayos-x.jpg\" data-orig-size=\"530,349\" data-comments-opened=\"1\" data-image-meta=\"{&quot;aperture&quot;:&quot;0&quot;,&quot;credit&quot;:&quot;&quot;,&quot;camera&quot;:&quot;&quot;,&quot;caption&quot;:&quot;&quot;,&quot;created_timestamp&quot;:&quot;0&quot;,&quot;copyright&quot;:&quot;&quot;,&quot;focal_length&quot;:&quot;0&quot;,&quot;iso&quot;:&quot;0&quot;,&quot;shutter_speed&quot;:&quot;0&quot;,&quot;title&quot;:&quot;&quot;,&quot;orientation&quot;:&quot;0&quot;}\" data-image-title=\"planta rayos x\" data-image-description=\"&lt;p&gt;Solo este equipo de rayos X cuesta una fortuna y bastar\u00eda para pagar todas las deudas de la empresa, aseguraron los trabajadores.&lt;\/p&gt; \" data-medium-file=\"https:\/\/i0.wp.com\/eltrabajo.cl\/portal\/wp-content\/uploads\/2015\/08\/planta-rayos-x.jpg?fit=300%2C198&#038;ssl=1\" data-large-file=\"https:\/\/i0.wp.com\/eltrabajo.cl\/portal\/wp-content\/uploads\/2015\/08\/planta-rayos-x.jpg?fit=530%2C349&#038;ssl=1\" src=\"https:\/\/i0.wp.com\/eltrabajo.cl\/portal\/wp-content\/uploads\/2015\/08\/planta-rayos-x.jpg?w=316&#038;h=208&#038;ssl=1\" srcset=\"https:\/\/i0.wp.com\/eltrabajo.cl\/portal\/wp-content\/uploads\/2015\/08\/planta-rayos-x.jpg?w=530&amp;ssl=1 530w, https:\/\/i0.wp.com\/eltrabajo.cl\/portal\/wp-content\/uploads\/2015\/08\/planta-rayos-x.jpg?resize=200%2C132&amp;ssl=1 200w, https:\/\/i0.wp.com\/eltrabajo.cl\/portal\/wp-content\/uploads\/2015\/08\/planta-rayos-x.jpg?resize=300%2C198&amp;ssl=1 300w, https:\/\/i0.wp.com\/eltrabajo.cl\/portal\/wp-content\/uploads\/2015\/08\/planta-rayos-x.jpg?resize=228%2C150&amp;ssl=1 228w, https:\/\/i0.wp.com\/eltrabajo.cl\/portal\/wp-content\/uploads\/2015\/08\/planta-rayos-x.jpg?resize=400%2C263&amp;ssl=1 400w\" width=\"316\" height=\"208\" loading=\"lazy\" data-original-width=\"316\" data-original-height=\"208\" itemprop=\"http:\/\/schema.org\/image\" title=\"planta rayos x\" alt=\"Solo este equipo de rayos X cuesta una fortuna y bastar\u00eda para pagar todas las deudas de la empresa, aseguraron los trabajadores.\" style=\"width: 316px; height: 208px;\" \/> <\/a> <div class=\"tiled-gallery-caption\" itemprop=\"caption description\"> Solo este equipo de rayos X cuesta una fortuna y bastar\u00eda para pagar todas las deudas de la empresa, aseguraron los trabajadores. <\/div> <\/div> <\/div> <!-- close group --> <\/div> <!-- close row --> <\/div>\n","protected":false},"excerpt":{"rendered":"<p>Alrededor de 20 trabajadores de la empresa \u00abGVF Alimentos\u00bb quedaron a la deriva al perder sus puestos de trabajo en la planta procesadora de frutos secos ubicada en el sector de la&#8230;<\/p>\n","protected":false},"author":482,"featured_media":60985,"comment_status":"open","ping_status":"open","sticky":false,"template":"","format":"standard","meta":{"advanced_seo_description":"","jetpack_seo_html_title":"","jetpack_seo_noindex":false,"_jetpack_memberships_contains_paid_content":false,"footnotes":""},"categories":[15],"tags":[],"class_list":["post-60984","post","type-post","status-publish","format-standard","has-post-thumbnail","hentry","category-comunidad"],"jetpack_featured_media_url":"https:\/\/i0.wp.com\/eltrabajo.cl\/portal\/wp-content\/uploads\/2015\/08\/trabajadores-gvf-alimentos.jpg?fit=528%2C350&ssl=1","jetpack_sharing_enabled":true,"jetpack_likes_enabled":true,"jetpack-related-posts":[],"_links":{"self":[{"href":"https:\/\/eltrabajo.cl\/portal\/wp-json\/wp\/v2\/posts\/60984","targetHints":{"allow":["GET"]}}],"collection":[{"href":"https:\/\/eltrabajo.cl\/portal\/wp-json\/wp\/v2\/posts"}],"about":[{"href":"https:\/\/eltrabajo.cl\/portal\/wp-json\/wp\/v2\/types\/post"}],"author":[{"embeddable":true,"href":"https:\/\/eltrabajo.cl\/portal\/wp-json\/wp\/v2\/users\/482"}],"replies":[{"embeddable":true,"href":"https:\/\/eltrabajo.cl\/portal\/wp-json\/wp\/v2\/comments?post=60984"}],"version-history":[{"count":0,"href":"https:\/\/eltrabajo.cl\/portal\/wp-json\/wp\/v2\/posts\/60984\/revisions"}],"wp:featuredmedia":[{"embeddable":true,"href":"https:\/\/eltrabajo.cl\/portal\/wp-json\/wp\/v2\/media\/60985"}],"wp:attachment":[{"href":"https:\/\/eltrabajo.cl\/portal\/wp-json\/wp\/v2\/media?parent=60984"}],"wp:term":[{"taxonomy":"category","embeddable":true,"href":"https:\/\/eltrabajo.cl\/portal\/wp-json\/wp\/v2\/categories?post=60984"},{"taxonomy":"post_tag","embeddable":true,"href":"https:\/\/eltrabajo.cl\/portal\/wp-json\/wp\/v2\/tags?post=60984"}],"curies":[{"name":"wp","href":"https:\/\/api.w.org\/{rel}","templated":true}]}}