{"id":60989,"date":"2015-08-14T09:33:15","date_gmt":"2015-08-14T12:33:15","guid":{"rendered":"http:\/\/www.eltrabajo.cl\/portal\/?p=60989"},"modified":"2015-08-14T09:33:15","modified_gmt":"2015-08-14T12:33:15","slug":"con-danos-totales-resulto-vivienda-tras-siniestro-en-poblacion-alejandrina-carvajal","status":"publish","type":"post","link":"https:\/\/eltrabajo.cl\/portal\/con-danos-totales-resulto-vivienda-tras-siniestro-en-poblacion-alejandrina-carvajal\/","title":{"rendered":"Con da\u00f1os totales result\u00f3 vivienda tras siniestro en poblaci\u00f3n Alejandrina Carvajal"},"content":{"rendered":"<figure id=\"attachment_60990\" aria-describedby=\"caption-attachment-60990\" style=\"width: 300px\" class=\"wp-caption alignleft\"><a href=\"https:\/\/i0.wp.com\/www.eltrabajo.cl\/portal\/wp-content\/uploads\/2015\/08\/Incendio-21.jpg\"><img data-recalc-dims=\"1\" loading=\"lazy\" decoding=\"async\" class=\"wp-image-60990 size-medium\" src=\"https:\/\/i0.wp.com\/www.eltrabajo.cl\/portal\/wp-content\/uploads\/2015\/08\/Incendio-21-300x198.jpg?resize=300%2C198\" alt=\"La vivienda termin\u00f3 con m\u00e1s del 80% de su estructura destruida, producto del siniestro.\" width=\"300\" height=\"198\" srcset=\"https:\/\/i0.wp.com\/eltrabajo.cl\/portal\/wp-content\/uploads\/2015\/08\/Incendio-21.jpg?resize=300%2C198&amp;ssl=1 300w, https:\/\/i0.wp.com\/eltrabajo.cl\/portal\/wp-content\/uploads\/2015\/08\/Incendio-21.jpg?resize=200%2C132&amp;ssl=1 200w, https:\/\/i0.wp.com\/eltrabajo.cl\/portal\/wp-content\/uploads\/2015\/08\/Incendio-21.jpg?resize=227%2C150&amp;ssl=1 227w, https:\/\/i0.wp.com\/eltrabajo.cl\/portal\/wp-content\/uploads\/2015\/08\/Incendio-21.jpg?resize=400%2C264&amp;ssl=1 400w, https:\/\/i0.wp.com\/eltrabajo.cl\/portal\/wp-content\/uploads\/2015\/08\/Incendio-21.jpg?w=530&amp;ssl=1 530w\" sizes=\"auto, (max-width: 300px) 100vw, 300px\" \/><\/a><figcaption id=\"caption-attachment-60990\" class=\"wp-caption-text\">La vivienda termin\u00f3 con m\u00e1s del 80% de su estructura destruida, producto del siniestro.<\/figcaption><\/figure>\n<p><strong>PUTAENDO.<\/strong>&#8211; Un voraz incendio que en minutos estuvo totalmente fuera de control, destruy\u00f3 casi por completo una vivienda de la poblaci\u00f3n Alejandrina Carvajal y dej\u00f3 da\u00f1os de consideraci\u00f3n en el domicilio contiguo.<br \/>\nA eso de las 20:15 horas de este mi\u00e9rcoles, el conductor de Buses Puma, Luis Vivar, que se encontraba en esa poblaci\u00f3n lavando su micro, advirti\u00f3 que desde la vivienda N\u00b06, de propiedad del folclorista y funcionario municipal Luis Vargas Escobar y de la funcionaria del Liceo Rep\u00fablica de Estados Unidos, Marianela Montenegro Ahumada, comenzaron a sentirse explosiones de vidrios, y en cosa de segundos presenci\u00f3 como el fuego comenz\u00f3 a salir desde una ampliaci\u00f3n del inmueble, por lo que tom\u00f3 dos extintores de la micro y trat\u00f3 de contener las llamas que se propagaron al entretecho y cubrieron el resto de la vivienda.<br \/>\nBomberos, que lleg\u00f3 r\u00e1pidamente al lugar se encontr\u00f3 con fuego descontrolado y avanzando r\u00e1pidamente a trav\u00e9s del entretecho hacia una segunda vivienda de propiedad del dirigente Miguel Paredes.<br \/>\nEl r\u00e1pido trabajo de Bomberos evit\u00f3 que la segunda vivienda fuese alcanzada totalmente por el fuego, y en su accionar tuvieron como dificultad el hecho que esas viviendas construidas en la d\u00e9cada de 1980 no cuentan con cortafuego, mientras que el primer inmueble result\u00f3 con da\u00f1os del m\u00e1s del 80%.<br \/>\nRespecto a las causas que originaron el siniestro, personal del Departamento T\u00e9cnico de Bomberos de Putaendo trabaja en la etapa de investigaci\u00f3n, sin embargo, no se descarta una falla en alg\u00fan sistema el\u00e9ctrico.<br \/>\nLos da\u00f1os en el hogar de Luis Vargas y Marianela Montenegro son pr\u00e1cticamente totales, ya que la ropa, camas, muebles y otro tipo de enceres fueron alcanzados por el fuego y tambi\u00e9n por efecto del agua.<br \/>\nEl 2do Comandante del Cuerpo de Bomberos de Putaendo, Francisco Correa, confirm\u00f3 que la situaci\u00f3n fue muy tensa y que efectivamente se encontraron con fuego violento y descontrolado, confirmando adem\u00e1s que la primera vivienda tiene pr\u00e1cticamente da\u00f1os totales.<br \/>\nHasta el cierre de esta edici\u00f3n a\u00fan continuaba el trabajo de bomberos en el lugar ante la consternaci\u00f3n de vecinos, familiares y amigos que llegaron a solidarizar con esta conocida familia.<br \/>\n<strong>Patricio Gallardo M.<\/strong><\/p>\n","protected":false},"excerpt":{"rendered":"<p>PUTAENDO.&#8211; Un voraz incendio que en minutos estuvo totalmente fuera de control, destruy\u00f3 casi por completo una vivienda de la poblaci\u00f3n Alejandrina Carvajal y dej\u00f3 da\u00f1os de consideraci\u00f3n en el domicilio contiguo&#8230;.<\/p>\n","protected":false},"author":482,"featured_media":60990,"comment_status":"open","ping_status":"open","sticky":false,"template":"","format":"standard","meta":{"advanced_seo_description":"","jetpack_seo_html_title":"","jetpack_seo_noindex":false,"_jetpack_memberships_contains_paid_content":false,"footnotes":""},"categories":[21],"tags":[],"class_list":["post-60989","post","type-post","status-publish","format-standard","has-post-thumbnail","hentry","category-policial"],"jetpack_featured_media_url":"https:\/\/i0.wp.com\/eltrabajo.cl\/portal\/wp-content\/uploads\/2015\/08\/Incendio-21.jpg?fit=530%2C350&ssl=1","jetpack_sharing_enabled":true,"jetpack_likes_enabled":true,"jetpack-related-posts":[],"_links":{"self":[{"href":"https:\/\/eltrabajo.cl\/portal\/wp-json\/wp\/v2\/posts\/60989","targetHints":{"allow":["GET"]}}],"collection":[{"href":"https:\/\/eltrabajo.cl\/portal\/wp-json\/wp\/v2\/posts"}],"about":[{"href":"https:\/\/eltrabajo.cl\/portal\/wp-json\/wp\/v2\/types\/post"}],"author":[{"embeddable":true,"href":"https:\/\/eltrabajo.cl\/portal\/wp-json\/wp\/v2\/users\/482"}],"replies":[{"embeddable":true,"href":"https:\/\/eltrabajo.cl\/portal\/wp-json\/wp\/v2\/comments?post=60989"}],"version-history":[{"count":0,"href":"https:\/\/eltrabajo.cl\/portal\/wp-json\/wp\/v2\/posts\/60989\/revisions"}],"wp:featuredmedia":[{"embeddable":true,"href":"https:\/\/eltrabajo.cl\/portal\/wp-json\/wp\/v2\/media\/60990"}],"wp:attachment":[{"href":"https:\/\/eltrabajo.cl\/portal\/wp-json\/wp\/v2\/media?parent=60989"}],"wp:term":[{"taxonomy":"category","embeddable":true,"href":"https:\/\/eltrabajo.cl\/portal\/wp-json\/wp\/v2\/categories?post=60989"},{"taxonomy":"post_tag","embeddable":true,"href":"https:\/\/eltrabajo.cl\/portal\/wp-json\/wp\/v2\/tags?post=60989"}],"curies":[{"name":"wp","href":"https:\/\/api.w.org\/{rel}","templated":true}]}}