{"id":60992,"date":"2015-08-14T09:35:46","date_gmt":"2015-08-14T12:35:46","guid":{"rendered":"http:\/\/www.eltrabajo.cl\/portal\/?p=60992"},"modified":"2015-08-14T09:35:46","modified_gmt":"2015-08-14T12:35:46","slug":"carabineros-refuerza-servicios-preventivos-logrando-11-detenidos","status":"publish","type":"post","link":"https:\/\/eltrabajo.cl\/portal\/carabineros-refuerza-servicios-preventivos-logrando-11-detenidos\/","title":{"rendered":"Carabineros refuerza servicios preventivos logrando 11 detenidos"},"content":{"rendered":"<figure id=\"attachment_60993\" aria-describedby=\"caption-attachment-60993\" style=\"width: 300px\" class=\"wp-caption alignleft\"><a href=\"https:\/\/i0.wp.com\/www.eltrabajo.cl\/portal\/wp-content\/uploads\/2015\/08\/DETENIDOS.jpg\"><img data-recalc-dims=\"1\" loading=\"lazy\" decoding=\"async\" class=\"wp-image-60993 size-medium\" src=\"https:\/\/i0.wp.com\/www.eltrabajo.cl\/portal\/wp-content\/uploads\/2015\/08\/DETENIDOS-300x197.jpg?resize=300%2C197\" alt=\"Los detenidos por Carabineros fueron puestos a disposici\u00f3n de la Fiscal\u00eda para la investigaci\u00f3n de los casos.\" width=\"300\" height=\"197\" srcset=\"https:\/\/i0.wp.com\/eltrabajo.cl\/portal\/wp-content\/uploads\/2015\/08\/DETENIDOS.jpg?resize=300%2C197&amp;ssl=1 300w, https:\/\/i0.wp.com\/eltrabajo.cl\/portal\/wp-content\/uploads\/2015\/08\/DETENIDOS.jpg?resize=200%2C131&amp;ssl=1 200w, https:\/\/i0.wp.com\/eltrabajo.cl\/portal\/wp-content\/uploads\/2015\/08\/DETENIDOS.jpg?resize=228%2C150&amp;ssl=1 228w, https:\/\/i0.wp.com\/eltrabajo.cl\/portal\/wp-content\/uploads\/2015\/08\/DETENIDOS.jpg?resize=400%2C263&amp;ssl=1 400w, https:\/\/i0.wp.com\/eltrabajo.cl\/portal\/wp-content\/uploads\/2015\/08\/DETENIDOS.jpg?w=530&amp;ssl=1 530w\" sizes=\"auto, (max-width: 300px) 100vw, 300px\" \/><\/a><figcaption id=\"caption-attachment-60993\" class=\"wp-caption-text\">Los detenidos por Carabineros fueron puestos a disposici\u00f3n de la Fiscal\u00eda para la investigaci\u00f3n de los casos.<\/figcaption><\/figure>\n<p>Personal de Carabineros de la provincia de San Felipe, de distintos destacamentos policiales, concret\u00f3 durante la madrugada de ayer un total de once detenciones tras patrullajes preventivos, impulsando la reducci\u00f3n de delitos, poniendo a disposici\u00f3n de la Fiscal\u00eda a cinco imputados por \u00f3rdenes vigentes de aprehensi\u00f3n, dos por amenazas simples, dos por portar arma blanca, uno por robo en lugar habitado y un \u00faltimo antisocial detenido por porte de drogas y arma de fuego.<br \/>\nLa Comisario de Carabineros, Mayor Maureen Espinoza, destac\u00f3 que los servicios preventivos se est\u00e1n desplegando en las seis comunas de la provincia de San Felipe con la finalidad de aumentar la sensaci\u00f3n de seguridad en la ciudadan\u00eda \u00abla idea es optimizar lo mejor posible para cubrir con nuestro personal a las comunas que est\u00e1n bajo el destacamento\u00bb.<\/p>\n<figure id=\"attachment_60994\" aria-describedby=\"caption-attachment-60994\" style=\"width: 300px\" class=\"wp-caption alignright\"><a href=\"https:\/\/i0.wp.com\/www.eltrabajo.cl\/portal\/wp-content\/uploads\/2015\/08\/DROGAS.jpg\"><img data-recalc-dims=\"1\" loading=\"lazy\" decoding=\"async\" class=\"wp-image-60994 size-medium\" src=\"https:\/\/i0.wp.com\/www.eltrabajo.cl\/portal\/wp-content\/uploads\/2015\/08\/DROGAS-300x199.jpg?resize=300%2C199\" alt=\"Personal de OS7 incaut\u00f3 las drogas, el arma de fuego y las municiones logrando la detenci\u00f3n de un sujeto.\" width=\"300\" height=\"199\" srcset=\"https:\/\/i0.wp.com\/eltrabajo.cl\/portal\/wp-content\/uploads\/2015\/08\/DROGAS.jpg?resize=300%2C199&amp;ssl=1 300w, https:\/\/i0.wp.com\/eltrabajo.cl\/portal\/wp-content\/uploads\/2015\/08\/DROGAS.jpg?resize=200%2C133&amp;ssl=1 200w, https:\/\/i0.wp.com\/eltrabajo.cl\/portal\/wp-content\/uploads\/2015\/08\/DROGAS.jpg?resize=226%2C150&amp;ssl=1 226w, https:\/\/i0.wp.com\/eltrabajo.cl\/portal\/wp-content\/uploads\/2015\/08\/DROGAS.jpg?resize=400%2C265&amp;ssl=1 400w, https:\/\/i0.wp.com\/eltrabajo.cl\/portal\/wp-content\/uploads\/2015\/08\/DROGAS.jpg?w=528&amp;ssl=1 528w\" sizes=\"auto, (max-width: 300px) 100vw, 300px\" \/><\/a><figcaption id=\"caption-attachment-60994\" class=\"wp-caption-text\">Personal de OS7 incaut\u00f3 las drogas, el arma de fuego y las municiones logrando la detenci\u00f3n de un sujeto.<\/figcaption><\/figure>\n<p>La oficial policial detall\u00f3 que uno de los imputados, identificado como Samuel Alfredo Saavedra Leal de 42 a\u00f1os de edad, fue sorprendido portando 90 gramos de marihuana elaborada, 3,2 gramos de clorhidrato de coca\u00edna, una pistola calibre 38 y cuatro cartuchos, quedando a disposici\u00f3n del Ministerio P\u00fablico.<br \/>\nLa Mayor Espinoza recalc\u00f3 que es importante que las v\u00edctimas de cualquier delito hagan de inmediato las correspondientes denuncias a la polic\u00eda uniformada \u00absin ellas no podemos establecer el detalle de lo que est\u00e1 ocurriendo, las formas en c\u00f3mo ocurren para localizar y georeferenciar, para hacer un an\u00e1lisis de las v\u00edctimas y los victimarios\u00bb.<br \/>\n<strong>Pablo Salinas Sald\u00edas<\/strong><\/p>\n","protected":false},"excerpt":{"rendered":"<p>Personal de Carabineros de la provincia de San Felipe, de distintos destacamentos policiales, concret\u00f3 durante la madrugada de ayer un total de once detenciones tras patrullajes preventivos, impulsando la reducci\u00f3n de delitos,&#8230;<\/p>\n","protected":false},"author":482,"featured_media":60993,"comment_status":"open","ping_status":"open","sticky":false,"template":"","format":"standard","meta":{"advanced_seo_description":"","jetpack_seo_html_title":"","jetpack_seo_noindex":false,"_jetpack_memberships_contains_paid_content":false,"footnotes":""},"categories":[21],"tags":[],"class_list":["post-60992","post","type-post","status-publish","format-standard","has-post-thumbnail","hentry","category-policial"],"jetpack_featured_media_url":"https:\/\/i0.wp.com\/eltrabajo.cl\/portal\/wp-content\/uploads\/2015\/08\/DETENIDOS.jpg?fit=530%2C348&ssl=1","jetpack_sharing_enabled":true,"jetpack_likes_enabled":true,"jetpack-related-posts":[],"_links":{"self":[{"href":"https:\/\/eltrabajo.cl\/portal\/wp-json\/wp\/v2\/posts\/60992","targetHints":{"allow":["GET"]}}],"collection":[{"href":"https:\/\/eltrabajo.cl\/portal\/wp-json\/wp\/v2\/posts"}],"about":[{"href":"https:\/\/eltrabajo.cl\/portal\/wp-json\/wp\/v2\/types\/post"}],"author":[{"embeddable":true,"href":"https:\/\/eltrabajo.cl\/portal\/wp-json\/wp\/v2\/users\/482"}],"replies":[{"embeddable":true,"href":"https:\/\/eltrabajo.cl\/portal\/wp-json\/wp\/v2\/comments?post=60992"}],"version-history":[{"count":0,"href":"https:\/\/eltrabajo.cl\/portal\/wp-json\/wp\/v2\/posts\/60992\/revisions"}],"wp:featuredmedia":[{"embeddable":true,"href":"https:\/\/eltrabajo.cl\/portal\/wp-json\/wp\/v2\/media\/60993"}],"wp:attachment":[{"href":"https:\/\/eltrabajo.cl\/portal\/wp-json\/wp\/v2\/media?parent=60992"}],"wp:term":[{"taxonomy":"category","embeddable":true,"href":"https:\/\/eltrabajo.cl\/portal\/wp-json\/wp\/v2\/categories?post=60992"},{"taxonomy":"post_tag","embeddable":true,"href":"https:\/\/eltrabajo.cl\/portal\/wp-json\/wp\/v2\/tags?post=60992"}],"curies":[{"name":"wp","href":"https:\/\/api.w.org\/{rel}","templated":true}]}}