{"id":60996,"date":"2015-08-14T09:38:30","date_gmt":"2015-08-14T12:38:30","guid":{"rendered":"http:\/\/www.eltrabajo.cl\/portal\/?p=60996"},"modified":"2015-08-14T09:38:30","modified_gmt":"2015-08-14T12:38:30","slug":"delincuentes-roban-automovil-desde-un-domicilio-en-avda-chacabuco","status":"publish","type":"post","link":"https:\/\/eltrabajo.cl\/portal\/delincuentes-roban-automovil-desde-un-domicilio-en-avda-chacabuco\/","title":{"rendered":"Delincuentes roban autom\u00f3vil desde un domicilio en Avda. Chacabuco"},"content":{"rendered":"<figure id=\"attachment_60997\" aria-describedby=\"caption-attachment-60997\" style=\"width: 300px\" class=\"wp-caption alignleft\"><a href=\"https:\/\/i0.wp.com\/www.eltrabajo.cl\/portal\/wp-content\/uploads\/2015\/08\/german-espindola-afectado-robo-auto.jpg\"><img data-recalc-dims=\"1\" loading=\"lazy\" decoding=\"async\" class=\"wp-image-60997 size-medium\" src=\"https:\/\/i0.wp.com\/www.eltrabajo.cl\/portal\/wp-content\/uploads\/2015\/08\/german-espindola-afectado-robo-auto-300x198.jpg?resize=300%2C198\" alt=\"Germ\u00e1n Esp\u00edndola, v\u00edctima de robo por segunda vez, se mostr\u00f3 molesto e impotente frente a la delincuencia.\" width=\"300\" height=\"198\" srcset=\"https:\/\/i0.wp.com\/eltrabajo.cl\/portal\/wp-content\/uploads\/2015\/08\/german-espindola-afectado-robo-auto.jpg?resize=300%2C198&amp;ssl=1 300w, https:\/\/i0.wp.com\/eltrabajo.cl\/portal\/wp-content\/uploads\/2015\/08\/german-espindola-afectado-robo-auto.jpg?resize=200%2C132&amp;ssl=1 200w, https:\/\/i0.wp.com\/eltrabajo.cl\/portal\/wp-content\/uploads\/2015\/08\/german-espindola-afectado-robo-auto.jpg?resize=227%2C150&amp;ssl=1 227w, https:\/\/i0.wp.com\/eltrabajo.cl\/portal\/wp-content\/uploads\/2015\/08\/german-espindola-afectado-robo-auto.jpg?resize=400%2C264&amp;ssl=1 400w, https:\/\/i0.wp.com\/eltrabajo.cl\/portal\/wp-content\/uploads\/2015\/08\/german-espindola-afectado-robo-auto.jpg?w=530&amp;ssl=1 530w\" sizes=\"auto, (max-width: 300px) 100vw, 300px\" \/><\/a><figcaption id=\"caption-attachment-60997\" class=\"wp-caption-text\">Germ\u00e1n Esp\u00edndola, v\u00edctima de robo por segunda vez, se mostr\u00f3 molesto e impotente frente a la delincuencia.<\/figcaption><\/figure>\n<ul>\n<li><strong>El veh\u00edculo hab\u00eda sido adquirido hace tres meses por su due\u00f1o. Carabineros logr\u00f3 detener a uno de los implicados.<\/strong><\/li>\n<\/ul>\n<p>La madrugada de ayer jueves, tres sujetos sustrajeron un autom\u00f3vil desde el interior de una vivienda ubicada en Avenida Chacabuco 57 esquina de Toro Mazote, en San Felipe.<br \/>\nPara ingresar al inmueble, los delincuentes cortaron el candado en la puerta de acceso a la propiedad, sustrayendo el autom\u00f3vil para posteriormente darse a la fuga, momento en el cual fueron sorprendidos por personal de Carabineros, inici\u00e1ndose una persecuci\u00f3n que finaliz\u00f3 en el sector poniente de la ciudad, espec\u00edficamente en Santa Teresa frente al 655, donde el autom\u00f3vil colision\u00f3 a otro que estaba estacionado, quedando con importantes da\u00f1os en su infraestructura.<br \/>\nLa informaci\u00f3n fue entregada por la mayor Maureen Espinoza, de la Segunda Comisar\u00eda de San Felipe, quien se\u00f1al\u00f3 que \u00ablamentablemente la v\u00edctima no se hab\u00eda percatado que le hab\u00edan sustra\u00eddo su veh\u00edculo, marca Chevrolet modelo Aveo, placa HB JT 37. Personal de Carabineros advierte esta situaci\u00f3n, y tras una persecuci\u00f3n, el m\u00f3vil choca en contra de otro que estaba estacionado, resultando con fuertes da\u00f1os, logrando ser detenido uno de los delincuentes\u00bb.<\/p>\n<figure id=\"attachment_60998\" aria-describedby=\"caption-attachment-60998\" style=\"width: 300px\" class=\"wp-caption alignright\"><a href=\"https:\/\/i0.wp.com\/www.eltrabajo.cl\/portal\/wp-content\/uploads\/2015\/08\/auto-robado.jpg\"><img data-recalc-dims=\"1\" loading=\"lazy\" decoding=\"async\" class=\"wp-image-60998 size-medium\" src=\"https:\/\/i0.wp.com\/www.eltrabajo.cl\/portal\/wp-content\/uploads\/2015\/08\/auto-robado-300x198.jpg?resize=300%2C198\" alt=\"El Chevrolet Aveo, comprado hace solo 3 meses, result\u00f3 con varios da\u00f1os que, por ser nuevo, demandar\u00e1n una peque\u00f1a fortuna reparar. \" width=\"300\" height=\"198\" srcset=\"https:\/\/i0.wp.com\/eltrabajo.cl\/portal\/wp-content\/uploads\/2015\/08\/auto-robado.jpg?resize=300%2C198&amp;ssl=1 300w, https:\/\/i0.wp.com\/eltrabajo.cl\/portal\/wp-content\/uploads\/2015\/08\/auto-robado.jpg?resize=200%2C132&amp;ssl=1 200w, https:\/\/i0.wp.com\/eltrabajo.cl\/portal\/wp-content\/uploads\/2015\/08\/auto-robado.jpg?resize=228%2C150&amp;ssl=1 228w, https:\/\/i0.wp.com\/eltrabajo.cl\/portal\/wp-content\/uploads\/2015\/08\/auto-robado.jpg?resize=400%2C263&amp;ssl=1 400w, https:\/\/i0.wp.com\/eltrabajo.cl\/portal\/wp-content\/uploads\/2015\/08\/auto-robado.jpg?w=530&amp;ssl=1 530w\" sizes=\"auto, (max-width: 300px) 100vw, 300px\" \/><\/a><figcaption id=\"caption-attachment-60998\" class=\"wp-caption-text\">El Chevrolet Aveo, comprado hace solo 3 meses, result\u00f3 con varios da\u00f1os que, por ser nuevo, demandar\u00e1n una peque\u00f1a fortuna reparar.<\/figcaption><\/figure>\n<p>La Comisario de Carabineros de San Felipe agreg\u00f3 que \u00abes importante se\u00f1alar que esto se logra a trav\u00e9s de esta focalizaci\u00f3n que se est\u00e1 haciendo de los delitos, a trav\u00e9s de patrullajes preventivos que se dispusieron por cuadr\u00edculas, no solo por cuadrante, logrando con \u00e9xito esta detenci\u00f3n y esperamos que los tribunales de justicia y Ministerio P\u00fablico hagan su trabajo, para poder sacar de circulaci\u00f3n a estos delincuentes\u00bb, sentenci\u00f3 la oficial.<br \/>\nEn tanto, Germ\u00e1n Esp\u00edndola C\u00e9spedes, propietario del veh\u00edculo, visiblemente afectado se refiri\u00f3 a este lamentable hecho, manifestando que \u00abya no se puede vivir tranquilo, los ladrones andan sueltos y uno tiene que estar encerrado. Ya son dos veces, una en mi casa habitaci\u00f3n, y ahora en un sitio aleda\u00f1o, y ahora me percat\u00e9 gracias a Carabineros, ellos me avisaron que el auto estaba detenido en la comisar\u00eda y chocado, el que hab\u00eda adquirido hace tres meses. Siento impotencia, rabia, no s\u00e9 qu\u00e9 hacer, el primer robo en mi casa, me llega una notificaci\u00f3n de la fiscal\u00eda que no se puede investigar m\u00e1s por no haber sospechosos, entonces qu\u00e9 podemos hacer\u00bb.<br \/>\nEl detenido, quien tiene antecedentes policiales por distintos tipos de delitos, pero ninguna causa pendiente, pas\u00f3 a control de detenci\u00f3n la ma\u00f1ana de ayer jueves por el delito de robo en lugar habitado.<\/p>\n","protected":false},"excerpt":{"rendered":"<p>El veh\u00edculo hab\u00eda sido adquirido hace tres meses por su due\u00f1o. Carabineros logr\u00f3 detener a uno de los implicados. La madrugada de ayer jueves, tres sujetos sustrajeron un autom\u00f3vil desde el interior&#8230;<\/p>\n","protected":false},"author":482,"featured_media":60997,"comment_status":"open","ping_status":"open","sticky":false,"template":"","format":"standard","meta":{"advanced_seo_description":"","jetpack_seo_html_title":"","jetpack_seo_noindex":false,"_jetpack_memberships_contains_paid_content":false,"footnotes":""},"categories":[21],"tags":[],"class_list":["post-60996","post","type-post","status-publish","format-standard","has-post-thumbnail","hentry","category-policial"],"jetpack_featured_media_url":"https:\/\/i0.wp.com\/eltrabajo.cl\/portal\/wp-content\/uploads\/2015\/08\/german-espindola-afectado-robo-auto.jpg?fit=530%2C350&ssl=1","jetpack_sharing_enabled":true,"jetpack_likes_enabled":true,"jetpack-related-posts":[],"_links":{"self":[{"href":"https:\/\/eltrabajo.cl\/portal\/wp-json\/wp\/v2\/posts\/60996","targetHints":{"allow":["GET"]}}],"collection":[{"href":"https:\/\/eltrabajo.cl\/portal\/wp-json\/wp\/v2\/posts"}],"about":[{"href":"https:\/\/eltrabajo.cl\/portal\/wp-json\/wp\/v2\/types\/post"}],"author":[{"embeddable":true,"href":"https:\/\/eltrabajo.cl\/portal\/wp-json\/wp\/v2\/users\/482"}],"replies":[{"embeddable":true,"href":"https:\/\/eltrabajo.cl\/portal\/wp-json\/wp\/v2\/comments?post=60996"}],"version-history":[{"count":0,"href":"https:\/\/eltrabajo.cl\/portal\/wp-json\/wp\/v2\/posts\/60996\/revisions"}],"wp:featuredmedia":[{"embeddable":true,"href":"https:\/\/eltrabajo.cl\/portal\/wp-json\/wp\/v2\/media\/60997"}],"wp:attachment":[{"href":"https:\/\/eltrabajo.cl\/portal\/wp-json\/wp\/v2\/media?parent=60996"}],"wp:term":[{"taxonomy":"category","embeddable":true,"href":"https:\/\/eltrabajo.cl\/portal\/wp-json\/wp\/v2\/categories?post=60996"},{"taxonomy":"post_tag","embeddable":true,"href":"https:\/\/eltrabajo.cl\/portal\/wp-json\/wp\/v2\/tags?post=60996"}],"curies":[{"name":"wp","href":"https:\/\/api.w.org\/{rel}","templated":true}]}}