{"id":61006,"date":"2015-08-17T09:30:57","date_gmt":"2015-08-17T12:30:57","guid":{"rendered":"http:\/\/www.eltrabajo.cl\/portal\/?p=61006"},"modified":"2015-08-17T09:30:57","modified_gmt":"2015-08-17T12:30:57","slug":"inauguran-calles-pavimentadas-en-tres-villas-de-rinconada","status":"publish","type":"post","link":"https:\/\/eltrabajo.cl\/portal\/inauguran-calles-pavimentadas-en-tres-villas-de-rinconada\/","title":{"rendered":"Inauguran calles pavimentadas \u00a0en tres villas de Rinconada"},"content":{"rendered":"<figure id=\"attachment_61007\" aria-describedby=\"caption-attachment-61007\" style=\"width: 300px\" class=\"wp-caption alignleft\"><a href=\"https:\/\/i0.wp.com\/www.eltrabajo.cl\/portal\/wp-content\/uploads\/2015\/08\/INAUGURACI%C3%93N-TRES-VILLAS-3.jpg\"><img data-recalc-dims=\"1\" loading=\"lazy\" decoding=\"async\" class=\"wp-image-61007 size-medium\" src=\"https:\/\/i0.wp.com\/www.eltrabajo.cl\/portal\/wp-content\/uploads\/2015\/08\/INAUGURACI%C3%93N-TRES-VILLAS-3-300x198.jpg?resize=300%2C198\" alt=\"Diversas autoridades de la comuna participaron en la inauguraci\u00f3n la pavimentaci\u00f3n de calles en tres villas de Rinconada.\" width=\"300\" height=\"198\" srcset=\"https:\/\/i0.wp.com\/eltrabajo.cl\/portal\/wp-content\/uploads\/2015\/08\/INAUGURACI%C3%93N-TRES-VILLAS-3.jpg?resize=300%2C198&amp;ssl=1 300w, https:\/\/i0.wp.com\/eltrabajo.cl\/portal\/wp-content\/uploads\/2015\/08\/INAUGURACI%C3%93N-TRES-VILLAS-3.jpg?resize=200%2C132&amp;ssl=1 200w, https:\/\/i0.wp.com\/eltrabajo.cl\/portal\/wp-content\/uploads\/2015\/08\/INAUGURACI%C3%93N-TRES-VILLAS-3.jpg?resize=228%2C150&amp;ssl=1 228w, https:\/\/i0.wp.com\/eltrabajo.cl\/portal\/wp-content\/uploads\/2015\/08\/INAUGURACI%C3%93N-TRES-VILLAS-3.jpg?resize=400%2C263&amp;ssl=1 400w, https:\/\/i0.wp.com\/eltrabajo.cl\/portal\/wp-content\/uploads\/2015\/08\/INAUGURACI%C3%93N-TRES-VILLAS-3.jpg?w=530&amp;ssl=1 530w\" sizes=\"auto, (max-width: 300px) 100vw, 300px\" \/><\/a><figcaption id=\"caption-attachment-61007\" class=\"wp-caption-text\">Diversas autoridades de la comuna participaron en la inauguraci\u00f3n la pavimentaci\u00f3n de calles en tres villas de Rinconada.<\/figcaption><\/figure>\n<p><strong>RINCONADA.<\/strong>&#8211; Con un recorrido por las nuevas calles comenz\u00f3 la inauguraci\u00f3n de villa Espa\u00f1a, El Solar y Arco\u00edris. El alcalde Pedro Caballer\u00eda, junto al Seremi de Vivienda Mauricio Candia, la gobernadora de Los Andes Mar\u00eda Victoria Rodr\u00edguez, concejales, vecinos y parte del equipo municipal, constataron los cambios de estos sectores y tomaban al mismo tiempo las impresiones de los beneficiados.<br \/>\nEl alcalde Pedro Caballer\u00eda manifest\u00f3 que \u201cfueron casi 30 a\u00f1os esperando su pavimentaci\u00f3n y hoy es una realidad. Calles de buena calidad y les hemos entregado a los vecinos \u00e1rboles para que puedan plantar en su villa tambi\u00e9n\u201d.<br \/>\nCon respecto a los pr\u00f3ximos proyectos manifest\u00f3 que ya est\u00e1 listo para presentar el de calle G\u00e1lvez, tambi\u00e9n muy anhelado por los habitantes de la comuna y en donde se debe invertir m\u00e1s de 700 millones de pesos y que esperan contar con los votos necesarios para lograrlo en el pr\u00f3ximo pleno que es a fines de agosto.<br \/>\nEn el proyecto de la villa El Solar se invirtieron m\u00e1s de 34 millones de pesos, en villa Arco\u00edris; calle los Naranjos, poco m\u00e1s de 12 millones y en el proyecto de villa Espa\u00f1a m\u00e1s de 200 millones de pesos, favoreciendo a calle Galicia, calle Extremadura y castilla.<br \/>\nEstos proyectos, anhelados por la comunidad por muchos a\u00f1os, han sido fruto gracias al trabajo mancomunado del Serviu Quinta Regi\u00f3n, del alcalde y concejo municipal y por supuesto de la comunidad favorecida, quienes han demostrado su capacidad organizativa y de gesti\u00f3n, destacando a las directivas de los respectivos comit\u00e9s de pavimentos de las tres villas antes mencionadas.<br \/>\nFinalmente una de las coordinadoras, Margarita Olgu\u00edn, entreg\u00f3 un especial mensaje a los vecinos \u201cyo le pido a todas las juntas de vecinos de la comuna que se apoyen y ayuden en cada cosa que venga, porque eso a nuestro alcalde le sirve. Las obras son incomodas para los vecinos cuando se est\u00e1n desarrollando, pero les digo a ellos que vale la pena, porque ser\u00e1 algo para toda la vida\u201d.<\/p>\n","protected":false},"excerpt":{"rendered":"<p>RINCONADA.&#8211; Con un recorrido por las nuevas calles comenz\u00f3 la inauguraci\u00f3n de villa Espa\u00f1a, El Solar y Arco\u00edris. El alcalde Pedro Caballer\u00eda, junto al Seremi de Vivienda Mauricio Candia, la gobernadora de&#8230;<\/p>\n","protected":false},"author":482,"featured_media":61007,"comment_status":"open","ping_status":"open","sticky":false,"template":"","format":"standard","meta":{"advanced_seo_description":"","jetpack_seo_html_title":"","jetpack_seo_noindex":false,"_jetpack_memberships_contains_paid_content":false,"footnotes":""},"categories":[15],"tags":[],"class_list":["post-61006","post","type-post","status-publish","format-standard","has-post-thumbnail","hentry","category-comunidad"],"jetpack_featured_media_url":"https:\/\/i0.wp.com\/eltrabajo.cl\/portal\/wp-content\/uploads\/2015\/08\/INAUGURACI%C3%93N-TRES-VILLAS-3.jpg?fit=530%2C349&ssl=1","jetpack_sharing_enabled":true,"jetpack_likes_enabled":true,"jetpack-related-posts":[],"_links":{"self":[{"href":"https:\/\/eltrabajo.cl\/portal\/wp-json\/wp\/v2\/posts\/61006","targetHints":{"allow":["GET"]}}],"collection":[{"href":"https:\/\/eltrabajo.cl\/portal\/wp-json\/wp\/v2\/posts"}],"about":[{"href":"https:\/\/eltrabajo.cl\/portal\/wp-json\/wp\/v2\/types\/post"}],"author":[{"embeddable":true,"href":"https:\/\/eltrabajo.cl\/portal\/wp-json\/wp\/v2\/users\/482"}],"replies":[{"embeddable":true,"href":"https:\/\/eltrabajo.cl\/portal\/wp-json\/wp\/v2\/comments?post=61006"}],"version-history":[{"count":0,"href":"https:\/\/eltrabajo.cl\/portal\/wp-json\/wp\/v2\/posts\/61006\/revisions"}],"wp:featuredmedia":[{"embeddable":true,"href":"https:\/\/eltrabajo.cl\/portal\/wp-json\/wp\/v2\/media\/61007"}],"wp:attachment":[{"href":"https:\/\/eltrabajo.cl\/portal\/wp-json\/wp\/v2\/media?parent=61006"}],"wp:term":[{"taxonomy":"category","embeddable":true,"href":"https:\/\/eltrabajo.cl\/portal\/wp-json\/wp\/v2\/categories?post=61006"},{"taxonomy":"post_tag","embeddable":true,"href":"https:\/\/eltrabajo.cl\/portal\/wp-json\/wp\/v2\/tags?post=61006"}],"curies":[{"name":"wp","href":"https:\/\/api.w.org\/{rel}","templated":true}]}}