{"id":61009,"date":"2015-08-17T09:33:15","date_gmt":"2015-08-17T12:33:15","guid":{"rendered":"http:\/\/www.eltrabajo.cl\/portal\/?p=61009"},"modified":"2015-08-17T09:33:15","modified_gmt":"2015-08-17T12:33:15","slug":"con-carros-alegoricos-culmina-aniversario-del-hospital-psiquiatrico","status":"publish","type":"post","link":"https:\/\/eltrabajo.cl\/portal\/con-carros-alegoricos-culmina-aniversario-del-hospital-psiquiatrico\/","title":{"rendered":"Con carros aleg\u00f3ricos culmina aniversario del Hospital Psiqui\u00e1trico"},"content":{"rendered":"<figure id=\"attachment_61010\" aria-describedby=\"caption-attachment-61010\" style=\"width: 300px\" class=\"wp-caption alignleft\"><a href=\"https:\/\/i0.wp.com\/www.eltrabajo.cl\/portal\/wp-content\/uploads\/2015\/08\/CARROS-ALEGORICOS-HOSPITAL-PSIQUIATRICO-3.jpg\"><img data-recalc-dims=\"1\" loading=\"lazy\" decoding=\"async\" class=\"wp-image-61010 size-medium\" src=\"https:\/\/i0.wp.com\/www.eltrabajo.cl\/portal\/wp-content\/uploads\/2015\/08\/CARROS-ALEGORICOS-HOSPITAL-PSIQUIATRICO-3-300x198.jpg?resize=300%2C198\" alt=\"Los cuatro carros aleg\u00f3ricos forman parte de las actividades de celebraci\u00f3n del aniversario n\u00famero 47 de la instituci\u00f3n de salud mental.\" width=\"300\" height=\"198\" srcset=\"https:\/\/i0.wp.com\/eltrabajo.cl\/portal\/wp-content\/uploads\/2015\/08\/CARROS-ALEGORICOS-HOSPITAL-PSIQUIATRICO-3.jpg?resize=300%2C198&amp;ssl=1 300w, https:\/\/i0.wp.com\/eltrabajo.cl\/portal\/wp-content\/uploads\/2015\/08\/CARROS-ALEGORICOS-HOSPITAL-PSIQUIATRICO-3.jpg?resize=200%2C132&amp;ssl=1 200w, https:\/\/i0.wp.com\/eltrabajo.cl\/portal\/wp-content\/uploads\/2015\/08\/CARROS-ALEGORICOS-HOSPITAL-PSIQUIATRICO-3.jpg?resize=228%2C150&amp;ssl=1 228w, https:\/\/i0.wp.com\/eltrabajo.cl\/portal\/wp-content\/uploads\/2015\/08\/CARROS-ALEGORICOS-HOSPITAL-PSIQUIATRICO-3.jpg?resize=400%2C263&amp;ssl=1 400w, https:\/\/i0.wp.com\/eltrabajo.cl\/portal\/wp-content\/uploads\/2015\/08\/CARROS-ALEGORICOS-HOSPITAL-PSIQUIATRICO-3.jpg?w=530&amp;ssl=1 530w\" sizes=\"auto, (max-width: 300px) 100vw, 300px\" \/><\/a><figcaption id=\"caption-attachment-61010\" class=\"wp-caption-text\">Los cuatro carros aleg\u00f3ricos forman parte de las actividades de celebraci\u00f3n del aniversario n\u00famero 47 de la instituci\u00f3n de salud mental.<\/figcaption><\/figure>\n<p><strong>PUTAENDO.-<\/strong> El Hospital Psiqui\u00e1trico Dr. Philippe Pinel de Putaendo realiz\u00f3 un llamativo desfile de carros aleg\u00f3ricos por el centro de Putaendo, como una manera de culminar las celebraciones de su cuadrag\u00e9simo s\u00e9ptimo aniversario.<br \/>\nPasadas las 17:00 horas, las Alianzas Rumba; Onda Disco; Hippie y Rock llegaron hasta el frontis del templo parroquial de Putaendo, donde hicieron gala de su preparaci\u00f3n con coloridos disfraces y hermosos carros aleg\u00f3ricos, recibiendo el aplauso espont\u00e1neo de varios putaendinos que pese al fr\u00edo llegaron a presenciar esta gran presentaci\u00f3n, costumbre habitual de hospital Philippe Pinel, que a lo largo de los a\u00f1os ha demostrado una excelente preparaci\u00f3n y producci\u00f3n en carros y comparsas.<br \/>\nEl jurado para la ocasi\u00f3n estuvo compuesto por el Subdirector de Recursos F\u00edsicos del Servicio de Salud Aconcagua, Humberto Opazo; el alcalde de Putaendo Guillermo Reyes; el Director del Hospital San Camilo de San Felipe, Dr. Juan de Dios Reyes; el Jefe de Asuntos P\u00fablicos de Hospital de Los Andes, Jos\u00e9 Manuel Ibaceta y la presidenta (S) de la Uni\u00f3n Comunal de Juntas de Vecinos Valle de Putaendo, Mar\u00eda Salinas, quienes coincidieron en destacar el esp\u00edritu de unidad y alegr\u00eda que siempre los funcionarios del Philippe Pinel de Putaendo demuestran a la comunidad.<\/p>\n<figure id=\"attachment_61011\" aria-describedby=\"caption-attachment-61011\" style=\"width: 300px\" class=\"wp-caption alignright\"><a href=\"https:\/\/i0.wp.com\/www.eltrabajo.cl\/portal\/wp-content\/uploads\/2015\/08\/CARROS-ALEGORICOS-HOSPITAL-PSIQUIATRICO-5.jpg\"><img data-recalc-dims=\"1\" loading=\"lazy\" decoding=\"async\" class=\"wp-image-61011 size-medium\" src=\"https:\/\/i0.wp.com\/www.eltrabajo.cl\/portal\/wp-content\/uploads\/2015\/08\/CARROS-ALEGORICOS-HOSPITAL-PSIQUIATRICO-5-300x198.jpg?resize=300%2C198\" alt=\"Las alianzas del Hospital llegaron hasta el frontis del templo parroquial donde mostraron sus coloridos disfraces y hermosos carros aleg\u00f3ricos. \" width=\"300\" height=\"198\" srcset=\"https:\/\/i0.wp.com\/eltrabajo.cl\/portal\/wp-content\/uploads\/2015\/08\/CARROS-ALEGORICOS-HOSPITAL-PSIQUIATRICO-5.jpg?resize=300%2C198&amp;ssl=1 300w, https:\/\/i0.wp.com\/eltrabajo.cl\/portal\/wp-content\/uploads\/2015\/08\/CARROS-ALEGORICOS-HOSPITAL-PSIQUIATRICO-5.jpg?resize=200%2C132&amp;ssl=1 200w, https:\/\/i0.wp.com\/eltrabajo.cl\/portal\/wp-content\/uploads\/2015\/08\/CARROS-ALEGORICOS-HOSPITAL-PSIQUIATRICO-5.jpg?resize=228%2C150&amp;ssl=1 228w, https:\/\/i0.wp.com\/eltrabajo.cl\/portal\/wp-content\/uploads\/2015\/08\/CARROS-ALEGORICOS-HOSPITAL-PSIQUIATRICO-5.jpg?resize=400%2C263&amp;ssl=1 400w, https:\/\/i0.wp.com\/eltrabajo.cl\/portal\/wp-content\/uploads\/2015\/08\/CARROS-ALEGORICOS-HOSPITAL-PSIQUIATRICO-5.jpg?w=530&amp;ssl=1 530w\" sizes=\"auto, (max-width: 300px) 100vw, 300px\" \/><\/a><figcaption id=\"caption-attachment-61011\" class=\"wp-caption-text\">Las alianzas del Hospital llegaron hasta el frontis del templo parroquial donde mostraron sus coloridos disfraces y hermosos carros aleg\u00f3ricos.<\/figcaption><\/figure>\n<p>El Dr. Jaime Retamal, Director del Hospital Psiqui\u00e1trico, y quien particip\u00f3 activamente en esta presentaci\u00f3n vistiendo un colorido atuendo tropical, felicit\u00f3 a los trabajadores de la instituci\u00f3n y destac\u00f3 que actividades como esta son un v\u00ednculo fuerte con la comunidad y una muestra de la unidad de los funcionarios, que entregan un gran esfuerzo para esta y otras actividades que el hospital realiza durante el a\u00f1o.<br \/>\nLos puntajes para el mejor carro aleg\u00f3rico ser\u00e1n entregados a cada una de las alianzas una vez concluidas las actividades del 47\u00b0 aniversario del Hospital Psiqui\u00e1trico Dr. Philippe Pinel este viernes.<br \/>\nPatricio Gallardo M.<\/p>\n","protected":false},"excerpt":{"rendered":"<p>PUTAENDO.- El Hospital Psiqui\u00e1trico Dr. Philippe Pinel de Putaendo realiz\u00f3 un llamativo desfile de carros aleg\u00f3ricos por el centro de Putaendo, como una manera de culminar las celebraciones de su cuadrag\u00e9simo s\u00e9ptimo&#8230;<\/p>\n","protected":false},"author":482,"featured_media":61010,"comment_status":"open","ping_status":"open","sticky":false,"template":"","format":"standard","meta":{"advanced_seo_description":"","jetpack_seo_html_title":"","jetpack_seo_noindex":false,"_jetpack_memberships_contains_paid_content":false,"footnotes":""},"categories":[15],"tags":[],"class_list":["post-61009","post","type-post","status-publish","format-standard","has-post-thumbnail","hentry","category-comunidad"],"jetpack_featured_media_url":"https:\/\/i0.wp.com\/eltrabajo.cl\/portal\/wp-content\/uploads\/2015\/08\/CARROS-ALEGORICOS-HOSPITAL-PSIQUIATRICO-3.jpg?fit=530%2C349&ssl=1","jetpack_sharing_enabled":true,"jetpack_likes_enabled":true,"jetpack-related-posts":[],"_links":{"self":[{"href":"https:\/\/eltrabajo.cl\/portal\/wp-json\/wp\/v2\/posts\/61009","targetHints":{"allow":["GET"]}}],"collection":[{"href":"https:\/\/eltrabajo.cl\/portal\/wp-json\/wp\/v2\/posts"}],"about":[{"href":"https:\/\/eltrabajo.cl\/portal\/wp-json\/wp\/v2\/types\/post"}],"author":[{"embeddable":true,"href":"https:\/\/eltrabajo.cl\/portal\/wp-json\/wp\/v2\/users\/482"}],"replies":[{"embeddable":true,"href":"https:\/\/eltrabajo.cl\/portal\/wp-json\/wp\/v2\/comments?post=61009"}],"version-history":[{"count":0,"href":"https:\/\/eltrabajo.cl\/portal\/wp-json\/wp\/v2\/posts\/61009\/revisions"}],"wp:featuredmedia":[{"embeddable":true,"href":"https:\/\/eltrabajo.cl\/portal\/wp-json\/wp\/v2\/media\/61010"}],"wp:attachment":[{"href":"https:\/\/eltrabajo.cl\/portal\/wp-json\/wp\/v2\/media?parent=61009"}],"wp:term":[{"taxonomy":"category","embeddable":true,"href":"https:\/\/eltrabajo.cl\/portal\/wp-json\/wp\/v2\/categories?post=61009"},{"taxonomy":"post_tag","embeddable":true,"href":"https:\/\/eltrabajo.cl\/portal\/wp-json\/wp\/v2\/tags?post=61009"}],"curies":[{"name":"wp","href":"https:\/\/api.w.org\/{rel}","templated":true}]}}