{"id":61013,"date":"2015-08-17T09:34:47","date_gmt":"2015-08-17T12:34:47","guid":{"rendered":"http:\/\/www.eltrabajo.cl\/portal\/?p=61013"},"modified":"2015-08-17T09:34:47","modified_gmt":"2015-08-17T12:34:47","slug":"pdi-y-senda-previene-en-jornada-con-peques-de-jardin-infantil-pulgarcita","status":"publish","type":"post","link":"https:\/\/eltrabajo.cl\/portal\/pdi-y-senda-previene-en-jornada-con-peques-de-jardin-infantil-pulgarcita\/","title":{"rendered":"PDI y Senda Previene en jornada con peques de Jard\u00edn Infantil Pulgarcita"},"content":{"rendered":"<figure id=\"attachment_61014\" aria-describedby=\"caption-attachment-61014\" style=\"width: 300px\" class=\"wp-caption alignleft\"><a href=\"https:\/\/i0.wp.com\/www.eltrabajo.cl\/portal\/wp-content\/uploads\/2015\/08\/Senda-Santa-Maria-2.jpg\"><img data-recalc-dims=\"1\" loading=\"lazy\" decoding=\"async\" class=\"wp-image-61014 size-medium\" src=\"https:\/\/i0.wp.com\/www.eltrabajo.cl\/portal\/wp-content\/uploads\/2015\/08\/Senda-Santa-Maria-2-300x198.jpg?resize=300%2C198\" alt=\"Cerca de 40 ni\u00f1os del Jard\u00edn Infantil Pulgarcita recibieron a funcionarios de la PDI, para realizar una charla sobre el autocuidado que cada ni\u00f1o debe tener con su cuerpo y su entorno cercano.\" width=\"300\" height=\"198\" srcset=\"https:\/\/i0.wp.com\/eltrabajo.cl\/portal\/wp-content\/uploads\/2015\/08\/Senda-Santa-Maria-2.jpg?resize=300%2C198&amp;ssl=1 300w, https:\/\/i0.wp.com\/eltrabajo.cl\/portal\/wp-content\/uploads\/2015\/08\/Senda-Santa-Maria-2.jpg?resize=200%2C132&amp;ssl=1 200w, https:\/\/i0.wp.com\/eltrabajo.cl\/portal\/wp-content\/uploads\/2015\/08\/Senda-Santa-Maria-2.jpg?resize=228%2C150&amp;ssl=1 228w, https:\/\/i0.wp.com\/eltrabajo.cl\/portal\/wp-content\/uploads\/2015\/08\/Senda-Santa-Maria-2.jpg?resize=400%2C263&amp;ssl=1 400w, https:\/\/i0.wp.com\/eltrabajo.cl\/portal\/wp-content\/uploads\/2015\/08\/Senda-Santa-Maria-2.jpg?w=530&amp;ssl=1 530w\" sizes=\"auto, (max-width: 300px) 100vw, 300px\" \/><\/a><figcaption id=\"caption-attachment-61014\" class=\"wp-caption-text\">Cerca de 40 ni\u00f1os del Jard\u00edn Infantil Pulgarcita recibieron a funcionarios de la PDI, para realizar una charla sobre el autocuidado que cada ni\u00f1o debe tener con su cuerpo y su entorno cercano.<\/figcaption><\/figure>\n<p><strong>SANTA MAR\u00cdA.<\/strong>&#8211; En el marco de las actividades que realiza Senda Previene de la comuna de Santa Mar\u00eda y la apertura de la Polic\u00eda de Investigaciones hacia la comunidad, PDI, visitaron el Jard\u00edn Infantil Pulgarcita de la Localidad el Llano, donde menores de entre tres y cinco a\u00f1os se motivaron y a su corta edad, escucharon atentamente a los funcionarios mostrando un especial inter\u00e9s acerca de la labor policial y el importante servicio que prestan a la comunidad.<br \/>\nLos m\u00e1s de 40 ni\u00f1os que componen el Jard\u00edn Infantil recibieron la visita de los funcionarios de la PDI con la idea de complementar, en forma pr\u00e1ctica, la labor realizada por las educadoras de p\u00e1rvulos en relaci\u00f3n a la Unidad del Auto cuidado que cada ni\u00f1o debe tener con su cuerpo y su entorno cercano, a fin de prevenir alg\u00fan tipo de delito.<br \/>\nLa directora del Jard\u00edn Infantil, Ceferina Far\u00edas Basualto, calific\u00f3 de provechoso el encuentro y destac\u00f3 el aporte de la Polic\u00eda de Investigaciones en la educaci\u00f3n de los menores y recalc\u00f3 que es importante que una instituci\u00f3n que tiene un rol tan trascendente dentro de la sociedad se acerque a los jardines infantiles.<br \/>\nLa t\u00eda Nina Far\u00edas explic\u00f3 que uno de los temas principales que se ense\u00f1a a los menores es acerca del autocuidado: \u201cLos ni\u00f1os son los m\u00e1s vulnerables en este sentido y est\u00e1n propensos a los accidentes, a las personas adultas con malas intenciones y sobre todo en estos tiempos donde se ve mucha maldad\u201d, por lo que cree que un trabajo en conjunto con ellos la polic\u00eda puede lograr buenos resultados en este \u00e1mbito.<br \/>\nSin embargo, los menores son los que tienen la \u00faltima palabra y como actores principales de esta charla tambi\u00e9n expresaron su opini\u00f3n acerca de las instrucciones que brindaron los funcionarios policiales. Es as\u00ed como los ni\u00f1os, se mostraron contentos con la visita, manifestando que les \u201cgust\u00f3 que la polic\u00eda viniera y que pudiera compartir con los perros y que aprendieron sobre que no deben hablar con extra\u00f1os y tampoco recibir regalos de desconocidos\u201d.<br \/>\nLos p\u00e1rvulos tambi\u00e9n, pusieron mucha atenci\u00f3n con las demostraciones y destrezas de los perros, donde personal de la PDI les explicaban el trabajo que hac\u00edan en procedimientos como la incautaci\u00f3n de drogas.<br \/>\nAs\u00ed como los polic\u00edas y sus perros adiestrados entregaron ense\u00f1anzas a los ni\u00f1os, ellos a su vez se despidieron de los funcionarios regal\u00e1ndoles su inocente sonrisa acompa\u00f1ada de melodiosas canciones.<\/p>\n","protected":false},"excerpt":{"rendered":"<p>SANTA MAR\u00cdA.&#8211; En el marco de las actividades que realiza Senda Previene de la comuna de Santa Mar\u00eda y la apertura de la Polic\u00eda de Investigaciones hacia la comunidad, PDI, visitaron el&#8230;<\/p>\n","protected":false},"author":482,"featured_media":61014,"comment_status":"open","ping_status":"open","sticky":false,"template":"","format":"standard","meta":{"advanced_seo_description":"","jetpack_seo_html_title":"","jetpack_seo_noindex":false,"_jetpack_memberships_contains_paid_content":false,"footnotes":""},"categories":[15],"tags":[],"class_list":["post-61013","post","type-post","status-publish","format-standard","has-post-thumbnail","hentry","category-comunidad"],"jetpack_featured_media_url":"https:\/\/i0.wp.com\/eltrabajo.cl\/portal\/wp-content\/uploads\/2015\/08\/Senda-Santa-Maria-2.jpg?fit=530%2C349&ssl=1","jetpack_sharing_enabled":true,"jetpack_likes_enabled":true,"jetpack-related-posts":[],"_links":{"self":[{"href":"https:\/\/eltrabajo.cl\/portal\/wp-json\/wp\/v2\/posts\/61013","targetHints":{"allow":["GET"]}}],"collection":[{"href":"https:\/\/eltrabajo.cl\/portal\/wp-json\/wp\/v2\/posts"}],"about":[{"href":"https:\/\/eltrabajo.cl\/portal\/wp-json\/wp\/v2\/types\/post"}],"author":[{"embeddable":true,"href":"https:\/\/eltrabajo.cl\/portal\/wp-json\/wp\/v2\/users\/482"}],"replies":[{"embeddable":true,"href":"https:\/\/eltrabajo.cl\/portal\/wp-json\/wp\/v2\/comments?post=61013"}],"version-history":[{"count":0,"href":"https:\/\/eltrabajo.cl\/portal\/wp-json\/wp\/v2\/posts\/61013\/revisions"}],"wp:featuredmedia":[{"embeddable":true,"href":"https:\/\/eltrabajo.cl\/portal\/wp-json\/wp\/v2\/media\/61014"}],"wp:attachment":[{"href":"https:\/\/eltrabajo.cl\/portal\/wp-json\/wp\/v2\/media?parent=61013"}],"wp:term":[{"taxonomy":"category","embeddable":true,"href":"https:\/\/eltrabajo.cl\/portal\/wp-json\/wp\/v2\/categories?post=61013"},{"taxonomy":"post_tag","embeddable":true,"href":"https:\/\/eltrabajo.cl\/portal\/wp-json\/wp\/v2\/tags?post=61013"}],"curies":[{"name":"wp","href":"https:\/\/api.w.org\/{rel}","templated":true}]}}