{"id":61016,"date":"2015-08-17T09:35:47","date_gmt":"2015-08-17T12:35:47","guid":{"rendered":"http:\/\/www.eltrabajo.cl\/portal\/?p=61016"},"modified":"2015-08-17T09:35:47","modified_gmt":"2015-08-17T12:35:47","slug":"malestar-en-catemu-por-mal-estado-de-calles-de-tierra-tras-el-temporal","status":"publish","type":"post","link":"https:\/\/eltrabajo.cl\/portal\/malestar-en-catemu-por-mal-estado-de-calles-de-tierra-tras-el-temporal\/","title":{"rendered":"Malestar en Catemu por mal estado de calles de tierra tras el temporal"},"content":{"rendered":"<figure id=\"attachment_61017\" aria-describedby=\"caption-attachment-61017\" style=\"width: 300px\" class=\"wp-caption alignleft\"><a href=\"https:\/\/i0.wp.com\/www.eltrabajo.cl\/portal\/wp-content\/uploads\/2015\/08\/Calle-Ignacio-Carrera-Pinto-frente-medialuna.jpg\"><img data-recalc-dims=\"1\" loading=\"lazy\" decoding=\"async\" class=\"wp-image-61017 size-medium\" src=\"https:\/\/i0.wp.com\/www.eltrabajo.cl\/portal\/wp-content\/uploads\/2015\/08\/Calle-Ignacio-Carrera-Pinto-frente-medialuna-300x198.jpg?resize=300%2C198\" alt=\"Este es el estado en que qued\u00f3 la calle Ignacio Carrera Pinto, frente a la medialuna municipal, despu\u00e9s del temporal.\" width=\"300\" height=\"198\" srcset=\"https:\/\/i0.wp.com\/eltrabajo.cl\/portal\/wp-content\/uploads\/2015\/08\/Calle-Ignacio-Carrera-Pinto-frente-medialuna.jpg?resize=300%2C198&amp;ssl=1 300w, https:\/\/i0.wp.com\/eltrabajo.cl\/portal\/wp-content\/uploads\/2015\/08\/Calle-Ignacio-Carrera-Pinto-frente-medialuna.jpg?resize=200%2C132&amp;ssl=1 200w, https:\/\/i0.wp.com\/eltrabajo.cl\/portal\/wp-content\/uploads\/2015\/08\/Calle-Ignacio-Carrera-Pinto-frente-medialuna.jpg?resize=228%2C150&amp;ssl=1 228w, https:\/\/i0.wp.com\/eltrabajo.cl\/portal\/wp-content\/uploads\/2015\/08\/Calle-Ignacio-Carrera-Pinto-frente-medialuna.jpg?resize=400%2C263&amp;ssl=1 400w, https:\/\/i0.wp.com\/eltrabajo.cl\/portal\/wp-content\/uploads\/2015\/08\/Calle-Ignacio-Carrera-Pinto-frente-medialuna.jpg?w=530&amp;ssl=1 530w\" sizes=\"auto, (max-width: 300px) 100vw, 300px\" \/><\/a><figcaption id=\"caption-attachment-61017\" class=\"wp-caption-text\">Este es el estado en que qued\u00f3 la calle Ignacio Carrera Pinto, frente a la medialuna municipal, despu\u00e9s del temporal.<\/figcaption><\/figure>\n<ul>\n<li><strong>Presidenta de Junta de vecinos Los Corrales critica la falta de puente en estero y el \u00abpantano\u00bb en el camino de acceso al sector El Palquial<\/strong><\/li>\n<\/ul>\n<p><strong>CATEMU.<\/strong>&#8211; Su profundo malestar por el mal estado en el que quedaron despu\u00e9s de las lluvias, diversas calles de tierra en la zona urbana de la comuna de Catemu, expresaron principalmente a trav\u00e9s de las redes sociales, numerosos vecinos, dirigentes sociales, peatones y conductores.<br \/>\nAs\u00ed lo destaca el medio electr\u00f3nico Aqu\u00edCatemu.cl, quien se\u00f1ala que las cr\u00edticas principalmente est\u00e1n dirigidas al alcalde, concejales y municipalidad por no mejorar las intransitables calles Balmaceda, S\u00e9ptimo de L\u00ednea, La Concepci\u00f3n, Ignacio Carrera Pinto (frente a la medialuna) y las que se encuentran en los sectores de la Villa El Sol y El Array\u00e1n.<br \/>\nAlgunos concejales como Jos\u00e9 Vergara y Claudio N\u00fa\u00f1ez, respondieron a trav\u00e9s de las redes sociales que ellos han expuesto y solicitado en el Concejo Municipal mejorar las calles de tierra que se encuentran actualmente en un estado cr\u00edtico despu\u00e9s de las lluvias.<\/p>\n<p><strong>Falta de puente<\/strong><br \/>\nLa Presidenta de la Junta de Vecinos del sector Los Corrales de Catemu, Cecilia Lazo, en conversaci\u00f3n con Aqu\u00edCatemu.cl, manifest\u00f3 su molestia por la inexistencia de un puente en el estero Catemu en dicho sector y por el barro en la calle Ignacio Carrera Pinto, frente a la medialuna municipal.<br \/>\n\u00abEl puente que exist\u00eda en el estero lo construimos nosotros los pobladores del sector, pedimos ayuda a los vecinos para arreglarlo y construirlo, porque las autoridades no nos ayudan, la pr\u00f3xima semana lo vamos a arreglar e instalar nuevamente, ya que fuimos nosotros quienes lo retiramos en el \u00faltimo temporal. Aqu\u00ed en Los Corrales tenemos un grupo de emergencia y durante la lluvia decidimos retirar el puente para que no se lo llevara la crecida del estero, fuimos nosotros los vecinos quienes lo hicimos\u00bb, indic\u00f3 Cecilia Lazo.<br \/>\nLa dirigente manifest\u00f3 que han pasado muchos a\u00f1os y a\u00fan siguen esperando un puente definitivo para el sector Los Corrales. Adem\u00e1s inform\u00f3 que \u00abel agua pasaba por sobre la pasarela peatonal del estero, fueron personas del sector quienes sacaron unos tremendos troncos de sauces que no dejaban pasar el agua y as\u00ed pudimos utilizar la pasarela durante el temporal\u00bb.<br \/>\nRespecto a la calle Ignacio Carrera Pinto, que es la v\u00eda de acceso a los sectores El Palquial y Los Corrales, indic\u00f3 que esto es una verg\u00fcenza porque frente a la medialuna solo rellenan con tierra y con las lluvias se hace mucho barro, transform\u00e1ndose en un verdadero pantano que deja la calle intransitable.<br \/>\n\u00abNo entiendo por qu\u00e9 no se hace un arreglo definitivo en esa calle, como debe ser\u00bb, finaliz\u00f3 la Presidenta de la junta de Vecinos del sector Los Corrales.<br \/>\nConductores de taxis colectivos y transportistas escolares informaron que no ingresar\u00e1n hacia el sector El Palquial, por el mal estado de la calle frente a la medialuna municipal. Igual decisi\u00f3n han tomado algunos conductores de colectivos respecto a Villa El Sol.<\/p>\n","protected":false},"excerpt":{"rendered":"<p>Presidenta de Junta de vecinos Los Corrales critica la falta de puente en estero y el \u00abpantano\u00bb en el camino de acceso al sector El Palquial CATEMU.&#8211; Su profundo malestar por el&#8230;<\/p>\n","protected":false},"author":482,"featured_media":61017,"comment_status":"open","ping_status":"open","sticky":false,"template":"","format":"standard","meta":{"advanced_seo_description":"","jetpack_seo_html_title":"","jetpack_seo_noindex":false,"_jetpack_memberships_contains_paid_content":false,"footnotes":""},"categories":[15],"tags":[],"class_list":["post-61016","post","type-post","status-publish","format-standard","has-post-thumbnail","hentry","category-comunidad"],"jetpack_featured_media_url":"https:\/\/i0.wp.com\/eltrabajo.cl\/portal\/wp-content\/uploads\/2015\/08\/Calle-Ignacio-Carrera-Pinto-frente-medialuna.jpg?fit=530%2C349&ssl=1","jetpack_sharing_enabled":true,"jetpack_likes_enabled":true,"jetpack-related-posts":[],"_links":{"self":[{"href":"https:\/\/eltrabajo.cl\/portal\/wp-json\/wp\/v2\/posts\/61016","targetHints":{"allow":["GET"]}}],"collection":[{"href":"https:\/\/eltrabajo.cl\/portal\/wp-json\/wp\/v2\/posts"}],"about":[{"href":"https:\/\/eltrabajo.cl\/portal\/wp-json\/wp\/v2\/types\/post"}],"author":[{"embeddable":true,"href":"https:\/\/eltrabajo.cl\/portal\/wp-json\/wp\/v2\/users\/482"}],"replies":[{"embeddable":true,"href":"https:\/\/eltrabajo.cl\/portal\/wp-json\/wp\/v2\/comments?post=61016"}],"version-history":[{"count":0,"href":"https:\/\/eltrabajo.cl\/portal\/wp-json\/wp\/v2\/posts\/61016\/revisions"}],"wp:featuredmedia":[{"embeddable":true,"href":"https:\/\/eltrabajo.cl\/portal\/wp-json\/wp\/v2\/media\/61017"}],"wp:attachment":[{"href":"https:\/\/eltrabajo.cl\/portal\/wp-json\/wp\/v2\/media?parent=61016"}],"wp:term":[{"taxonomy":"category","embeddable":true,"href":"https:\/\/eltrabajo.cl\/portal\/wp-json\/wp\/v2\/categories?post=61016"},{"taxonomy":"post_tag","embeddable":true,"href":"https:\/\/eltrabajo.cl\/portal\/wp-json\/wp\/v2\/tags?post=61016"}],"curies":[{"name":"wp","href":"https:\/\/api.w.org\/{rel}","templated":true}]}}