{"id":61019,"date":"2015-08-17T09:38:02","date_gmt":"2015-08-17T12:38:02","guid":{"rendered":"http:\/\/www.eltrabajo.cl\/portal\/?p=61019"},"modified":"2015-08-17T09:38:02","modified_gmt":"2015-08-17T12:38:02","slug":"jovenes-de-liceos-tecnicos-podran-postular-a-beca-practica-profesional","status":"publish","type":"post","link":"https:\/\/eltrabajo.cl\/portal\/jovenes-de-liceos-tecnicos-podran-postular-a-beca-practica-profesional\/","title":{"rendered":"J\u00f3venes de Liceos T\u00e9cnicos podr\u00e1n postular a beca Pr\u00e1ctica Profesional"},"content":{"rendered":"<figure id=\"attachment_61020\" aria-describedby=\"caption-attachment-61020\" style=\"width: 300px\" class=\"wp-caption alignleft\"><a href=\"https:\/\/i0.wp.com\/www.eltrabajo.cl\/portal\/wp-content\/uploads\/2015\/08\/Practica-profesional.jpg\"><img data-recalc-dims=\"1\" loading=\"lazy\" decoding=\"async\" class=\"wp-image-61020 size-medium\" src=\"https:\/\/i0.wp.com\/www.eltrabajo.cl\/portal\/wp-content\/uploads\/2015\/08\/Practica-profesional-300x198.jpg?resize=300%2C198\" alt=\"Los estudiantes que cumplan con los requerimientos podr\u00e1n postular a este beneficio hasta el 30 de agosto.\" width=\"300\" height=\"198\" srcset=\"https:\/\/i0.wp.com\/eltrabajo.cl\/portal\/wp-content\/uploads\/2015\/08\/Practica-profesional.jpg?resize=300%2C198&amp;ssl=1 300w, https:\/\/i0.wp.com\/eltrabajo.cl\/portal\/wp-content\/uploads\/2015\/08\/Practica-profesional.jpg?resize=200%2C132&amp;ssl=1 200w, https:\/\/i0.wp.com\/eltrabajo.cl\/portal\/wp-content\/uploads\/2015\/08\/Practica-profesional.jpg?resize=227%2C150&amp;ssl=1 227w, https:\/\/i0.wp.com\/eltrabajo.cl\/portal\/wp-content\/uploads\/2015\/08\/Practica-profesional.jpg?resize=400%2C264&amp;ssl=1 400w, https:\/\/i0.wp.com\/eltrabajo.cl\/portal\/wp-content\/uploads\/2015\/08\/Practica-profesional.jpg?w=530&amp;ssl=1 530w\" sizes=\"auto, (max-width: 300px) 100vw, 300px\" \/><\/a><figcaption id=\"caption-attachment-61020\" class=\"wp-caption-text\">Los estudiantes que cumplan con los requerimientos podr\u00e1n postular a este beneficio hasta el 30 de agosto.<\/figcaption><\/figure>\n<ul>\n<li><strong>Un llamado a los estudiantes para que postulen a la BPTP realiz\u00f3 el director regional de Junaeb, Marcelo G\u00f3ngora, instancia que tendr\u00e1 como plazo hasta el 30 de agosto.<\/strong><\/li>\n<\/ul>\n<p>Con el prop\u00f3sito de promover la postulaci\u00f3n de los estudiantes de liceo t\u00e9cnicos a este beneficio, la Unidad de Becas de la Regi\u00f3n de Valpara\u00edso, realiz\u00f3 una jornada de difusi\u00f3n de la beca, en la que participaron los profesores encargados de las pr\u00e1cticas profesionales.<br \/>\nEn la actividad se les explic\u00f3 a los docentes la forma de postular a este beneficio. La Beca Pr\u00e1ctica T\u00e9cnico Profesional es una bonificaci\u00f3n en dinero correspondiente a $62.500 (sesenta y dos mil quinientos pesos), que se entrega directamente al becado. Est\u00e1 destinada a estudiantes de ense\u00f1anza media que matriculen en el plan de pr\u00e1ctica supervisada en establecimientos educacionales T\u00e9cnico-Profesionales regidos por la Ley (D.F.L (Ed.) N\u00b02, de 1998 y Decreto Ley N\u00b03.166 de 1980).<br \/>\nEl Director regional de Junaeb, Marcelo G\u00f3ngora, agreg\u00f3 que \u201cEsta beca forma parte de una gama de beneficios que Junaeb otorga a los estudiantes de Chile, teniendo como prop\u00f3sito otorgarle igualdad de oportunidades para acceder a la educaci\u00f3n y tener \u00e9xito en sus estudio, sin que los aspectos socioecon\u00f3micos sean una limitante, pudiendo as\u00ed lograr su sue\u00f1os y anhelos, lo que se traduce en una satisfacci\u00f3n para los estudiantes y sus familias, haciendo que los ni\u00f1os y j\u00f3venes sean personas felices\u201d.<br \/>\nPodr\u00e1n postular a este beneficio los estudiantes que cumplan con los siguientes requisitos: 1.- Ser estudiante egresado de Ense\u00f1anza Media T\u00e9cnico Profesional de un establecimiento educacional. 2.- Estar matriculado en alg\u00fan establecimiento de Ense\u00f1anza Media T\u00e9cnico Profesional para realizar el Plan de Pr\u00e1ctica Profesional. 3.- Realizar o iniciar la Pr\u00e1ctica Profesional durante el a\u00f1o en curso. 4.- Disponer de los siguientes antecedentes (Establecimiento de Educaci\u00f3n): A) El Plan de Pr\u00e1ctica aprobado por el director del establecimiento educacional. B) Un informe del profesor del liceo que supervisa la pr\u00e1ctica, acreditando que el estudiante realiza o inicia la pr\u00e1ctica profesional durante el a\u00f1o 2015.<br \/>\nLos interesados en postular a la Beca Pr\u00e1ctica T\u00e9cnico Profesional, pueden realizar el proceso desde cualquier dispositivo con acceso a trav\u00e9s de la web http:\/\/portalbecas.jun aeb.cl\/#\/login.<br \/>\nEl proceso de postulaci\u00f3n a la Beca Pr\u00e1ctica T\u00e9cnico Profesional est\u00e1 disponible a trav\u00e9s de la p\u00e1gina de Junaeb desde el 13 de julio al 30 de agosto.<\/p>\n","protected":false},"excerpt":{"rendered":"<p>Un llamado a los estudiantes para que postulen a la BPTP realiz\u00f3 el director regional de Junaeb, Marcelo G\u00f3ngora, instancia que tendr\u00e1 como plazo hasta el 30 de agosto. Con el prop\u00f3sito&#8230;<\/p>\n","protected":false},"author":482,"featured_media":61020,"comment_status":"open","ping_status":"open","sticky":false,"template":"","format":"standard","meta":{"advanced_seo_description":"","jetpack_seo_html_title":"","jetpack_seo_noindex":false,"_jetpack_memberships_contains_paid_content":false,"footnotes":""},"categories":[15],"tags":[],"class_list":["post-61019","post","type-post","status-publish","format-standard","has-post-thumbnail","hentry","category-comunidad"],"jetpack_featured_media_url":"https:\/\/i0.wp.com\/eltrabajo.cl\/portal\/wp-content\/uploads\/2015\/08\/Practica-profesional.jpg?fit=530%2C350&ssl=1","jetpack_sharing_enabled":true,"jetpack_likes_enabled":true,"jetpack-related-posts":[],"_links":{"self":[{"href":"https:\/\/eltrabajo.cl\/portal\/wp-json\/wp\/v2\/posts\/61019","targetHints":{"allow":["GET"]}}],"collection":[{"href":"https:\/\/eltrabajo.cl\/portal\/wp-json\/wp\/v2\/posts"}],"about":[{"href":"https:\/\/eltrabajo.cl\/portal\/wp-json\/wp\/v2\/types\/post"}],"author":[{"embeddable":true,"href":"https:\/\/eltrabajo.cl\/portal\/wp-json\/wp\/v2\/users\/482"}],"replies":[{"embeddable":true,"href":"https:\/\/eltrabajo.cl\/portal\/wp-json\/wp\/v2\/comments?post=61019"}],"version-history":[{"count":0,"href":"https:\/\/eltrabajo.cl\/portal\/wp-json\/wp\/v2\/posts\/61019\/revisions"}],"wp:featuredmedia":[{"embeddable":true,"href":"https:\/\/eltrabajo.cl\/portal\/wp-json\/wp\/v2\/media\/61020"}],"wp:attachment":[{"href":"https:\/\/eltrabajo.cl\/portal\/wp-json\/wp\/v2\/media?parent=61019"}],"wp:term":[{"taxonomy":"category","embeddable":true,"href":"https:\/\/eltrabajo.cl\/portal\/wp-json\/wp\/v2\/categories?post=61019"},{"taxonomy":"post_tag","embeddable":true,"href":"https:\/\/eltrabajo.cl\/portal\/wp-json\/wp\/v2\/tags?post=61019"}],"curies":[{"name":"wp","href":"https:\/\/api.w.org\/{rel}","templated":true}]}}