{"id":61022,"date":"2015-08-17T09:39:44","date_gmt":"2015-08-17T12:39:44","guid":{"rendered":"http:\/\/www.eltrabajo.cl\/portal\/?p=61022"},"modified":"2015-08-17T09:39:44","modified_gmt":"2015-08-17T12:39:44","slug":"mas-de-20-servicios-publicos-en-gobierno-en-terreno-en-llay-llay","status":"publish","type":"post","link":"https:\/\/eltrabajo.cl\/portal\/mas-de-20-servicios-publicos-en-gobierno-en-terreno-en-llay-llay\/","title":{"rendered":"M\u00e1s de 20 servicios p\u00fablicos en gobierno en terreno en Llay Llay"},"content":{"rendered":"<figure id=\"attachment_61023\" aria-describedby=\"caption-attachment-61023\" style=\"width: 300px\" class=\"wp-caption alignleft\"><a href=\"https:\/\/i0.wp.com\/www.eltrabajo.cl\/portal\/wp-content\/uploads\/2015\/08\/Gobierno-en-terreno-llay-llay.jpg\"><img data-recalc-dims=\"1\" loading=\"lazy\" decoding=\"async\" class=\"wp-image-61023 size-medium\" src=\"https:\/\/i0.wp.com\/www.eltrabajo.cl\/portal\/wp-content\/uploads\/2015\/08\/Gobierno-en-terreno-llay-llay-300x198.jpg?resize=300%2C198\" alt=\"El gobernador Eduardo Le\u00f3n recorri\u00f3 distintas viviendas entregando informaci\u00f3n importante a los vecinos acerca de los compromisos y aportes que realiza el gobierno.\" width=\"300\" height=\"198\" srcset=\"https:\/\/i0.wp.com\/eltrabajo.cl\/portal\/wp-content\/uploads\/2015\/08\/Gobierno-en-terreno-llay-llay.jpg?resize=300%2C198&amp;ssl=1 300w, https:\/\/i0.wp.com\/eltrabajo.cl\/portal\/wp-content\/uploads\/2015\/08\/Gobierno-en-terreno-llay-llay.jpg?resize=200%2C132&amp;ssl=1 200w, https:\/\/i0.wp.com\/eltrabajo.cl\/portal\/wp-content\/uploads\/2015\/08\/Gobierno-en-terreno-llay-llay.jpg?resize=227%2C150&amp;ssl=1 227w, https:\/\/i0.wp.com\/eltrabajo.cl\/portal\/wp-content\/uploads\/2015\/08\/Gobierno-en-terreno-llay-llay.jpg?resize=400%2C264&amp;ssl=1 400w, https:\/\/i0.wp.com\/eltrabajo.cl\/portal\/wp-content\/uploads\/2015\/08\/Gobierno-en-terreno-llay-llay.jpg?w=530&amp;ssl=1 530w\" sizes=\"auto, (max-width: 300px) 100vw, 300px\" \/><\/a><figcaption id=\"caption-attachment-61023\" class=\"wp-caption-text\">El gobernador Eduardo Le\u00f3n recorri\u00f3 distintas viviendas entregando informaci\u00f3n importante a los vecinos acerca de los compromisos y aportes que realiza el gobierno.<\/figcaption><\/figure>\n<ul>\n<li><strong>Gobernador Eduardo Le\u00f3n destac\u00f3 la gran coordinaci\u00f3n de los servicios p\u00fablicos en esta octavo versi\u00f3n del programa en lo que va de este 2015.<\/strong><\/li>\n<\/ul>\n<p><strong>LLAY LLAY<\/strong>.- Exitosa fue la realizaci\u00f3n de la octava versi\u00f3n del Programa \u2018Gobierno en Terreno\u2019 en lo que va de este 2015, que lleg\u00f3 hasta el sector de El Sauce, en calle Costanera esquina Ignacio Carrera Pinto en Llay Llay.<br \/>\nEn la ocasi\u00f3n, fueron estuvieron presentes: Sernam, Registro Civil, Carabineros de Chile, Seremi de Miner\u00eda, Servicio de Salud Aconcagua, Seremi de Salud Aconcagua, Serviu, Direcci\u00f3n Provincial de Educaci\u00f3n, Junaeb, Prodemu, IPS, ISL, Conaf, Fonasa, Sence, Sistema de Protecci\u00f3n Social, Corporaci\u00f3n de Asistencia Judicial , Fosis, Grupos vulnerables y Centro de la Mujer, dispuestos a resolver las dudas y requerimientos de la comunidad.<br \/>\nAsimismo, el Gobernador Eduardo Le\u00f3n y un grupo de profesionales recorrieron distintas viviendas, entregando informaci\u00f3n importante a los vecinos acerca de los compromisos y aportes que realiza el Gobierno de la Presidenta Michelle Bachelet.<br \/>\nAnte esto, la autoridad Provincial manifest\u00f3 que \u201cestamos acercando a los servicios p\u00fablicos a la comunidad, para que la gente pueda hacer sus tr\u00e1mites y conozcan de diversos beneficios que muchas veces no conocen. Es la intenci\u00f3n que tiene el Gobierno, de que estemos donde nos requieran, al lado de las personas y conociendo sus necesidades\u201d.<br \/>\nEl Gobernador tambi\u00e9n destac\u00f3 la participaci\u00f3n en esta oportunidad de Carabineros de Chile, quienes realizaron una charla destinada a generar mayor coordinaci\u00f3n con los vecinos y que pierdan el miedo a denuncia.<br \/>\nLa encargada de impartir esta conferencia fue la Mayor Maureen Espinoza, quien manifest\u00f3 que \u201clo importante es resaltar todo lo el esfuerzo que hace el Gobierno para que nos movilicemos como servicios p\u00fablicos, demostrando que hay un trabajo de comunicaci\u00f3n y colaboraci\u00f3n mutua. Esta charla tiende a orientar a cu\u00e1l es la importancia de la denuncia y lo que ocurre posterior a ella, como una mayor cobertura en la zona\u201d, puntualiz\u00f3.<\/p>\n","protected":false},"excerpt":{"rendered":"<p>Gobernador Eduardo Le\u00f3n destac\u00f3 la gran coordinaci\u00f3n de los servicios p\u00fablicos en esta octavo versi\u00f3n del programa en lo que va de este 2015. LLAY LLAY.- Exitosa fue la realizaci\u00f3n de la&#8230;<\/p>\n","protected":false},"author":482,"featured_media":61023,"comment_status":"open","ping_status":"open","sticky":false,"template":"","format":"standard","meta":{"advanced_seo_description":"","jetpack_seo_html_title":"","jetpack_seo_noindex":false,"_jetpack_memberships_contains_paid_content":false,"footnotes":""},"categories":[15],"tags":[],"class_list":["post-61022","post","type-post","status-publish","format-standard","has-post-thumbnail","hentry","category-comunidad"],"jetpack_featured_media_url":"https:\/\/i0.wp.com\/eltrabajo.cl\/portal\/wp-content\/uploads\/2015\/08\/Gobierno-en-terreno-llay-llay.jpg?fit=530%2C350&ssl=1","jetpack_sharing_enabled":true,"jetpack_likes_enabled":true,"jetpack-related-posts":[],"_links":{"self":[{"href":"https:\/\/eltrabajo.cl\/portal\/wp-json\/wp\/v2\/posts\/61022","targetHints":{"allow":["GET"]}}],"collection":[{"href":"https:\/\/eltrabajo.cl\/portal\/wp-json\/wp\/v2\/posts"}],"about":[{"href":"https:\/\/eltrabajo.cl\/portal\/wp-json\/wp\/v2\/types\/post"}],"author":[{"embeddable":true,"href":"https:\/\/eltrabajo.cl\/portal\/wp-json\/wp\/v2\/users\/482"}],"replies":[{"embeddable":true,"href":"https:\/\/eltrabajo.cl\/portal\/wp-json\/wp\/v2\/comments?post=61022"}],"version-history":[{"count":0,"href":"https:\/\/eltrabajo.cl\/portal\/wp-json\/wp\/v2\/posts\/61022\/revisions"}],"wp:featuredmedia":[{"embeddable":true,"href":"https:\/\/eltrabajo.cl\/portal\/wp-json\/wp\/v2\/media\/61023"}],"wp:attachment":[{"href":"https:\/\/eltrabajo.cl\/portal\/wp-json\/wp\/v2\/media?parent=61022"}],"wp:term":[{"taxonomy":"category","embeddable":true,"href":"https:\/\/eltrabajo.cl\/portal\/wp-json\/wp\/v2\/categories?post=61022"},{"taxonomy":"post_tag","embeddable":true,"href":"https:\/\/eltrabajo.cl\/portal\/wp-json\/wp\/v2\/tags?post=61022"}],"curies":[{"name":"wp","href":"https:\/\/api.w.org\/{rel}","templated":true}]}}