{"id":61038,"date":"2015-08-17T09:52:47","date_gmt":"2015-08-17T12:52:47","guid":{"rendered":"http:\/\/www.eltrabajo.cl\/portal\/?p=61038"},"modified":"2015-08-17T09:52:47","modified_gmt":"2015-08-17T12:52:47","slug":"maniataron-a-mujer-y-amenazaron-cortar-los-dedos-a-recien-nacido","status":"publish","type":"post","link":"https:\/\/eltrabajo.cl\/portal\/maniataron-a-mujer-y-amenazaron-cortar-los-dedos-a-recien-nacido\/","title":{"rendered":"Maniataron a mujer y amenazaron cortar los dedos a reci\u00e9n nacido"},"content":{"rendered":"<figure id=\"attachment_61039\" aria-describedby=\"caption-attachment-61039\" style=\"width: 300px\" class=\"wp-caption alignleft\"><a href=\"https:\/\/i0.wp.com\/www.eltrabajo.cl\/portal\/wp-content\/uploads\/2015\/08\/german-y-osvaldo-copia.jpg\"><img data-recalc-dims=\"1\" loading=\"lazy\" decoding=\"async\" class=\"wp-image-61039 size-medium\" src=\"https:\/\/i0.wp.com\/www.eltrabajo.cl\/portal\/wp-content\/uploads\/2015\/08\/german-y-osvaldo-copia-300x198.jpg?resize=300%2C198\" alt=\"Germ\u00e1n Gonz\u00e1lez Barraza con amplio prontuario y Osvaldo Morales Aranda, con apenas 18 a\u00f1os de edad.\" width=\"300\" height=\"198\" srcset=\"https:\/\/i0.wp.com\/eltrabajo.cl\/portal\/wp-content\/uploads\/2015\/08\/german-y-osvaldo-copia.jpg?resize=300%2C198&amp;ssl=1 300w, https:\/\/i0.wp.com\/eltrabajo.cl\/portal\/wp-content\/uploads\/2015\/08\/german-y-osvaldo-copia.jpg?resize=200%2C132&amp;ssl=1 200w, https:\/\/i0.wp.com\/eltrabajo.cl\/portal\/wp-content\/uploads\/2015\/08\/german-y-osvaldo-copia.jpg?resize=227%2C150&amp;ssl=1 227w, https:\/\/i0.wp.com\/eltrabajo.cl\/portal\/wp-content\/uploads\/2015\/08\/german-y-osvaldo-copia.jpg?resize=400%2C264&amp;ssl=1 400w, https:\/\/i0.wp.com\/eltrabajo.cl\/portal\/wp-content\/uploads\/2015\/08\/german-y-osvaldo-copia.jpg?w=530&amp;ssl=1 530w\" sizes=\"auto, (max-width: 300px) 100vw, 300px\" \/><\/a><figcaption id=\"caption-attachment-61039\" class=\"wp-caption-text\">Germ\u00e1n Gonz\u00e1lez Barraza con amplio prontuario y Osvaldo Morales Aranda, con apenas 18 a\u00f1os de edad.<\/figcaption><\/figure>\n<ul>\n<li><strong>Carabineros logr\u00f3 la detenci\u00f3n de dos peligrosos antisociales que robaron especies desde una vivienda habitada por una mujer y un lactante de tres meses en horas de la ma\u00f1ana del jueves. Los imputados fueron formalizados quedando en prisi\u00f3n preventiva.<\/strong><\/li>\n<\/ul>\n<p>Momentos de horror y desesperaci\u00f3n vivi\u00f3 una joven madre cuando repentinamente ingresaron a su vivienda dos delincuentes, los que con extrema violencia la maniataron y amenazaron con cortarles los dedos con un cuchillo a su peque\u00f1o lactante de tres meses si los delataba a la polic\u00eda. Los antisociales pudieron concretar el robo de diversos electrodom\u00e9sticos desde la villa La Escuadra en la comuna de San Felipe.<br \/>\nLos desalmados cometieron el delito a eso de las 08:30 horas de la ma\u00f1ana del jueves, al acceder hasta el interior de la vivienda, pensando que \u00e9sta se encontraba sin moradores. Sin embargo los sujetos, al encontrarse con la mujer que descendi\u00f3 por los ruidos desde el segundo piso del inmueble, en cuesti\u00f3n de segundos la maniataron, mientras lanzaban amenazas de muerte si ped\u00eda auxilio o los denunciaba a Carabineros, dado que los individuos actuaban a rostro descubierto.<br \/>\nEn un acto completamente inhumano para generar temor en la v\u00edctima, los antisociales tomaron la mano de su peque\u00f1o beb\u00e9 y la amenazaron con cortarle los dedos con un cuchillo que portaban, hecho que atorment\u00f3 completamente a la desvalida mujer mientras se encontraba atada.<br \/>\nPosteriormente, los sujetos comenzaron a desvalijar la vivienda utilizando bolsas de basura para sustraer un televisor plasma, un notebook y dinero en efectivo, escapando del lugar en direcci\u00f3n desconocida.<br \/>\nAfortunadamente, mientras Carabineros realizaba patrullajes preventivos por la comuna, descubrieron a dos sospechosos que escapaban corriendo con las especies. Los efectivos policiales en persecuci\u00f3n dieron alcance a los sujetos en el pasaje 1 de la villa Santa Teresa, logrando su reducci\u00f3n y detenci\u00f3n cerca de las 10:00 horas, estableciendo la procedencia de las especies robadas de propiedad de la v\u00edctima que fue asistida posteriormente por la polic\u00eda uniformada.<br \/>\nEn tanto, los imputados fueron individualizados como Germ\u00e1n Mauricio Gonz\u00e1lez Barraza y Osvaldo Antonio Morales Aranda de 18 a\u00f1os, ambos con antecedentes por delitos de receptaci\u00f3n, robo en lugar habitado y no habitado y violaci\u00f3n de morada. Su detenci\u00f3n fue controlada ante el Juzgado de Garant\u00eda de San Felipe.<br \/>\nLa Fiscal\u00eda hizo hincapi\u00e9 ante el Tribunal que la libertad de los sujetos es un serio peligro para la seguridad de la sociedad, solicitando la cautelar de prisi\u00f3n preventiva, cuya medida fue acogida por la Magistrado Roc\u00edo Oscariz Collarte, decretando un plazo de 60 d\u00edas para la investigaci\u00f3n del caso, ordenando el ingreso de los sujetos a la c\u00e1rcel.<br \/>\n<strong>Pablo Salinas Sald\u00edas<\/strong><\/p>\n","protected":false},"excerpt":{"rendered":"<p>Carabineros logr\u00f3 la detenci\u00f3n de dos peligrosos antisociales que robaron especies desde una vivienda habitada por una mujer y un lactante de tres meses en horas de la ma\u00f1ana del jueves. Los&#8230;<\/p>\n","protected":false},"author":482,"featured_media":61039,"comment_status":"open","ping_status":"open","sticky":false,"template":"","format":"standard","meta":{"advanced_seo_description":"","jetpack_seo_html_title":"","jetpack_seo_noindex":false,"_jetpack_memberships_contains_paid_content":false,"footnotes":""},"categories":[21],"tags":[],"class_list":["post-61038","post","type-post","status-publish","format-standard","has-post-thumbnail","hentry","category-policial"],"jetpack_featured_media_url":"https:\/\/i0.wp.com\/eltrabajo.cl\/portal\/wp-content\/uploads\/2015\/08\/german-y-osvaldo-copia.jpg?fit=530%2C350&ssl=1","jetpack_sharing_enabled":true,"jetpack_likes_enabled":true,"jetpack-related-posts":[],"_links":{"self":[{"href":"https:\/\/eltrabajo.cl\/portal\/wp-json\/wp\/v2\/posts\/61038","targetHints":{"allow":["GET"]}}],"collection":[{"href":"https:\/\/eltrabajo.cl\/portal\/wp-json\/wp\/v2\/posts"}],"about":[{"href":"https:\/\/eltrabajo.cl\/portal\/wp-json\/wp\/v2\/types\/post"}],"author":[{"embeddable":true,"href":"https:\/\/eltrabajo.cl\/portal\/wp-json\/wp\/v2\/users\/482"}],"replies":[{"embeddable":true,"href":"https:\/\/eltrabajo.cl\/portal\/wp-json\/wp\/v2\/comments?post=61038"}],"version-history":[{"count":0,"href":"https:\/\/eltrabajo.cl\/portal\/wp-json\/wp\/v2\/posts\/61038\/revisions"}],"wp:featuredmedia":[{"embeddable":true,"href":"https:\/\/eltrabajo.cl\/portal\/wp-json\/wp\/v2\/media\/61039"}],"wp:attachment":[{"href":"https:\/\/eltrabajo.cl\/portal\/wp-json\/wp\/v2\/media?parent=61038"}],"wp:term":[{"taxonomy":"category","embeddable":true,"href":"https:\/\/eltrabajo.cl\/portal\/wp-json\/wp\/v2\/categories?post=61038"},{"taxonomy":"post_tag","embeddable":true,"href":"https:\/\/eltrabajo.cl\/portal\/wp-json\/wp\/v2\/tags?post=61038"}],"curies":[{"name":"wp","href":"https:\/\/api.w.org\/{rel}","templated":true}]}}