{"id":61047,"date":"2015-08-18T09:39:31","date_gmt":"2015-08-18T12:39:31","guid":{"rendered":"http:\/\/www.eltrabajo.cl\/portal\/?p=61047"},"modified":"2015-08-18T09:39:31","modified_gmt":"2015-08-18T12:39:31","slug":"capacitan-en-primeros-auxilios-a-cateminas-a-traves-de-la-oficina-de-la-mujer","status":"publish","type":"post","link":"https:\/\/eltrabajo.cl\/portal\/capacitan-en-primeros-auxilios-a-cateminas-a-traves-de-la-oficina-de-la-mujer\/","title":{"rendered":"Capacitan en primeros auxilios a cateminas a trav\u00e9s de la Oficina de la Mujer"},"content":{"rendered":"<figure id=\"attachment_61048\" aria-describedby=\"caption-attachment-61048\" style=\"width: 300px\" class=\"wp-caption alignleft\"><a href=\"https:\/\/i0.wp.com\/www.eltrabajo.cl\/portal\/wp-content\/uploads\/2015\/08\/adulto-tose1.jpg\"><img data-recalc-dims=\"1\" loading=\"lazy\" decoding=\"async\" class=\"wp-image-61048 size-medium\" src=\"https:\/\/i0.wp.com\/www.eltrabajo.cl\/portal\/wp-content\/uploads\/2015\/08\/adulto-tose1-300x198.jpg?resize=300%2C198\" alt=\"Un total de 25 mujeres participaron de la primera capacitaci\u00f3n sobre primeros auxilios coordinada por la Oficina de la Mujer.\" width=\"300\" height=\"198\" srcset=\"https:\/\/i0.wp.com\/eltrabajo.cl\/portal\/wp-content\/uploads\/2015\/08\/adulto-tose1.jpg?resize=300%2C198&amp;ssl=1 300w, https:\/\/i0.wp.com\/eltrabajo.cl\/portal\/wp-content\/uploads\/2015\/08\/adulto-tose1.jpg?resize=200%2C132&amp;ssl=1 200w, https:\/\/i0.wp.com\/eltrabajo.cl\/portal\/wp-content\/uploads\/2015\/08\/adulto-tose1.jpg?resize=227%2C150&amp;ssl=1 227w, https:\/\/i0.wp.com\/eltrabajo.cl\/portal\/wp-content\/uploads\/2015\/08\/adulto-tose1.jpg?resize=400%2C264&amp;ssl=1 400w, https:\/\/i0.wp.com\/eltrabajo.cl\/portal\/wp-content\/uploads\/2015\/08\/adulto-tose1.jpg?w=530&amp;ssl=1 530w\" sizes=\"auto, (max-width: 300px) 100vw, 300px\" \/><\/a><figcaption id=\"caption-attachment-61048\" class=\"wp-caption-text\">Un total de 25 mujeres participaron de la primera capacitaci\u00f3n sobre primeros auxilios coordinada por la Oficina de la Mujer.<\/figcaption><\/figure>\n<p><strong>CATEMU.-<\/strong> Con gran \u00e9xito se realiz\u00f3 la primera capacitaci\u00f3n coordinada por la Oficina de la Mujer del Municipio de Catemu, en la que participaron 25 mujeres de la comuna y donde aprendieron Primeros auxilios.<br \/>\nCoordinado con el Instituto de Salud Laboral, dictado por la Enfermera Javiera Larenas, este curso tuvo participantes de diferentes lugares de la comuna, entre ellas, socias de los Centros de Madres de Catemu.<br \/>\nA mediados de mayo del presente a\u00f1o, se habilit\u00f3 la Oficina de la Mujer, desde la Dideco, con el objetivo de aportar al desarrollo de las mujeres de la comuna, promoviendo la participaci\u00f3n y la inclusi\u00f3n de ellas.<br \/>\nDicha oficina busca asesorar diversas inquietudes; fomentar la perspectiva de g\u00e9nero que conozcan sus derechos y hagan uso de ellos. Adem\u00e1s de contribuir a su desarrollo y participaci\u00f3n activa, promoviendo procesos de alianza entre autoridades e instituciones, programas y departamentos que aporten a este proceso de desarrollo.<br \/>\nActualmente la Oficina de la mujer coordina atenci\u00f3n, en la comuna, con el Centro de la Mujer de San Felipe el cual, cada 15 d\u00edas, atiende a trav\u00e9s de un profesional Psic\u00f3logo a mujeres v\u00edctimas de violencia intrafamiliar.<br \/>\nSe otorga charlas informativas a los Centros de Madres del centro y de sectores rurales, dando a conocer los programas existentes en la Municipalidad, adem\u00e1s de ense\u00f1arles los derechos que las mujeres tienen.<br \/>\nExiste adem\u00e1s una alianza con el Cesfam, en atenci\u00f3n de Salud Mental; Programa dental; Programa de la Mujer (ex\u00e1menes preventivos y rescate de PAP).<br \/>\nTambi\u00e9n se ha realizado la coordinaci\u00f3n con la Direcci\u00f3n Provincial de Educaci\u00f3n, para obtener informaci\u00f3n acerca de nivelaci\u00f3n de estudios b\u00e1sicos y de ense\u00f1anza media.<br \/>\n\u00abNos interesa brindar apoyo a las mujeres de Catemu a trav\u00e9s de diferentes instancias, una de ellas es la Oficina de la Mujer, que realiza una serie de acciones que permite que las mujeres cateminas accedan a sus beneficios y a otros gestionados desde el Municipio, esperamos que sepan aprovechar esta Oficina que est\u00e1 a su disposici\u00f3n para ayudarlas y brindarles la orientaci\u00f3n que necesiten\u00bb, se\u00f1al\u00f3 el alcalde Boris Luksic.<br \/>\nPara quienes deseen acceder a esta Oficina de la Mujer, deben acercarse a la Direcci\u00f3n de Desarrollo Comunitario, ubicada frente a la Tenencia de Carabineros de Catemu y preguntar por Cristina Castro, quien gentilmente le atender\u00e1.<\/p>\n","protected":false},"excerpt":{"rendered":"<p>CATEMU.- Con gran \u00e9xito se realiz\u00f3 la primera capacitaci\u00f3n coordinada por la Oficina de la Mujer del Municipio de Catemu, en la que participaron 25 mujeres de la comuna y donde aprendieron&#8230;<\/p>\n","protected":false},"author":482,"featured_media":61048,"comment_status":"open","ping_status":"open","sticky":false,"template":"","format":"standard","meta":{"advanced_seo_description":"","jetpack_seo_html_title":"","jetpack_seo_noindex":false,"_jetpack_memberships_contains_paid_content":false,"footnotes":""},"categories":[15],"tags":[],"class_list":["post-61047","post","type-post","status-publish","format-standard","has-post-thumbnail","hentry","category-comunidad"],"jetpack_featured_media_url":"https:\/\/i0.wp.com\/eltrabajo.cl\/portal\/wp-content\/uploads\/2015\/08\/adulto-tose1.jpg?fit=530%2C350&ssl=1","jetpack_sharing_enabled":true,"jetpack_likes_enabled":true,"jetpack-related-posts":[],"_links":{"self":[{"href":"https:\/\/eltrabajo.cl\/portal\/wp-json\/wp\/v2\/posts\/61047","targetHints":{"allow":["GET"]}}],"collection":[{"href":"https:\/\/eltrabajo.cl\/portal\/wp-json\/wp\/v2\/posts"}],"about":[{"href":"https:\/\/eltrabajo.cl\/portal\/wp-json\/wp\/v2\/types\/post"}],"author":[{"embeddable":true,"href":"https:\/\/eltrabajo.cl\/portal\/wp-json\/wp\/v2\/users\/482"}],"replies":[{"embeddable":true,"href":"https:\/\/eltrabajo.cl\/portal\/wp-json\/wp\/v2\/comments?post=61047"}],"version-history":[{"count":0,"href":"https:\/\/eltrabajo.cl\/portal\/wp-json\/wp\/v2\/posts\/61047\/revisions"}],"wp:featuredmedia":[{"embeddable":true,"href":"https:\/\/eltrabajo.cl\/portal\/wp-json\/wp\/v2\/media\/61048"}],"wp:attachment":[{"href":"https:\/\/eltrabajo.cl\/portal\/wp-json\/wp\/v2\/media?parent=61047"}],"wp:term":[{"taxonomy":"category","embeddable":true,"href":"https:\/\/eltrabajo.cl\/portal\/wp-json\/wp\/v2\/categories?post=61047"},{"taxonomy":"post_tag","embeddable":true,"href":"https:\/\/eltrabajo.cl\/portal\/wp-json\/wp\/v2\/tags?post=61047"}],"curies":[{"name":"wp","href":"https:\/\/api.w.org\/{rel}","templated":true}]}}