{"id":61050,"date":"2015-08-18T09:40:58","date_gmt":"2015-08-18T12:40:58","guid":{"rendered":"http:\/\/www.eltrabajo.cl\/portal\/?p=61050"},"modified":"2015-08-18T09:40:58","modified_gmt":"2015-08-18T12:40:58","slug":"entregan-distincion-por-trayectoria-a-funcionarios-de-hospital-dr-philippe-pinel","status":"publish","type":"post","link":"https:\/\/eltrabajo.cl\/portal\/entregan-distincion-por-trayectoria-a-funcionarios-de-hospital-dr-philippe-pinel\/","title":{"rendered":"Entregan distinci\u00f3n por trayectoria a funcionarios de Hospital Dr. Philippe Pinel"},"content":{"rendered":"<figure id=\"attachment_61051\" aria-describedby=\"caption-attachment-61051\" style=\"width: 300px\" class=\"wp-caption alignleft\"><a href=\"https:\/\/i0.wp.com\/www.eltrabajo.cl\/portal\/wp-content\/uploads\/2015\/08\/Ceremonia-Entrega-Distinciones-2.jpg\"><img data-recalc-dims=\"1\" loading=\"lazy\" decoding=\"async\" class=\"wp-image-61051 size-medium\" src=\"https:\/\/i0.wp.com\/www.eltrabajo.cl\/portal\/wp-content\/uploads\/2015\/08\/Ceremonia-Entrega-Distinciones-2-300x197.jpg?resize=300%2C197\" alt=\"En el marco del cuadrag\u00e9simo s\u00e9ptimo aniversario del Hospital Dr. Philippe Pinel, se realiz\u00f3 una ceremonia para premiar la trayectoria de funcionarios y a integrantes de Codelo.\" width=\"300\" height=\"197\" srcset=\"https:\/\/i0.wp.com\/eltrabajo.cl\/portal\/wp-content\/uploads\/2015\/08\/Ceremonia-Entrega-Distinciones-2.jpg?resize=300%2C197&amp;ssl=1 300w, https:\/\/i0.wp.com\/eltrabajo.cl\/portal\/wp-content\/uploads\/2015\/08\/Ceremonia-Entrega-Distinciones-2.jpg?resize=200%2C131&amp;ssl=1 200w, https:\/\/i0.wp.com\/eltrabajo.cl\/portal\/wp-content\/uploads\/2015\/08\/Ceremonia-Entrega-Distinciones-2.jpg?resize=228%2C150&amp;ssl=1 228w, https:\/\/i0.wp.com\/eltrabajo.cl\/portal\/wp-content\/uploads\/2015\/08\/Ceremonia-Entrega-Distinciones-2.jpg?resize=400%2C263&amp;ssl=1 400w, https:\/\/i0.wp.com\/eltrabajo.cl\/portal\/wp-content\/uploads\/2015\/08\/Ceremonia-Entrega-Distinciones-2.jpg?w=530&amp;ssl=1 530w\" sizes=\"auto, (max-width: 300px) 100vw, 300px\" \/><\/a><figcaption id=\"caption-attachment-61051\" class=\"wp-caption-text\">En el marco del cuadrag\u00e9simo s\u00e9ptimo aniversario del Hospital Dr. Philippe Pinel, se realiz\u00f3 una ceremonia para premiar la trayectoria de funcionarios y a integrantes de Codelo.<\/figcaption><\/figure>\n<ul>\n<li><strong>\u201cHemos reconocido su entrega, compromiso y dedicaci\u00f3n con nuestro Hospital y sus usuarios, en una fecha tan especial como nuestro aniversario\u201d, precis\u00f3 el Director de la instituci\u00f3n de salud mental, Dr. Jaime Retamal Garrido.<\/strong><\/li>\n<\/ul>\n<p><strong>PUTAENDO.<\/strong>&#8211; Dedicar gran parte de su vida al desarrollo de una instituci\u00f3n y al cuidado de sus usuarios, con esmero y compromiso, es sin lugar a dudas un motivo destacable, lo que se relev\u00f3 en una emotiva ceremonia en el marco del cuadrag\u00e9simo s\u00e9ptimo aniversario del Hospital Psiqui\u00e1trico Dr. Philippe Pinel de Putaendo.<br \/>\nEn la ocasi\u00f3n adem\u00e1s se entregaron reconocimientos a cuatro integrantes del Consejo de Desarrollo Local (Codelo) de la instituci\u00f3n, como lo son la actual delegada, Sra. Carmen Espinoza Mu\u00f1oz, adem\u00e1s de don Luis Palavecino D\u00edaz, don Leonardo Alegr\u00eda Aguirre y don Patricio Meza Olgu\u00edn, quienes se destacaron por su contribuci\u00f3n en la formaci\u00f3n de esta instancia de participaci\u00f3n de la comunidad y su permanente apoyo hacia el Hospital. Menci\u00f3n aparte merece el reconocimiento entregado a la Asistente Social, Sra. Meibor Chacana Rodr\u00edguez, cuyo liderazgo fue fundamental para la creaci\u00f3n del Codelo del Hospital Dr. Philippe Pinel.<br \/>\nEl Dr. Jaime Retamal Garrido, Director del Hospital Psiqui\u00e1trico Dr. Philippe Pinel de Putaendo, sostuvo que esta ocasi\u00f3n reviste mucha solemnidad para la comunidad hospitalaria \u201cya que es un momento en el cual reconocemos el compromiso de los funcionarios del Hospital, destac\u00e1ndolos por su dedicaci\u00f3n al cuidado de nuestros usuarios y su permanente contribuci\u00f3n al desarrollo de nuestro Hospital\u201d, subray\u00f3 el m\u00e9dico psiquiatra.<br \/>\nDentro de esta ceremonia se entregaron distinciones a aquellas personas que cumplieron desde 15 a 45 a\u00f1os de servicio en la instituci\u00f3n, donde destacan los funcionarios Ren\u00e9 Gajardo Vergara y Juan C\u00e9spedes Mu\u00f1oz, ambos con 45 a\u00f1os de servicio en el Hospital Psiqui\u00e1trico Dr. Philippe Pinel y quienes adem\u00e1s de compartir una extensa trayectoria mantienen una estrecha amistad.<br \/>\n\u201cCreo que en estos 47 a\u00f1os con el Hospital hemos crecido juntos, ya que yo le debo mucho a esta instituci\u00f3n, as\u00ed como tambi\u00e9n por mi parte he dado mucho por este Hospital y no tengo palabras para describir lo bonito que es trabajar d\u00eda a d\u00eda para contribuir a entregar salud\u201d, declar\u00f3 Ren\u00e9 Gajardo, quien en la actualidad se desempe\u00f1a como jefe de la Unidad de Servicios Generales del hospital putaendino.<br \/>\nPor su parte, Juan C\u00e9spedes Mu\u00f1oz, quien se desempe\u00f1a como Encargado de Inventario del Hospital Psiqui\u00e1trico Dr. Philippe Pinel de Putaendo y adem\u00e1s es el funcionario con la mayor trayectoria en la instituci\u00f3n, asegur\u00f3 sentirse emocionado tras recibir el aplauso y reconocimiento de sus compa\u00f1eros de trabajo de toda la vida y tambi\u00e9n de las nuevas generaciones de funcionarias y funcionarios \u201cLa verdad es que me siento representado por todas estas emociones y creo que en estos 45 a\u00f1os y ad portas de retirarme he dejado un legado (\u2026) he cumplido mi labor como funcionario, como tambi\u00e9n colaborando con los gremios y con mi querido grupo folcl\u00f3rico y esas son las cosas que me emocionan ya en mi despedida\u201d, destac\u00f3.<br \/>\nEn esta ceremonia oficial, tambi\u00e9n la Federaci\u00f3n de Trabajadores de la Salud (Fenats), la Asociaci\u00f3n de T\u00e9cnicos Param\u00e9dicos (ATP) y el Comit\u00e9 de Adelanto de la instituci\u00f3n, hicieron entrega de reconocimientos a sus asociados que cumplieron a\u00f1os de servicio, en el marco de los 47 a\u00f1os del Hospital Psiqui\u00e1trico Dr. Philippe Pinel de Putaendo.<\/p>\n","protected":false},"excerpt":{"rendered":"<p>\u201cHemos reconocido su entrega, compromiso y dedicaci\u00f3n con nuestro Hospital y sus usuarios, en una fecha tan especial como nuestro aniversario\u201d, precis\u00f3 el Director de la instituci\u00f3n de salud mental, Dr. Jaime&#8230;<\/p>\n","protected":false},"author":482,"featured_media":61051,"comment_status":"open","ping_status":"open","sticky":false,"template":"","format":"standard","meta":{"advanced_seo_description":"","jetpack_seo_html_title":"","jetpack_seo_noindex":false,"_jetpack_memberships_contains_paid_content":false,"footnotes":""},"categories":[15],"tags":[],"class_list":["post-61050","post","type-post","status-publish","format-standard","has-post-thumbnail","hentry","category-comunidad"],"jetpack_featured_media_url":"https:\/\/i0.wp.com\/eltrabajo.cl\/portal\/wp-content\/uploads\/2015\/08\/Ceremonia-Entrega-Distinciones-2.jpg?fit=530%2C348&ssl=1","jetpack_sharing_enabled":true,"jetpack_likes_enabled":true,"jetpack-related-posts":[],"_links":{"self":[{"href":"https:\/\/eltrabajo.cl\/portal\/wp-json\/wp\/v2\/posts\/61050","targetHints":{"allow":["GET"]}}],"collection":[{"href":"https:\/\/eltrabajo.cl\/portal\/wp-json\/wp\/v2\/posts"}],"about":[{"href":"https:\/\/eltrabajo.cl\/portal\/wp-json\/wp\/v2\/types\/post"}],"author":[{"embeddable":true,"href":"https:\/\/eltrabajo.cl\/portal\/wp-json\/wp\/v2\/users\/482"}],"replies":[{"embeddable":true,"href":"https:\/\/eltrabajo.cl\/portal\/wp-json\/wp\/v2\/comments?post=61050"}],"version-history":[{"count":0,"href":"https:\/\/eltrabajo.cl\/portal\/wp-json\/wp\/v2\/posts\/61050\/revisions"}],"wp:featuredmedia":[{"embeddable":true,"href":"https:\/\/eltrabajo.cl\/portal\/wp-json\/wp\/v2\/media\/61051"}],"wp:attachment":[{"href":"https:\/\/eltrabajo.cl\/portal\/wp-json\/wp\/v2\/media?parent=61050"}],"wp:term":[{"taxonomy":"category","embeddable":true,"href":"https:\/\/eltrabajo.cl\/portal\/wp-json\/wp\/v2\/categories?post=61050"},{"taxonomy":"post_tag","embeddable":true,"href":"https:\/\/eltrabajo.cl\/portal\/wp-json\/wp\/v2\/tags?post=61050"}],"curies":[{"name":"wp","href":"https:\/\/api.w.org\/{rel}","templated":true}]}}