{"id":61056,"date":"2015-08-18T09:43:20","date_gmt":"2015-08-18T12:43:20","guid":{"rendered":"http:\/\/www.eltrabajo.cl\/portal\/?p=61056"},"modified":"2015-08-18T09:43:20","modified_gmt":"2015-08-18T12:43:20","slug":"realizaran-pretest-de-la-psu-en-liceo-roberto-humeres","status":"publish","type":"post","link":"https:\/\/eltrabajo.cl\/portal\/realizaran-pretest-de-la-psu-en-liceo-roberto-humeres\/","title":{"rendered":"Realizar\u00e1n Pretest de la PSU en Liceo Roberto Humeres"},"content":{"rendered":"<figure id=\"attachment_61057\" aria-describedby=\"caption-attachment-61057\" style=\"width: 300px\" class=\"wp-caption alignleft\"><a href=\"https:\/\/i0.wp.com\/www.eltrabajo.cl\/portal\/wp-content\/uploads\/2015\/08\/Ensayo-psu.jpg\"><img data-recalc-dims=\"1\" loading=\"lazy\" decoding=\"async\" class=\"wp-image-61057 size-medium\" src=\"https:\/\/i0.wp.com\/www.eltrabajo.cl\/portal\/wp-content\/uploads\/2015\/08\/Ensayo-psu-300x198.jpg?resize=300%2C198\" alt=\"El pr\u00f3ximo martes y mi\u00e9rcoles en el Liceo Roberto Humeres, estudiantes inscritos para rendir la PSU 2016 podr\u00e1n ser parte del proceso de prueba de ensayo organizado por el Demre.(Foto referencial)\" width=\"300\" height=\"198\" srcset=\"https:\/\/i0.wp.com\/eltrabajo.cl\/portal\/wp-content\/uploads\/2015\/08\/Ensayo-psu.jpg?resize=300%2C198&amp;ssl=1 300w, https:\/\/i0.wp.com\/eltrabajo.cl\/portal\/wp-content\/uploads\/2015\/08\/Ensayo-psu.jpg?resize=200%2C132&amp;ssl=1 200w, https:\/\/i0.wp.com\/eltrabajo.cl\/portal\/wp-content\/uploads\/2015\/08\/Ensayo-psu.jpg?resize=228%2C150&amp;ssl=1 228w, https:\/\/i0.wp.com\/eltrabajo.cl\/portal\/wp-content\/uploads\/2015\/08\/Ensayo-psu.jpg?resize=400%2C263&amp;ssl=1 400w, https:\/\/i0.wp.com\/eltrabajo.cl\/portal\/wp-content\/uploads\/2015\/08\/Ensayo-psu.jpg?w=530&amp;ssl=1 530w\" sizes=\"auto, (max-width: 300px) 100vw, 300px\" \/><\/a><figcaption id=\"caption-attachment-61057\" class=\"wp-caption-text\">El pr\u00f3ximo martes y mi\u00e9rcoles en el Liceo Roberto Humeres, estudiantes inscritos para rendir la PSU 2016 podr\u00e1n ser parte del proceso de prueba de ensayo organizado por el Demre.(Foto referencial)<\/figcaption><\/figure>\n<ul>\n<li><strong>El evento lo organiza el Departamento de Evaluaci\u00f3n, Medici\u00f3n y Registro Educacional (Demre) de la Universidad de Chile.<\/strong><\/li>\n<\/ul>\n<p>El martes 18 y mi\u00e9rcoles 19 de agosto, en el Liceo Roberto Humeres Oyaneder, a partir de las 08:00 de la ma\u00f1ana, se dar\u00e1 la posibilidad a estudiantes inscritos para rendir la PSU 2016, de ser parte del proceso de prueba de ensayo, donde el Demre obtiene la validaci\u00f3n estad\u00edstica de los \u00edtems para construir futuros instrumentos.<br \/>\nSeg\u00fan el Demre, el objetivo del Pretest es determinar las propiedades psicom\u00e9tricas de las preguntas de la bater\u00eda de pruebas PSU (Lenguaje y Comunicaci\u00f3n, Matem\u00e1tica, Historia, Geograf\u00eda y Ciencias Sociales y Ciencias: Biolog\u00eda, F\u00edsica, Qu\u00edmica y T\u00e9cnico Profesional). De cumplir los est\u00e1ndares establecidos, estas preguntas pasar\u00e1n a formar parte del banco de \u00edtems y podr\u00e1n ser utilizadas en el ensamblaje de futuras pruebas.<br \/>\nLa Secretaria de Admisi\u00f3n de San Felipe, Romina Fumey, coment\u00f3 \u201cEste proceso es muy valioso para los estudiantes inscritos para la PSU de este a\u00f1o, ya que se ejecuta con las misma formalidad y rigurosidad que la Prueba de Selecci\u00f3n Universitaria, lo que permite entrenarse en tiempo y niveles de estr\u00e9s\u201d.<br \/>\nEstas pruebas experimentales son rendidas por estudiantes inscritos y seleccionados por un m\u00e9todo probabil\u00edstico, avisados por sus respectivos establecimiento educacionales, a los que llega la n\u00f3mina y posteriormente los resultados.<br \/>\n\u201cEl a\u00f1o pasado sucedi\u00f3 que algunos estudiantes seleccionados no acudieron a rendir las pruebas experimentales, por lo que avisamos a trav\u00e9s de los medios de comunicaci\u00f3n, que otros estudiantes inscritos no seleccionados podr\u00edan rendir el pretest, pasado veinte minutos del inicio, presentando su cedula de identidad y previo registro en el recinto. Este a\u00f1o, si sucede haremos lo mismo, por lo que llamamos a la comunidad a estar atentos\u201d, asegur\u00f3 Fumey.<\/p>\n","protected":false},"excerpt":{"rendered":"<p>El evento lo organiza el Departamento de Evaluaci\u00f3n, Medici\u00f3n y Registro Educacional (Demre) de la Universidad de Chile. El martes 18 y mi\u00e9rcoles 19 de agosto, en el Liceo Roberto Humeres Oyaneder,&#8230;<\/p>\n","protected":false},"author":482,"featured_media":61057,"comment_status":"open","ping_status":"open","sticky":false,"template":"","format":"standard","meta":{"advanced_seo_description":"","jetpack_seo_html_title":"","jetpack_seo_noindex":false,"_jetpack_memberships_contains_paid_content":false,"footnotes":""},"categories":[1],"tags":[],"class_list":["post-61056","post","type-post","status-publish","format-standard","has-post-thumbnail","hentry","category-cronica"],"jetpack_featured_media_url":"https:\/\/i0.wp.com\/eltrabajo.cl\/portal\/wp-content\/uploads\/2015\/08\/Ensayo-psu.jpg?fit=530%2C349&ssl=1","jetpack_sharing_enabled":true,"jetpack_likes_enabled":true,"jetpack-related-posts":[],"_links":{"self":[{"href":"https:\/\/eltrabajo.cl\/portal\/wp-json\/wp\/v2\/posts\/61056","targetHints":{"allow":["GET"]}}],"collection":[{"href":"https:\/\/eltrabajo.cl\/portal\/wp-json\/wp\/v2\/posts"}],"about":[{"href":"https:\/\/eltrabajo.cl\/portal\/wp-json\/wp\/v2\/types\/post"}],"author":[{"embeddable":true,"href":"https:\/\/eltrabajo.cl\/portal\/wp-json\/wp\/v2\/users\/482"}],"replies":[{"embeddable":true,"href":"https:\/\/eltrabajo.cl\/portal\/wp-json\/wp\/v2\/comments?post=61056"}],"version-history":[{"count":0,"href":"https:\/\/eltrabajo.cl\/portal\/wp-json\/wp\/v2\/posts\/61056\/revisions"}],"wp:featuredmedia":[{"embeddable":true,"href":"https:\/\/eltrabajo.cl\/portal\/wp-json\/wp\/v2\/media\/61057"}],"wp:attachment":[{"href":"https:\/\/eltrabajo.cl\/portal\/wp-json\/wp\/v2\/media?parent=61056"}],"wp:term":[{"taxonomy":"category","embeddable":true,"href":"https:\/\/eltrabajo.cl\/portal\/wp-json\/wp\/v2\/categories?post=61056"},{"taxonomy":"post_tag","embeddable":true,"href":"https:\/\/eltrabajo.cl\/portal\/wp-json\/wp\/v2\/tags?post=61056"}],"curies":[{"name":"wp","href":"https:\/\/api.w.org\/{rel}","templated":true}]}}