{"id":61059,"date":"2015-08-18T09:46:27","date_gmt":"2015-08-18T12:46:27","guid":{"rendered":"http:\/\/www.eltrabajo.cl\/portal\/?p=61059"},"modified":"2015-08-18T09:46:27","modified_gmt":"2015-08-18T12:46:27","slug":"inyectaran-mas-de-20-millones-a-programa-de-tenencia-responsable-de-mascotas-de-san-felipe","status":"publish","type":"post","link":"https:\/\/eltrabajo.cl\/portal\/inyectaran-mas-de-20-millones-a-programa-de-tenencia-responsable-de-mascotas-de-san-felipe\/","title":{"rendered":"Inyectar\u00e1n m\u00e1s de $20 millones a programa de Tenencia Responsable de Mascotas de San Felipe"},"content":{"rendered":"<figure id=\"attachment_61060\" aria-describedby=\"caption-attachment-61060\" style=\"width: 300px\" class=\"wp-caption alignleft\"><a href=\"https:\/\/i0.wp.com\/www.eltrabajo.cl\/portal\/wp-content\/uploads\/2015\/08\/pelicula.jpg\"><img data-recalc-dims=\"1\" loading=\"lazy\" decoding=\"async\" class=\"wp-image-61060 size-medium\" src=\"https:\/\/i0.wp.com\/www.eltrabajo.cl\/portal\/wp-content\/uploads\/2015\/08\/pelicula-300x198.jpg?resize=300%2C198\" alt=\"El s\u00e1bado reci\u00e9n pasado, en el marco del la presentaci\u00f3n de la pel\u00edcula \u2018Perla\u2019, autoridades anunciaron nueva inyecci\u00f3n de recursos para el programa de Tenencia Responsable de Mascotas de San Felipe.\" width=\"300\" height=\"198\" srcset=\"https:\/\/i0.wp.com\/eltrabajo.cl\/portal\/wp-content\/uploads\/2015\/08\/pelicula.jpg?resize=300%2C198&amp;ssl=1 300w, https:\/\/i0.wp.com\/eltrabajo.cl\/portal\/wp-content\/uploads\/2015\/08\/pelicula.jpg?resize=200%2C132&amp;ssl=1 200w, https:\/\/i0.wp.com\/eltrabajo.cl\/portal\/wp-content\/uploads\/2015\/08\/pelicula.jpg?resize=227%2C150&amp;ssl=1 227w, https:\/\/i0.wp.com\/eltrabajo.cl\/portal\/wp-content\/uploads\/2015\/08\/pelicula.jpg?resize=400%2C264&amp;ssl=1 400w, https:\/\/i0.wp.com\/eltrabajo.cl\/portal\/wp-content\/uploads\/2015\/08\/pelicula.jpg?w=530&amp;ssl=1 530w\" sizes=\"auto, (max-width: 300px) 100vw, 300px\" \/><\/a><figcaption id=\"caption-attachment-61060\" class=\"wp-caption-text\">El s\u00e1bado reci\u00e9n pasado, en el marco del la presentaci\u00f3n de la pel\u00edcula \u2018Perla\u2019, autoridades anunciaron nueva inyecci\u00f3n de recursos para el programa de Tenencia Responsable de Mascotas de San Felipe.<\/figcaption><\/figure>\n<ul>\n<li><strong>El anuncio fue realizado en el estreno de la pel\u00edcula Perla efectuado en el Teatro Municipal el s\u00e1bado reci\u00e9n pasado.<\/strong><\/li>\n<\/ul>\n<p>Un \u00e9xito result\u00f3 el estreno de la pel\u00edcula Perla en San Felipe, una actividad que cont\u00f3 con m\u00e1s de 300 asistentes, y que fue presentada por la Municipalidad de San Felipe, en el marco de su programa de Tenencia responsable de mascotas<strong>.<\/strong><\/p>\n<p>El estreno se realiz\u00f3 en el Teatro Municipal, en dos funciones, ambas con la capacidad completa del recinto cultural debido al inter\u00e9s de los vecinos y especialmente de los ni\u00f1os por ver la pel\u00edcula y conocer a la protagonista de la cinta, que fue presentada a los asistentes.<\/p>\n<p>A la exhibici\u00f3n de la pel\u00edcula asistieron el alcalde Patricio Freire, el gobernador Eduardo Le\u00f3n, la agrupaci\u00f3n Esteriliza no Abandones Chile, voluntarios de agrupaciones animalistas, el veterinario televisivo C\u00e9sar Villalta e Ignacio Moncayo, coordinador nacional del programa de Tenencia Responsable de Mascotas de la Subdere, quien adem\u00e1s entreg\u00f3 una muy buena noticia y que contempla la inyecci\u00f3n de recursos por alrededor de 22 millones de pesos, los que permitir\u00e1n aumentar la cifra de animalitos a esterilizar.<\/p>\n<p>\u00abTenemos muy buenas noticias para la comuna de San Felipe, en t\u00e9rminos de que ha sido aceptada la postulaci\u00f3n que ha hecho la Municipalidad respecto a la ejecuci\u00f3n de un operativo veterinario de esterilizaci\u00f3n, por lo tanto lo que comunicamos es la implementaci\u00f3n de esta medida, que significan cirug\u00edas de acceso gratuito para la comunidad, tanto los animales con due\u00f1o como sin due\u00f1o ser\u00e1n esterilizados en un n\u00famero de mil animales y con eso ir avanzando en la comuna, adem\u00e1s de los esfuerzo que ha hecho la municipalidad, para ir controlando la poblaci\u00f3n y reproducci\u00f3n de los animales callejeros\u00bb, dijo Moncayo.<\/p>\n<p>El aporte de los recursos de parte del Gobierno se realiza en reconocimiento al municipio de San Felipe por el enorme esfuerzo que est\u00e1 desarrollando para abordar la tem\u00e1tica de perros en situaci\u00f3n de abandono, los que ser\u00e1n esterilizados sin costo para los due\u00f1os, en el casos de las mascotas, tanto perros como gatos, hembras y machos.<br \/>\nEl proceso contempla ahora la transferencia de recursos, para luego llamar a licitaci\u00f3n y posteriormente ejecutar la esterilizaci\u00f3n de acuerdo a un calendario establecido por el municipio.<\/p>\n<p>\u00abEl llamado es a acercarse a los equipos municipales responsables para que se empiecen a generar los listados de inscripci\u00f3n de las personas interesadas en los distintos sectores tanto urbanos como rurales\u00bb, enfatiz\u00f3 Moncayo.<br \/>\nEstos recursos permitir\u00e1n cerrar este 2015 esterilizando a unas 500 mascotas y para el pr\u00f3ximo a\u00f1o asegurar los fondos que permitan esterilizar a otros mil animalitos.<br \/>\nEl alcalde Patricio Freire destac\u00f3 la masiva presencia de vecinos en la exhibici\u00f3n de la pel\u00edcula y especialmente la inyecci\u00f3n de recursos al programa que ha impulsado, haci\u00e9ndose cargo de una petici\u00f3n por muchos a\u00f1os realizada por la comunidad.<br \/>\n\u00abComenzamos hace un tiempo a ejecutar el programa de Tenencia Responsable de mascotas y ahora contamos con mayores recursos que vienen de la Subdere, lo que nos deja muy contentos, porque estos fondos nos permitir\u00e1n duplicar la meta que nos hab\u00edamos fijado. Tenemos un desaf\u00edo muy importante y sabemos que lo vamos a cumplir\u00bb, dijo el jefe comunal.<\/p>\n<p>En este mismo sentido el gobernador Eduardo Le\u00f3n resalt\u00f3 el esfuerzo que ha realizado la municipalidad para generar una instancia que permita sensibilizar a la poblaci\u00f3n en torno a la importancia de proteger a los animales, pero tambi\u00e9n por desarrollar esta actividad en el marco de un proceso, que ha considerado etapas fundamentales como son las jornadas de esterilizaci\u00f3n.<br \/>\nY a\u00f1adi\u00f3 que el compromiso mostrado por el municipio permite asegurar el ingreso de la comuna al Programa Incondicionales, el que ejecuta el gobierno y que llegar\u00e1 a fortalecer todo el trabajo que ya est\u00e1 realizando la corporaci\u00f3n edilicia en San Felipe.<\/p>\n","protected":false},"excerpt":{"rendered":"<p>El anuncio fue realizado en el estreno de la pel\u00edcula Perla efectuado en el Teatro Municipal el s\u00e1bado reci\u00e9n pasado. Un \u00e9xito result\u00f3 el estreno de la pel\u00edcula Perla en San Felipe,&#8230;<\/p>\n","protected":false},"author":482,"featured_media":61060,"comment_status":"open","ping_status":"open","sticky":false,"template":"","format":"standard","meta":{"advanced_seo_description":"","jetpack_seo_html_title":"","jetpack_seo_noindex":false,"_jetpack_memberships_contains_paid_content":false,"footnotes":""},"categories":[1],"tags":[],"class_list":["post-61059","post","type-post","status-publish","format-standard","has-post-thumbnail","hentry","category-cronica"],"jetpack_featured_media_url":"https:\/\/i0.wp.com\/eltrabajo.cl\/portal\/wp-content\/uploads\/2015\/08\/pelicula.jpg?fit=530%2C350&ssl=1","jetpack_sharing_enabled":true,"jetpack_likes_enabled":true,"jetpack-related-posts":[],"_links":{"self":[{"href":"https:\/\/eltrabajo.cl\/portal\/wp-json\/wp\/v2\/posts\/61059","targetHints":{"allow":["GET"]}}],"collection":[{"href":"https:\/\/eltrabajo.cl\/portal\/wp-json\/wp\/v2\/posts"}],"about":[{"href":"https:\/\/eltrabajo.cl\/portal\/wp-json\/wp\/v2\/types\/post"}],"author":[{"embeddable":true,"href":"https:\/\/eltrabajo.cl\/portal\/wp-json\/wp\/v2\/users\/482"}],"replies":[{"embeddable":true,"href":"https:\/\/eltrabajo.cl\/portal\/wp-json\/wp\/v2\/comments?post=61059"}],"version-history":[{"count":0,"href":"https:\/\/eltrabajo.cl\/portal\/wp-json\/wp\/v2\/posts\/61059\/revisions"}],"wp:featuredmedia":[{"embeddable":true,"href":"https:\/\/eltrabajo.cl\/portal\/wp-json\/wp\/v2\/media\/61060"}],"wp:attachment":[{"href":"https:\/\/eltrabajo.cl\/portal\/wp-json\/wp\/v2\/media?parent=61059"}],"wp:term":[{"taxonomy":"category","embeddable":true,"href":"https:\/\/eltrabajo.cl\/portal\/wp-json\/wp\/v2\/categories?post=61059"},{"taxonomy":"post_tag","embeddable":true,"href":"https:\/\/eltrabajo.cl\/portal\/wp-json\/wp\/v2\/tags?post=61059"}],"curies":[{"name":"wp","href":"https:\/\/api.w.org\/{rel}","templated":true}]}}