{"id":61062,"date":"2015-08-18T09:48:07","date_gmt":"2015-08-18T12:48:07","guid":{"rendered":"http:\/\/www.eltrabajo.cl\/portal\/?p=61062"},"modified":"2015-08-18T09:48:07","modified_gmt":"2015-08-18T12:48:07","slug":"vecina-de-poblacion-libertad-denuncia-discriminacion-por-uso-de-sede","status":"publish","type":"post","link":"https:\/\/eltrabajo.cl\/portal\/vecina-de-poblacion-libertad-denuncia-discriminacion-por-uso-de-sede\/","title":{"rendered":"Vecina de poblaci\u00f3n Libertad \u00a0denuncia discriminaci\u00f3n por uso de sede"},"content":{"rendered":"<figure id=\"attachment_61063\" aria-describedby=\"caption-attachment-61063\" style=\"width: 300px\" class=\"wp-caption alignleft\"><a href=\"https:\/\/i0.wp.com\/www.eltrabajo.cl\/portal\/wp-content\/uploads\/2015\/08\/portadadenunciasede.jpg\"><img data-recalc-dims=\"1\" loading=\"lazy\" decoding=\"async\" class=\"wp-image-61063 size-medium\" src=\"https:\/\/i0.wp.com\/www.eltrabajo.cl\/portal\/wp-content\/uploads\/2015\/08\/portadadenunciasede-300x198.jpg?resize=300%2C198\" alt=\"Sra. Sara Castillo Lazcano, vecina de la poblaci\u00f3n Libertad de Putaendo, denunci\u00f3 discriminaci\u00f3n por parte de la junta de vecinos y su presidente.\" width=\"300\" height=\"198\" srcset=\"https:\/\/i0.wp.com\/eltrabajo.cl\/portal\/wp-content\/uploads\/2015\/08\/portadadenunciasede.jpg?resize=300%2C198&amp;ssl=1 300w, https:\/\/i0.wp.com\/eltrabajo.cl\/portal\/wp-content\/uploads\/2015\/08\/portadadenunciasede.jpg?resize=200%2C132&amp;ssl=1 200w, https:\/\/i0.wp.com\/eltrabajo.cl\/portal\/wp-content\/uploads\/2015\/08\/portadadenunciasede.jpg?resize=228%2C150&amp;ssl=1 228w, https:\/\/i0.wp.com\/eltrabajo.cl\/portal\/wp-content\/uploads\/2015\/08\/portadadenunciasede.jpg?resize=400%2C263&amp;ssl=1 400w, https:\/\/i0.wp.com\/eltrabajo.cl\/portal\/wp-content\/uploads\/2015\/08\/portadadenunciasede.jpg?w=530&amp;ssl=1 530w\" sizes=\"auto, (max-width: 300px) 100vw, 300px\" \/><\/a><figcaption id=\"caption-attachment-61063\" class=\"wp-caption-text\">Sra. Sara Castillo Lazcano, vecina de la poblaci\u00f3n Libertad de Putaendo, denunci\u00f3 discriminaci\u00f3n por parte de la junta de vecinos y su presidente.<\/figcaption><\/figure>\n<p><strong>PUTAENDO.<\/strong>&#8211; \u00a0Sra. Sara Castillo Lazcano, vecina de la poblaci\u00f3n Libertad de Putaendo, denunci\u00f3 discriminaci\u00f3n por parte de la junta de vecinos y su presidente luego de solicitar la sede vecinal del sector para celebrar el cumplea\u00f1os de su hija.<br \/>\nEn su reclamo, la denunciante asegura que se acerc\u00f3 al presidente de la junta de vecinos para solicitar el arriendo de la sede, con la finalidad de celebrar el cumplea\u00f1os de su hija, indicando que el dirigente le se\u00f1al\u00f3 que el valor del arriendo era de $15.000 con la \u00fanica exigencia que no pod\u00edan ocupar el ba\u00f1o de la sede, pues no tiene suministro de agua, a lo que seg\u00fan indico la se\u00f1ora Sara ella acepto las condiciones y el valor.<br \/>\nNo obstante, Sara Castillo sostuvo que cuando le exigi\u00f3 al presidente de la junta de vecinos un comprobante por el valor del arriendo, este se molest\u00f3 de sobremanera e incluso le levant\u00f3 la voz y le dijo que deb\u00eda consultarlo con el resto de la directiva y comenz\u00f3 a tramitarla con explicaciones que calific\u00f3 como burdas, asegurando adem\u00e1s que el dirigente incluso lleg\u00f3 a se\u00f1alarle que el municipio le prohibi\u00f3 arrendar la sede pues ten\u00eda que estar dispuesta como albergue.<br \/>\nLa vecina precis\u00f3 que finalmente la respuesta fue un no rotundo, porque en la sede no puede ocuparse el ba\u00f1o por estar el suministro d agua cortada, lo que la se\u00f1ora Sara lo toma como una venganza y discriminaci\u00f3n, asegurando que la sede se ha arrendado ya con el estado actual del ba\u00f1o, e indic\u00f3 que el presidente de la junta de vecinos no le perdona que en una reuni\u00f3n ella exigiera una explicaci\u00f3n por mantener dudas sobre el uso de los dineros de la organizaci\u00f3n, acusa discriminaci\u00f3n para poder arrendar la sede y celebrar el cumplea\u00f1os de su hija.<br \/>\nConsultamos por esta grave denuncia al Presidente de la Junta de Vecinos de la Poblaci\u00f3n Libertad, H\u00e9ctor Ramos, quien neg\u00f3 haberle faltado el respeto a la vecina e indic\u00f3 que efectivamente no se facilit\u00f3 la sede, porque no hay agua potable debido a la deuda de m\u00e1s de $300.000 que se mantiene con Esval, reconociendo que el ex tesorero se fue de la poblaci\u00f3n y se apropi\u00f3 de una suma no determinada de dinero, por lo que denunci\u00f3 los hechos a la fiscal\u00eda que ya orden\u00f3 diligencias a la Polic\u00eda de Investigaciones.<br \/>\nEl dirigente fue enf\u00e1tico en asegurar que no ha existido discriminaci\u00f3n hacia la vecina al no acceder al arriendo de la sede vecinal y solo se neg\u00f3 porque el recinto no cuenta con agua potable, imposibilitando el uso del ba\u00f1o.<br \/>\n<strong>Patricio Gallardo M.<\/strong><\/p>\n","protected":false},"excerpt":{"rendered":"<p>PUTAENDO.&#8211; \u00a0Sra. Sara Castillo Lazcano, vecina de la poblaci\u00f3n Libertad de Putaendo, denunci\u00f3 discriminaci\u00f3n por parte de la junta de vecinos y su presidente luego de solicitar la sede vecinal del sector&#8230;<\/p>\n","protected":false},"author":482,"featured_media":61063,"comment_status":"open","ping_status":"open","sticky":false,"template":"","format":"standard","meta":{"advanced_seo_description":"","jetpack_seo_html_title":"","jetpack_seo_noindex":false,"_jetpack_memberships_contains_paid_content":false,"footnotes":""},"categories":[1],"tags":[],"class_list":["post-61062","post","type-post","status-publish","format-standard","has-post-thumbnail","hentry","category-cronica"],"jetpack_featured_media_url":"https:\/\/i0.wp.com\/eltrabajo.cl\/portal\/wp-content\/uploads\/2015\/08\/portadadenunciasede.jpg?fit=530%2C349&ssl=1","jetpack_sharing_enabled":true,"jetpack_likes_enabled":true,"jetpack-related-posts":[],"_links":{"self":[{"href":"https:\/\/eltrabajo.cl\/portal\/wp-json\/wp\/v2\/posts\/61062","targetHints":{"allow":["GET"]}}],"collection":[{"href":"https:\/\/eltrabajo.cl\/portal\/wp-json\/wp\/v2\/posts"}],"about":[{"href":"https:\/\/eltrabajo.cl\/portal\/wp-json\/wp\/v2\/types\/post"}],"author":[{"embeddable":true,"href":"https:\/\/eltrabajo.cl\/portal\/wp-json\/wp\/v2\/users\/482"}],"replies":[{"embeddable":true,"href":"https:\/\/eltrabajo.cl\/portal\/wp-json\/wp\/v2\/comments?post=61062"}],"version-history":[{"count":0,"href":"https:\/\/eltrabajo.cl\/portal\/wp-json\/wp\/v2\/posts\/61062\/revisions"}],"wp:featuredmedia":[{"embeddable":true,"href":"https:\/\/eltrabajo.cl\/portal\/wp-json\/wp\/v2\/media\/61063"}],"wp:attachment":[{"href":"https:\/\/eltrabajo.cl\/portal\/wp-json\/wp\/v2\/media?parent=61062"}],"wp:term":[{"taxonomy":"category","embeddable":true,"href":"https:\/\/eltrabajo.cl\/portal\/wp-json\/wp\/v2\/categories?post=61062"},{"taxonomy":"post_tag","embeddable":true,"href":"https:\/\/eltrabajo.cl\/portal\/wp-json\/wp\/v2\/tags?post=61062"}],"curies":[{"name":"wp","href":"https:\/\/api.w.org\/{rel}","templated":true}]}}