{"id":61066,"date":"2015-08-18T09:49:29","date_gmt":"2015-08-18T12:49:29","guid":{"rendered":"http:\/\/www.eltrabajo.cl\/portal\/?p=61066"},"modified":"2015-08-18T09:49:29","modified_gmt":"2015-08-18T12:49:29","slug":"con-mas-de-300-dirigentes-sociales-se-realizo-tercer-encuentro-ciudadano-en-san-felipe","status":"publish","type":"post","link":"https:\/\/eltrabajo.cl\/portal\/con-mas-de-300-dirigentes-sociales-se-realizo-tercer-encuentro-ciudadano-en-san-felipe\/","title":{"rendered":"Con m\u00e1s de 300 dirigentes sociales se realiz\u00f3 tercer Encuentro Ciudadano en San Felipe"},"content":{"rendered":"<figure id=\"attachment_61067\" aria-describedby=\"caption-attachment-61067\" style=\"width: 300px\" class=\"wp-caption alignleft\"><a href=\"https:\/\/i0.wp.com\/www.eltrabajo.cl\/portal\/wp-content\/uploads\/2015\/08\/encuentro-ciudadano-1.jpg\"><img data-recalc-dims=\"1\" loading=\"lazy\" decoding=\"async\" class=\"wp-image-61067 size-medium\" src=\"https:\/\/i0.wp.com\/www.eltrabajo.cl\/portal\/wp-content\/uploads\/2015\/08\/encuentro-ciudadano-1-300x198.jpg?resize=300%2C198\" alt=\"Durante el s\u00e1bado y junto a m\u00e1s de 300 dirigentes sociales se realiz\u00f3 el tercer Encuentro Ciudadano, organizado por la municipalidad de San Felipe, en el marco de la celebraci\u00f3n de su aniversario.\" width=\"300\" height=\"198\" srcset=\"https:\/\/i0.wp.com\/eltrabajo.cl\/portal\/wp-content\/uploads\/2015\/08\/encuentro-ciudadano-1.jpg?resize=300%2C198&amp;ssl=1 300w, https:\/\/i0.wp.com\/eltrabajo.cl\/portal\/wp-content\/uploads\/2015\/08\/encuentro-ciudadano-1.jpg?resize=200%2C132&amp;ssl=1 200w, https:\/\/i0.wp.com\/eltrabajo.cl\/portal\/wp-content\/uploads\/2015\/08\/encuentro-ciudadano-1.jpg?resize=228%2C150&amp;ssl=1 228w, https:\/\/i0.wp.com\/eltrabajo.cl\/portal\/wp-content\/uploads\/2015\/08\/encuentro-ciudadano-1.jpg?resize=400%2C263&amp;ssl=1 400w, https:\/\/i0.wp.com\/eltrabajo.cl\/portal\/wp-content\/uploads\/2015\/08\/encuentro-ciudadano-1.jpg?w=530&amp;ssl=1 530w\" sizes=\"auto, (max-width: 300px) 100vw, 300px\" \/><\/a><figcaption id=\"caption-attachment-61067\" class=\"wp-caption-text\">Durante el s\u00e1bado y junto a m\u00e1s de 300 dirigentes sociales se realiz\u00f3 el tercer Encuentro Ciudadano, organizado por la municipalidad de San Felipe, en el marco de la celebraci\u00f3n de su aniversario.<\/figcaption><\/figure>\n<p>Los dirigentes de distintos sectores de la comuna de San Felipe participaron el s\u00e1bado reci\u00e9n pasado en el tercer Encuentro ciudadano realizado por la municipalidad de San Felipe, en el marco de la celebraci\u00f3n de los 275 a\u00f1os de fundaci\u00f3n de la comuna.<br \/>\nLa actividad fue realizada en dependencias del liceo Roberto Humeres, hasta donde llegaron alrededor de 300 dirigentes, representantes de los vecinos de distintos sectores de la comuna, quienes compartieron con los directores de los diferentes departamentos del municipio sanfelipe\u00f1o y con el alcalde Patricio Freire y los concejales, instancia donde el jefe comunal record\u00f3 la serie de proyectos que se han ejecutado en estos dos a\u00f1os y medio de gesti\u00f3n municipal y los desaf\u00edos que se ha planteado la autoridad comunal.<br \/>\n\u201cEste es el tercer encuentro ciudadano, y estamos muy contentos de que est\u00e9n representados todos los vecinos de la comuna en esta actividad, mostrando la gesti\u00f3n que hemos hecho durante estos a\u00f1os y lo que viene de proyectos para San Felipe, es muy importante que los vecinos transmitan lo que estamos ejecutando y lo que esperamos realizar en la comuna, estamos construyendo una ciudad de futuro entre todos\u201d, dijo el jefe comunal.<br \/>\nEl alcalde Freire agradeci\u00f3 el trabajo realizado por el equipo municipal y los funcionarios, a quienes calific\u00f3 como fundamentales para alcanzar los logros de estos a\u00f1os y agradeci\u00f3 el apoyo de los concejales y los parlamentarios en la ejecuci\u00f3n de las distintas iniciativas realizadas.<\/p>\n","protected":false},"excerpt":{"rendered":"<p>Los dirigentes de distintos sectores de la comuna de San Felipe participaron el s\u00e1bado reci\u00e9n pasado en el tercer Encuentro ciudadano realizado por la municipalidad de San Felipe, en el marco de&#8230;<\/p>\n","protected":false},"author":482,"featured_media":61067,"comment_status":"open","ping_status":"open","sticky":false,"template":"","format":"standard","meta":{"advanced_seo_description":"","jetpack_seo_html_title":"","jetpack_seo_noindex":false,"_jetpack_memberships_contains_paid_content":false,"footnotes":""},"categories":[1],"tags":[],"class_list":["post-61066","post","type-post","status-publish","format-standard","has-post-thumbnail","hentry","category-cronica"],"jetpack_featured_media_url":"https:\/\/i0.wp.com\/eltrabajo.cl\/portal\/wp-content\/uploads\/2015\/08\/encuentro-ciudadano-1.jpg?fit=530%2C349&ssl=1","jetpack_sharing_enabled":true,"jetpack_likes_enabled":true,"jetpack-related-posts":[],"_links":{"self":[{"href":"https:\/\/eltrabajo.cl\/portal\/wp-json\/wp\/v2\/posts\/61066","targetHints":{"allow":["GET"]}}],"collection":[{"href":"https:\/\/eltrabajo.cl\/portal\/wp-json\/wp\/v2\/posts"}],"about":[{"href":"https:\/\/eltrabajo.cl\/portal\/wp-json\/wp\/v2\/types\/post"}],"author":[{"embeddable":true,"href":"https:\/\/eltrabajo.cl\/portal\/wp-json\/wp\/v2\/users\/482"}],"replies":[{"embeddable":true,"href":"https:\/\/eltrabajo.cl\/portal\/wp-json\/wp\/v2\/comments?post=61066"}],"version-history":[{"count":0,"href":"https:\/\/eltrabajo.cl\/portal\/wp-json\/wp\/v2\/posts\/61066\/revisions"}],"wp:featuredmedia":[{"embeddable":true,"href":"https:\/\/eltrabajo.cl\/portal\/wp-json\/wp\/v2\/media\/61067"}],"wp:attachment":[{"href":"https:\/\/eltrabajo.cl\/portal\/wp-json\/wp\/v2\/media?parent=61066"}],"wp:term":[{"taxonomy":"category","embeddable":true,"href":"https:\/\/eltrabajo.cl\/portal\/wp-json\/wp\/v2\/categories?post=61066"},{"taxonomy":"post_tag","embeddable":true,"href":"https:\/\/eltrabajo.cl\/portal\/wp-json\/wp\/v2\/tags?post=61066"}],"curies":[{"name":"wp","href":"https:\/\/api.w.org\/{rel}","templated":true}]}}