{"id":61069,"date":"2015-08-18T09:52:50","date_gmt":"2015-08-18T12:52:50","guid":{"rendered":"http:\/\/www.eltrabajo.cl\/portal\/?p=61069"},"modified":"2015-08-18T09:52:50","modified_gmt":"2015-08-18T12:52:50","slug":"vertedero-la-hormiga-podra-seguir-funcionando-hasta-el-ano-2018","status":"publish","type":"post","link":"https:\/\/eltrabajo.cl\/portal\/vertedero-la-hormiga-podra-seguir-funcionando-hasta-el-ano-2018\/","title":{"rendered":"Vertedero La Hormiga podr\u00e1 seguir funcionando hasta el a\u00f1o 2018"},"content":{"rendered":"<figure id=\"attachment_61070\" aria-describedby=\"caption-attachment-61070\" style=\"width: 300px\" class=\"wp-caption alignleft\"><a href=\"https:\/\/i0.wp.com\/www.eltrabajo.cl\/portal\/wp-content\/uploads\/2015\/08\/Basura1.jpg\"><img data-recalc-dims=\"1\" loading=\"lazy\" decoding=\"async\" class=\"wp-image-61070 size-medium\" src=\"https:\/\/i0.wp.com\/www.eltrabajo.cl\/portal\/wp-content\/uploads\/2015\/08\/Basura1-300x198.jpg?resize=300%2C198\" alt=\"MONTA\u00d1AS DE BASURA.- As\u00ed luce actualmente Vertedero La Hormiga, pues de momento nada hay que se lo impida, al menos hasta 2018, cuando deba operar en forma exclusiva el relleno sanitario que hasta el momento, al parecer, no registra mucho movimiento.\" width=\"300\" height=\"198\" srcset=\"https:\/\/i0.wp.com\/eltrabajo.cl\/portal\/wp-content\/uploads\/2015\/08\/Basura1.jpg?resize=300%2C198&amp;ssl=1 300w, https:\/\/i0.wp.com\/eltrabajo.cl\/portal\/wp-content\/uploads\/2015\/08\/Basura1.jpg?resize=200%2C132&amp;ssl=1 200w, https:\/\/i0.wp.com\/eltrabajo.cl\/portal\/wp-content\/uploads\/2015\/08\/Basura1.jpg?resize=227%2C150&amp;ssl=1 227w, https:\/\/i0.wp.com\/eltrabajo.cl\/portal\/wp-content\/uploads\/2015\/08\/Basura1.jpg?resize=400%2C264&amp;ssl=1 400w, https:\/\/i0.wp.com\/eltrabajo.cl\/portal\/wp-content\/uploads\/2015\/08\/Basura1.jpg?w=530&amp;ssl=1 530w\" sizes=\"auto, (max-width: 300px) 100vw, 300px\" \/><\/a><figcaption id=\"caption-attachment-61070\" class=\"wp-caption-text\">MONTA\u00d1AS DE BASURA.- As\u00ed luce actualmente Vertedero La Hormiga, pues de momento nada hay que se lo impida, al menos hasta 2018, cuando deba operar en forma exclusiva el relleno sanitario que hasta el momento, al parecer, no registra mucho movimiento.<\/figcaption><\/figure>\n<ul>\n<li><strong>Video registra escaso movimiento en Relleno Sanitario, a diferencia de la intensa actividad en el vertedero, donde no se adoptan las mismas medidas de tratamiento de basura.<\/strong><\/li>\n<\/ul>\n<p>Un nuevo comunicado de prensa de los hermanos Olmedo volvi\u00f3 al tapete el tema del Centro de Tratamiento Integral La Hormiga, empresa que \u00abtiene como fin resolver de manera integral la problem\u00e1tica referida a la gesti\u00f3n final de los residuos s\u00f3lidos generados en las Provincias de Los Andes, San Felipe, Quillota y Petorca, para los pr\u00f3ximos 20 a\u00f1os, mediante la construcci\u00f3n y operaci\u00f3n de un recinto que permita la recepci\u00f3n, tratamiento y confinamiento de los residuos\u00bb, seg\u00fan se\u00f1ala en una informaci\u00f3n de prensa el mismo Ministerio del Medio Ambiente.<br \/>\nSe trata en consecuencia de una empresa cuya labor resulta altamente sensible para la poblaci\u00f3n, de ah\u00ed el inter\u00e9s que despierta cualquier informaci\u00f3n o denuncia que se realice sobre ella.<br \/>\nEn ese contexto, los hermanos Olmedo formularon serias cr\u00edticas al jefe de la Autoridad Sanitaria, Mario M\u00e9ndez, a quien acusaron de mentir al se\u00f1alar que el antiguo basural est\u00e1 casi en desuso y muy alejado del relleno sanitario, para lo cual contrataron un nuevo registro fotogr\u00e1fico y de video para supuestamente desmentir los dichos de Mario M\u00e9ndez, donde efectivamente demuestran que el vertedero no solamente est\u00e1 en desuso, sino que es justamente ah\u00ed donde existe la mayor cantidad de movimiento y dep\u00f3sito de basuras, llegando a entrar alrededor de 50 camiones al d\u00eda, seg\u00fan relata Isa\u00edas Olmedo.<br \/>\nCabe destacar que efectivamente en el video que circul\u00f3 por las redes sociales, se puede apreciar movimiento de camiones en plena faena de descarga de basura y personas hurgando los desperdicios para, aparentemente, recoger cosas \u00fatiles. Como contraparte, las mismas im\u00e1genes demuestran que el nuevo relleno est\u00e1 pr\u00e1cticamente en desuso y las instalaciones nuevas sin basura que se aprecie.<br \/>\nEs aqu\u00ed justamente donde los hermanos no entienden lo que est\u00e1 sucediendo, pues la realidad demostrada con las im\u00e1genes, y con la visita a terreno, es que actualmente la gran cantidad de basura es depositada en el antiguo basural, sin medidas de protecci\u00f3n como pozos de l\u00edquidos percolados ni nada que se parezca al trato que se pueden constatar en rellenos sanitarios como el de Montenegro en la Ruta 5 Norte.<br \/>\nFrancisco Olmedo, con mucha elocuencia, declar\u00f3 que siente una gran decepci\u00f3n con el Seremi: \u00abEstoy profundamente defraudado del Sr. M\u00e9ndez, que se debiera encargar de protegernos a nosotros como agricultores, como ciudadanos de San Felipe, y parece que se encarga de proteger a otras personas. No est\u00e1 haciendo su pega realmente este caballero. Las im\u00e1genes demuestran que se est\u00e1 ocupando el antiguo basural de San Felipe, sigue funcionando igual que toda la vida ha sido. Los pozos y el relleno no se usan para nada. Aqu\u00ed llegan en el basural antiguo, todas las basuras con cero medida de mitigaci\u00f3n, por algo llegaron con el temporal las basuras al predio de nosotros. Lo que dijo el se\u00f1or M\u00e9ndez es totalmente falso y las im\u00e1genes lo demuestran\u00bb.<\/p>\n<p><strong>OPERAN LEGALMENTE<\/strong><br \/>\nMario M\u00e9ndez Allendes, Jefe de la Autoridad Sanitaria de Aconcagua, que contempla San Felipe, Los Andes y Petorca, habl\u00f3 con Diario El Trabajo sobre las denuncias hechas por los hermanos Olmedo.<br \/>\n<strong>&#8211; \u00bfQu\u00e9 es lo que pasa con estas denuncias y qu\u00e9 responsabilidad tienen ustedes?<\/strong><br \/>\n<strong>&#8211;<\/strong> Lo que pasa en este vertedero y en el relleno sanitario La Hormiga, propiedad de la empresa GEA Ltda., es que existe legalidad para poder operar en ambos dispositivos. Esa es la \u00faltima autorizaci\u00f3n que se otorga en el marco de una institucionalidad ambiental nueva, y que funciona a partir de la obtenci\u00f3n de la empresa de una resoluci\u00f3n de calificaci\u00f3n ambiental, que fue otorgada por el Ministerio de Medio Ambiente, de lo cual nosotros como Ministerio de Salud somos s\u00f3lo un componente del proceso.<br \/>\n<strong>&#8211; \u00bfTiene permiso este vertedero para operar actualmente?<\/strong><br \/>\n<strong>&#8211;<\/strong> El vertedero est\u00e1 en plan de cierre, estos planteles est\u00e1n autorizados hasta 2018, de momento ambos proyectos pueden seguir operando simult\u00e1neamente, tambi\u00e9n as\u00ed el vertedero de Santa Mar\u00eda, Cabildo y de Petorca, que es los que tenemos injerencia.<\/p>\n<p><strong>EMPRESA GEA<\/strong><br \/>\nDiario El Trabajo tambi\u00e9n habl\u00f3 con Luis Parra Mu\u00f1oz, subgerente de la empresa Servicios GEA, quien explic\u00f3 que la basura que afect\u00f3 a estos vecinos, corresponde a basura acumulada desde hace varias d\u00e9cadas en un antiguo basural, mismo que habr\u00eda operado hasta 1987. Esa al menos es su versi\u00f3n, ya que resulta dif\u00edcil determinar exactamente de d\u00f3nde provino la basura que qued\u00f3 esparcida por los terrenos de los hermanos Olmedo.<br \/>\n<strong>&#8211; \u00bfEst\u00e1n ustedes cumpliendo con todos los requisitos para operar?<\/strong><br \/>\n<strong>&#8211;<\/strong> Nuestro predio tiene 171 hect\u00e1reas, de las cuales s\u00f3lo usamos trece de ellas y funciona desde febrero de 1994. El nuevo proyecto, que se llama Centro de Tratamiento Integral de Residuos, ya fue revisado por las autoridades competentes, ese proceso inici\u00f3 en 2008, por lo que estamos cumpliendo con much\u00edsimos est\u00e1ndares de calidad.<br \/>\n<strong>&#8211; \u00bfDe d\u00f3nde sali\u00f3 entonces esta basura en los predios agr\u00edcolas?<\/strong><br \/>\n<strong>&#8211;<\/strong> Lo que pasa es que hubo un botadero de basura que funcionaba, creo, como hasta 1987, del cual no sabemos qui\u00e9nes lo manejaban y c\u00f3mo se manejaba, especulamos que la basura que se confluyeron a la quebrada Los Muertos sin duda que proviene de ese antiguo botadero.<\/p>\n<div class=\"tiled-gallery type-rectangular tiled-gallery-unresized\" data-original-width=\"640\" data-carousel-extra='null' itemscope itemtype=\"http:\/\/schema.org\/ImageGallery\" > <div class=\"gallery-row\" style=\"width: 640px; height: 283px;\" data-original-width=\"640\" data-original-height=\"283\" > <div class=\"gallery-group images-1\" style=\"width: 427px; height: 283px;\" data-original-width=\"427\" data-original-height=\"283\" > <div class=\"tiled-gallery-item tiled-gallery-item-large\" itemprop=\"associatedMedia\" itemscope itemtype=\"http:\/\/schema.org\/ImageObject\"> <a href=\"https:\/\/eltrabajo.cl\/portal\/vertedero-la-hormiga-podra-seguir-funcionando-hasta-el-ano-2018\/mario-mendez-2\/\" border=\"0\" itemprop=\"url\"> <meta itemprop=\"width\" content=\"423\"> <meta itemprop=\"height\" content=\"279\"> <img decoding=\"async\" class=\"\" data-attachment-id=\"61073\" data-orig-file=\"https:\/\/eltrabajo.cl\/portal\/wp-content\/uploads\/2015\/08\/Mario-Mendez.jpg\" data-orig-size=\"530,349\" data-comments-opened=\"1\" data-image-meta=\"{&quot;aperture&quot;:&quot;0&quot;,&quot;credit&quot;:&quot;&quot;,&quot;camera&quot;:&quot;&quot;,&quot;caption&quot;:&quot;&quot;,&quot;created_timestamp&quot;:&quot;0&quot;,&quot;copyright&quot;:&quot;&quot;,&quot;focal_length&quot;:&quot;0&quot;,&quot;iso&quot;:&quot;0&quot;,&quot;shutter_speed&quot;:&quot;0&quot;,&quot;title&quot;:&quot;&quot;,&quot;orientation&quot;:&quot;0&quot;}\" data-image-title=\"Mario Mendez\" data-image-description=\"&lt;p&gt;Mario M\u00e9ndez Allendes, Jefe de la Autoridad Sanitaria.&lt;\/p&gt; \" data-medium-file=\"https:\/\/i0.wp.com\/eltrabajo.cl\/portal\/wp-content\/uploads\/2015\/08\/Mario-Mendez.jpg?fit=300%2C198&#038;ssl=1\" data-large-file=\"https:\/\/i0.wp.com\/eltrabajo.cl\/portal\/wp-content\/uploads\/2015\/08\/Mario-Mendez.jpg?fit=530%2C349&#038;ssl=1\" src=\"https:\/\/i0.wp.com\/eltrabajo.cl\/portal\/wp-content\/uploads\/2015\/08\/Mario-Mendez.jpg?w=423&#038;h=279&#038;ssl=1\" srcset=\"https:\/\/i0.wp.com\/eltrabajo.cl\/portal\/wp-content\/uploads\/2015\/08\/Mario-Mendez.jpg?w=530&amp;ssl=1 530w, https:\/\/i0.wp.com\/eltrabajo.cl\/portal\/wp-content\/uploads\/2015\/08\/Mario-Mendez.jpg?resize=200%2C132&amp;ssl=1 200w, https:\/\/i0.wp.com\/eltrabajo.cl\/portal\/wp-content\/uploads\/2015\/08\/Mario-Mendez.jpg?resize=300%2C198&amp;ssl=1 300w, https:\/\/i0.wp.com\/eltrabajo.cl\/portal\/wp-content\/uploads\/2015\/08\/Mario-Mendez.jpg?resize=228%2C150&amp;ssl=1 228w, https:\/\/i0.wp.com\/eltrabajo.cl\/portal\/wp-content\/uploads\/2015\/08\/Mario-Mendez.jpg?resize=400%2C263&amp;ssl=1 400w\" width=\"423\" height=\"279\" loading=\"lazy\" data-original-width=\"423\" data-original-height=\"279\" itemprop=\"http:\/\/schema.org\/image\" title=\"Mario Mendez\" alt=\"Mario M\u00e9ndez Allendes, Jefe de la Autoridad Sanitaria.\" style=\"width: 423px; height: 279px;\" \/> <\/a> <div class=\"tiled-gallery-caption\" itemprop=\"caption description\"> Mario M\u00e9ndez Allendes, Jefe de la Autoridad Sanitaria. <\/div> <\/div> <\/div> <!-- close group --> <div class=\"gallery-group images-2\" style=\"width: 213px; height: 283px;\" data-original-width=\"213\" data-original-height=\"283\" > <div class=\"tiled-gallery-item tiled-gallery-item-small\" itemprop=\"associatedMedia\" itemscope itemtype=\"http:\/\/schema.org\/ImageObject\"> <a href=\"https:\/\/eltrabajo.cl\/portal\/vertedero-la-hormiga-podra-seguir-funcionando-hasta-el-ano-2018\/luis-parra\/\" border=\"0\" itemprop=\"url\"> <meta itemprop=\"width\" content=\"209\"> <meta itemprop=\"height\" content=\"138\"> <img decoding=\"async\" class=\"\" data-attachment-id=\"61072\" data-orig-file=\"https:\/\/eltrabajo.cl\/portal\/wp-content\/uploads\/2015\/08\/Luis-Parra.jpg\" data-orig-size=\"530,349\" data-comments-opened=\"1\" data-image-meta=\"{&quot;aperture&quot;:&quot;0&quot;,&quot;credit&quot;:&quot;&quot;,&quot;camera&quot;:&quot;&quot;,&quot;caption&quot;:&quot;&quot;,&quot;created_timestamp&quot;:&quot;0&quot;,&quot;copyright&quot;:&quot;&quot;,&quot;focal_length&quot;:&quot;0&quot;,&quot;iso&quot;:&quot;0&quot;,&quot;shutter_speed&quot;:&quot;0&quot;,&quot;title&quot;:&quot;&quot;,&quot;orientation&quot;:&quot;0&quot;}\" data-image-title=\"Luis Parra\" data-image-description=\"&lt;p&gt;Luis Parra Mu\u00f1oz, subgerente empresa Servicios GEA.&lt;\/p&gt; \" data-medium-file=\"https:\/\/i0.wp.com\/eltrabajo.cl\/portal\/wp-content\/uploads\/2015\/08\/Luis-Parra.jpg?fit=300%2C198&#038;ssl=1\" data-large-file=\"https:\/\/i0.wp.com\/eltrabajo.cl\/portal\/wp-content\/uploads\/2015\/08\/Luis-Parra.jpg?fit=530%2C349&#038;ssl=1\" src=\"https:\/\/i0.wp.com\/eltrabajo.cl\/portal\/wp-content\/uploads\/2015\/08\/Luis-Parra.jpg?w=209&#038;h=138&#038;ssl=1\" srcset=\"https:\/\/i0.wp.com\/eltrabajo.cl\/portal\/wp-content\/uploads\/2015\/08\/Luis-Parra.jpg?w=530&amp;ssl=1 530w, https:\/\/i0.wp.com\/eltrabajo.cl\/portal\/wp-content\/uploads\/2015\/08\/Luis-Parra.jpg?resize=200%2C132&amp;ssl=1 200w, https:\/\/i0.wp.com\/eltrabajo.cl\/portal\/wp-content\/uploads\/2015\/08\/Luis-Parra.jpg?resize=300%2C198&amp;ssl=1 300w, https:\/\/i0.wp.com\/eltrabajo.cl\/portal\/wp-content\/uploads\/2015\/08\/Luis-Parra.jpg?resize=228%2C150&amp;ssl=1 228w, https:\/\/i0.wp.com\/eltrabajo.cl\/portal\/wp-content\/uploads\/2015\/08\/Luis-Parra.jpg?resize=400%2C263&amp;ssl=1 400w\" width=\"209\" height=\"138\" loading=\"lazy\" data-original-width=\"209\" data-original-height=\"138\" itemprop=\"http:\/\/schema.org\/image\" title=\"Luis Parra\" alt=\"Luis Parra Mu\u00f1oz, subgerente empresa Servicios GEA.\" style=\"width: 209px; height: 138px;\" \/> <\/a> <div class=\"tiled-gallery-caption\" itemprop=\"caption description\"> Luis Parra Mu\u00f1oz, subgerente empresa Servicios GEA. <\/div> <\/div> <div class=\"tiled-gallery-item tiled-gallery-item-small\" itemprop=\"associatedMedia\" itemscope itemtype=\"http:\/\/schema.org\/ImageObject\"> <a href=\"https:\/\/eltrabajo.cl\/portal\/vertedero-la-hormiga-podra-seguir-funcionando-hasta-el-ano-2018\/francisco-olmedo\/\" border=\"0\" itemprop=\"url\"> <meta itemprop=\"width\" content=\"209\"> <meta itemprop=\"height\" content=\"137\"> <img decoding=\"async\" class=\"\" data-attachment-id=\"61071\" data-orig-file=\"https:\/\/eltrabajo.cl\/portal\/wp-content\/uploads\/2015\/08\/francisco-olmedo.jpg\" data-orig-size=\"530,348\" data-comments-opened=\"1\" data-image-meta=\"{&quot;aperture&quot;:&quot;0&quot;,&quot;credit&quot;:&quot;&quot;,&quot;camera&quot;:&quot;&quot;,&quot;caption&quot;:&quot;&quot;,&quot;created_timestamp&quot;:&quot;0&quot;,&quot;copyright&quot;:&quot;&quot;,&quot;focal_length&quot;:&quot;0&quot;,&quot;iso&quot;:&quot;0&quot;,&quot;shutter_speed&quot;:&quot;0&quot;,&quot;title&quot;:&quot;&quot;,&quot;orientation&quot;:&quot;0&quot;}\" data-image-title=\"francisco olmedo\" data-image-description=\"&lt;p&gt;Francisco Olmedo, uno de los hermanos denunciantes.&lt;\/p&gt; \" data-medium-file=\"https:\/\/i0.wp.com\/eltrabajo.cl\/portal\/wp-content\/uploads\/2015\/08\/francisco-olmedo.jpg?fit=300%2C197&#038;ssl=1\" data-large-file=\"https:\/\/i0.wp.com\/eltrabajo.cl\/portal\/wp-content\/uploads\/2015\/08\/francisco-olmedo.jpg?fit=530%2C348&#038;ssl=1\" src=\"https:\/\/i0.wp.com\/eltrabajo.cl\/portal\/wp-content\/uploads\/2015\/08\/francisco-olmedo.jpg?w=209&#038;h=137&#038;ssl=1\" srcset=\"https:\/\/i0.wp.com\/eltrabajo.cl\/portal\/wp-content\/uploads\/2015\/08\/francisco-olmedo.jpg?w=530&amp;ssl=1 530w, https:\/\/i0.wp.com\/eltrabajo.cl\/portal\/wp-content\/uploads\/2015\/08\/francisco-olmedo.jpg?resize=200%2C131&amp;ssl=1 200w, https:\/\/i0.wp.com\/eltrabajo.cl\/portal\/wp-content\/uploads\/2015\/08\/francisco-olmedo.jpg?resize=300%2C197&amp;ssl=1 300w, https:\/\/i0.wp.com\/eltrabajo.cl\/portal\/wp-content\/uploads\/2015\/08\/francisco-olmedo.jpg?resize=228%2C150&amp;ssl=1 228w, https:\/\/i0.wp.com\/eltrabajo.cl\/portal\/wp-content\/uploads\/2015\/08\/francisco-olmedo.jpg?resize=400%2C263&amp;ssl=1 400w\" width=\"209\" height=\"137\" loading=\"lazy\" data-original-width=\"209\" data-original-height=\"137\" itemprop=\"http:\/\/schema.org\/image\" title=\"francisco olmedo\" alt=\"Francisco Olmedo, uno de los hermanos denunciantes.\" style=\"width: 209px; height: 137px;\" \/> <\/a> <div class=\"tiled-gallery-caption\" itemprop=\"caption description\"> Francisco Olmedo, uno de los hermanos denunciantes. <\/div> <\/div> <\/div> <!-- close group --> <\/div> <!-- close row --> <\/div>\n","protected":false},"excerpt":{"rendered":"<p>Video registra escaso movimiento en Relleno Sanitario, a diferencia de la intensa actividad en el vertedero, donde no se adoptan las mismas medidas de tratamiento de basura. Un nuevo comunicado de prensa&#8230;<\/p>\n","protected":false},"author":482,"featured_media":61070,"comment_status":"open","ping_status":"open","sticky":false,"template":"","format":"standard","meta":{"advanced_seo_description":"","jetpack_seo_html_title":"","jetpack_seo_noindex":false,"_jetpack_memberships_contains_paid_content":false,"footnotes":""},"categories":[1],"tags":[],"class_list":["post-61069","post","type-post","status-publish","format-standard","has-post-thumbnail","hentry","category-cronica"],"jetpack_featured_media_url":"https:\/\/i0.wp.com\/eltrabajo.cl\/portal\/wp-content\/uploads\/2015\/08\/Basura1.jpg?fit=530%2C350&ssl=1","jetpack_sharing_enabled":true,"jetpack_likes_enabled":true,"jetpack-related-posts":[],"_links":{"self":[{"href":"https:\/\/eltrabajo.cl\/portal\/wp-json\/wp\/v2\/posts\/61069","targetHints":{"allow":["GET"]}}],"collection":[{"href":"https:\/\/eltrabajo.cl\/portal\/wp-json\/wp\/v2\/posts"}],"about":[{"href":"https:\/\/eltrabajo.cl\/portal\/wp-json\/wp\/v2\/types\/post"}],"author":[{"embeddable":true,"href":"https:\/\/eltrabajo.cl\/portal\/wp-json\/wp\/v2\/users\/482"}],"replies":[{"embeddable":true,"href":"https:\/\/eltrabajo.cl\/portal\/wp-json\/wp\/v2\/comments?post=61069"}],"version-history":[{"count":0,"href":"https:\/\/eltrabajo.cl\/portal\/wp-json\/wp\/v2\/posts\/61069\/revisions"}],"wp:featuredmedia":[{"embeddable":true,"href":"https:\/\/eltrabajo.cl\/portal\/wp-json\/wp\/v2\/media\/61070"}],"wp:attachment":[{"href":"https:\/\/eltrabajo.cl\/portal\/wp-json\/wp\/v2\/media?parent=61069"}],"wp:term":[{"taxonomy":"category","embeddable":true,"href":"https:\/\/eltrabajo.cl\/portal\/wp-json\/wp\/v2\/categories?post=61069"},{"taxonomy":"post_tag","embeddable":true,"href":"https:\/\/eltrabajo.cl\/portal\/wp-json\/wp\/v2\/tags?post=61069"}],"curies":[{"name":"wp","href":"https:\/\/api.w.org\/{rel}","templated":true}]}}