{"id":61075,"date":"2015-08-18T09:54:27","date_gmt":"2015-08-18T12:54:27","guid":{"rendered":"http:\/\/www.eltrabajo.cl\/portal\/?p=61075"},"modified":"2015-08-18T09:54:27","modified_gmt":"2015-08-18T12:54:27","slug":"este-fin-de-semana-realizaran-primer-encuentro-regional-de-robotica-educativa","status":"publish","type":"post","link":"https:\/\/eltrabajo.cl\/portal\/este-fin-de-semana-realizaran-primer-encuentro-regional-de-robotica-educativa\/","title":{"rendered":"Este fin de semana realizar\u00e1n Primer Encuentro Regional de Rob\u00f3tica Educativa"},"content":{"rendered":"<figure id=\"attachment_61076\" aria-describedby=\"caption-attachment-61076\" style=\"width: 300px\" class=\"wp-caption alignleft\"><a href=\"https:\/\/i0.wp.com\/www.eltrabajo.cl\/portal\/wp-content\/uploads\/2015\/08\/Encuentro-Robotica-3.jpg\"><img data-recalc-dims=\"1\" loading=\"lazy\" decoding=\"async\" class=\"wp-image-61076 size-medium\" src=\"https:\/\/i0.wp.com\/www.eltrabajo.cl\/portal\/wp-content\/uploads\/2015\/08\/Encuentro-Robotica-3-300x198.jpg?resize=300%2C198\" alt=\"Este s\u00e1bado se realizar\u00e1 el Encuentro Regional de Rob\u00f3tica Educativa en el Centro Cultural y Museo Presidente Pedro Aguirre Cerda, y ser\u00e1 un evento abierto a toda la comunidad.\" width=\"300\" height=\"198\" srcset=\"https:\/\/i0.wp.com\/eltrabajo.cl\/portal\/wp-content\/uploads\/2015\/08\/Encuentro-Robotica-3.jpg?resize=300%2C198&amp;ssl=1 300w, https:\/\/i0.wp.com\/eltrabajo.cl\/portal\/wp-content\/uploads\/2015\/08\/Encuentro-Robotica-3.jpg?resize=200%2C132&amp;ssl=1 200w, https:\/\/i0.wp.com\/eltrabajo.cl\/portal\/wp-content\/uploads\/2015\/08\/Encuentro-Robotica-3.jpg?resize=227%2C150&amp;ssl=1 227w, https:\/\/i0.wp.com\/eltrabajo.cl\/portal\/wp-content\/uploads\/2015\/08\/Encuentro-Robotica-3.jpg?resize=400%2C264&amp;ssl=1 400w, https:\/\/i0.wp.com\/eltrabajo.cl\/portal\/wp-content\/uploads\/2015\/08\/Encuentro-Robotica-3.jpg?w=530&amp;ssl=1 530w\" sizes=\"auto, (max-width: 300px) 100vw, 300px\" \/><\/a><figcaption id=\"caption-attachment-61076\" class=\"wp-caption-text\">Este s\u00e1bado se realizar\u00e1 el Encuentro Regional de Rob\u00f3tica Educativa en el Centro Cultural y Museo Presidente Pedro Aguirre Cerda, y ser\u00e1 un evento abierto a toda la comunidad.<\/figcaption><\/figure>\n<p><strong>CALLE LARGA<\/strong>.- Este s\u00e1bado 22 de agosto se realizar\u00e1 en dependencias del Centro Cultural y Museo Presidente Pedro Aguirre Cerda el Encuentro Regional de Rob\u00f3tica Educativa que es organizado por la Municipalidad de Calle Larga, con el patrocinio del Proyecto Asociativo Regional, Par Explora Valpara\u00edso y la Universidad T\u00e9cnica Federico Santa Mar\u00eda.<br \/>\nIntercambiar ideas, experiencias y conocimientos, como tambi\u00e9n desarrollar diversas habilidades, es el objetivo de este encuentro que est\u00e1 dirigido a alumnos de establecimientos educacionales de la regi\u00f3n, que participen en talleres de rob\u00f3tica educativa.<br \/>\nDe acuerdo a lo establecido por los organizadores, este encuentro busca no solamente el intercambio de experiencias entre los estudiantes, sino que tambi\u00e9n durante su realizaci\u00f3n, ellos podr\u00e1n dar a conocer su trabajo a la comunidad.<br \/>\nJunto con la participaci\u00f3n de los estudiantes, expertos en rob\u00f3tica realizar\u00e1n charlas y exposiciones que podr\u00e1n ser visitadas por la comunidad de todo el Valle de Aconcagua.<br \/>\nEstas charlas estar\u00e1n a cargo de la agrupaci\u00f3n \u2018Coraz\u00f3n de Chileno\u2019: grupo de alumnos de la Universidad Andr\u00e9s Bello, quienes expondr\u00e1n un robot para explicar los software y hardware vinculados a su desarrollo.<br \/>\nLa Fundaci\u00f3n Gabriel y Mary Mustakis, realizar\u00e1 talleres de rob\u00f3tica gratuitos, donde se buscar\u00e1 despertar el inter\u00e9s de ni\u00f1os y j\u00f3venes en edad escolar por la ciencia y la tecnolog\u00eda a trav\u00e9s de tem\u00e1ticas de vanguardia en formatos l\u00fadicos.<br \/>\nPor su parte, Felipe Leal Pohlhammer, alumno de la Universidad T\u00e9cnica Federico Santa Mar\u00eda, compartir\u00e1 su experiencia en relaci\u00f3n a su participaci\u00f3n en diversos torneos de rob\u00f3tica. Adem\u00e1s ense\u00f1ar\u00e1 y compartir\u00e1 sus metodolog\u00edas de trabajo y c\u00f3mo aplicarlas a las diferentes tecnolog\u00edas y plataformas rob\u00f3ticas.<br \/>\nDurante todo el d\u00eda este encuentro de rob\u00f3tica estar\u00e1 abierto a la comunidad, quienes podr\u00e1n conocer y visitar los diversos stands de rob\u00f3tica, interioriz\u00e1ndose m\u00e1s en el trabajo que realizan los estudiantes en esta \u00e1rea de la tecnolog\u00eda y tendr\u00e1n talleres de Rob\u00f3tica gratuitos, para ni\u00f1os y j\u00f3venes.<\/p>\n","protected":false},"excerpt":{"rendered":"<p>CALLE LARGA.- Este s\u00e1bado 22 de agosto se realizar\u00e1 en dependencias del Centro Cultural y Museo Presidente Pedro Aguirre Cerda el Encuentro Regional de Rob\u00f3tica Educativa que es organizado por la Municipalidad&#8230;<\/p>\n","protected":false},"author":482,"featured_media":61076,"comment_status":"open","ping_status":"open","sticky":false,"template":"","format":"standard","meta":{"advanced_seo_description":"","jetpack_seo_html_title":"","jetpack_seo_noindex":false,"_jetpack_memberships_contains_paid_content":false,"footnotes":""},"categories":[15],"tags":[],"class_list":["post-61075","post","type-post","status-publish","format-standard","has-post-thumbnail","hentry","category-comunidad"],"jetpack_featured_media_url":"https:\/\/i0.wp.com\/eltrabajo.cl\/portal\/wp-content\/uploads\/2015\/08\/Encuentro-Robotica-3.jpg?fit=530%2C350&ssl=1","jetpack_sharing_enabled":true,"jetpack_likes_enabled":true,"jetpack-related-posts":[],"_links":{"self":[{"href":"https:\/\/eltrabajo.cl\/portal\/wp-json\/wp\/v2\/posts\/61075","targetHints":{"allow":["GET"]}}],"collection":[{"href":"https:\/\/eltrabajo.cl\/portal\/wp-json\/wp\/v2\/posts"}],"about":[{"href":"https:\/\/eltrabajo.cl\/portal\/wp-json\/wp\/v2\/types\/post"}],"author":[{"embeddable":true,"href":"https:\/\/eltrabajo.cl\/portal\/wp-json\/wp\/v2\/users\/482"}],"replies":[{"embeddable":true,"href":"https:\/\/eltrabajo.cl\/portal\/wp-json\/wp\/v2\/comments?post=61075"}],"version-history":[{"count":0,"href":"https:\/\/eltrabajo.cl\/portal\/wp-json\/wp\/v2\/posts\/61075\/revisions"}],"wp:featuredmedia":[{"embeddable":true,"href":"https:\/\/eltrabajo.cl\/portal\/wp-json\/wp\/v2\/media\/61076"}],"wp:attachment":[{"href":"https:\/\/eltrabajo.cl\/portal\/wp-json\/wp\/v2\/media?parent=61075"}],"wp:term":[{"taxonomy":"category","embeddable":true,"href":"https:\/\/eltrabajo.cl\/portal\/wp-json\/wp\/v2\/categories?post=61075"},{"taxonomy":"post_tag","embeddable":true,"href":"https:\/\/eltrabajo.cl\/portal\/wp-json\/wp\/v2\/tags?post=61075"}],"curies":[{"name":"wp","href":"https:\/\/api.w.org\/{rel}","templated":true}]}}