{"id":61078,"date":"2015-08-18T09:55:39","date_gmt":"2015-08-18T12:55:39","guid":{"rendered":"http:\/\/www.eltrabajo.cl\/portal\/?p=61078"},"modified":"2015-08-18T09:55:39","modified_gmt":"2015-08-18T12:55:39","slug":"sentencian-a-6-anos-de-carcel-a-hombre-que-golpeaba-a-su-mujer","status":"publish","type":"post","link":"https:\/\/eltrabajo.cl\/portal\/sentencian-a-6-anos-de-carcel-a-hombre-que-golpeaba-a-su-mujer\/","title":{"rendered":"Sentencian a 6 a\u00f1os de c\u00e1rcel a hombre que golpeaba a su mujer"},"content":{"rendered":"<figure id=\"attachment_61079\" aria-describedby=\"caption-attachment-61079\" style=\"width: 300px\" class=\"wp-caption alignleft\"><a href=\"https:\/\/i0.wp.com\/www.eltrabajo.cl\/portal\/wp-content\/uploads\/2015\/08\/Violencia-intrafamiliar.jpg\"><img data-recalc-dims=\"1\" loading=\"lazy\" decoding=\"async\" class=\"wp-image-61079 size-medium\" src=\"https:\/\/i0.wp.com\/www.eltrabajo.cl\/portal\/wp-content\/uploads\/2015\/08\/Violencia-intrafamiliar-300x198.jpg?resize=300%2C198\" alt=\"Una mujer v\u00edctima de violencia intrafamiliar encontr\u00f3 la justicia necesaria para alejar al padre de su hijo quien por muchos tiempo la golpeaba, hechos que lo llevaron a cumplir una condena de 6 a\u00f1os seg\u00fan el veredicto del Tribunal Oral de San Felipe. (Foto Referencial).\" width=\"300\" height=\"198\" srcset=\"https:\/\/i0.wp.com\/eltrabajo.cl\/portal\/wp-content\/uploads\/2015\/08\/Violencia-intrafamiliar.jpg?resize=300%2C198&amp;ssl=1 300w, https:\/\/i0.wp.com\/eltrabajo.cl\/portal\/wp-content\/uploads\/2015\/08\/Violencia-intrafamiliar.jpg?resize=200%2C132&amp;ssl=1 200w, https:\/\/i0.wp.com\/eltrabajo.cl\/portal\/wp-content\/uploads\/2015\/08\/Violencia-intrafamiliar.jpg?resize=227%2C150&amp;ssl=1 227w, https:\/\/i0.wp.com\/eltrabajo.cl\/portal\/wp-content\/uploads\/2015\/08\/Violencia-intrafamiliar.jpg?resize=400%2C264&amp;ssl=1 400w, https:\/\/i0.wp.com\/eltrabajo.cl\/portal\/wp-content\/uploads\/2015\/08\/Violencia-intrafamiliar.jpg?w=530&amp;ssl=1 530w\" sizes=\"auto, (max-width: 300px) 100vw, 300px\" \/><\/a><figcaption id=\"caption-attachment-61079\" class=\"wp-caption-text\">Una mujer v\u00edctima de violencia intrafamiliar encontr\u00f3 la justicia necesaria para alejar al padre de su hijo quien por muchos tiempo la golpeaba, hechos que lo llevaron a cumplir una condena de 6 a\u00f1os seg\u00fan el veredicto del Tribunal Oral de San Felipe. (Foto Referencial).<\/figcaption><\/figure>\n<ul>\n<li><strong>Ante las constantes denuncias estampadas por la agredida, logr\u00f3 poner tras las rejas a su agresor condenado por la justicia a 6 a\u00f1os en c\u00e1rcel, luego que el Tribunal Oral en Lo Penal de San Felipe acogiera la tesis de la Fiscal\u00eda quien llev\u00f3 a juicio al condenado.<\/strong><\/li>\n<\/ul>\n<p>En lectura de sentencia emitida el pasado s\u00e1bado, el Tribunal Oral en Lo Penal de San Felipe conden\u00f3 a la pena \u00fanica de seis a\u00f1os de presidio mayor en su grado m\u00ednimo a Jorge Eduardo Chahud Mu\u00f1oz, como autor de los delitos reiterados de desacato, lesiones y amenazas en contexto de violencia intrafamiliar en contra de su mujer e hijo; adem\u00e1s de conducci\u00f3n de veh\u00edculo motorizado bajo la influencia del alcohol, sin haber obtenido licencia, faltas cometidas respectivamente en el mes de febrero y marzo de 2015.<br \/>\nA dicha sentencia se le descontar\u00e1n los d\u00edas que el actual condenado ha permanecido privado de libertad, orden\u00e1ndole adem\u00e1s someterse a un programa terap\u00e9utico para el control de impulsos, debido al tenor de los delitos cometidos en perjuicio de dos v\u00edctimas.<br \/>\nEl caso se inici\u00f3 a ra\u00edz de las oportunas denuncias que realiz\u00f3 la mujer que por muchos a\u00f1os fue agredida f\u00edsica y psicol\u00f3gicamente por el padre de su hijo, quien en rebeld\u00eda no respetaba las \u00f3rdenes de alejamiento dictadas por la justicia producto de las constantes golpizas<br \/>\nLa Fiscal\u00eda acus\u00f3 a Chahud Mu\u00f1oz por diez delitos cometidos en aproximadamente un mes, donde se desmenuzan cinco desacatos judiciales, lesiones leves, amenazas y conducci\u00f3n bajo los efectos del alcohol sin tener licencia, que lo llevaron finalmente a cumplir una pena privativa de libertad por seis a\u00f1os, seg\u00fan el veredicto del Tribunal de San Felipe.<br \/>\nChahud desafiaba las decisiones judiciales que le prohib\u00edan acercarse a la v\u00edctima, concurriendo en varias ocasiones hasta su domicilio en la villa Bernardo Cruz de San Felipe para agredirla, circunstancias que lo llevaron en una ocasi\u00f3n a golpear a su hijo adolescente quien trataba de defender a su madre de las brutales golpizas.<br \/>\nAnte esta acumulaci\u00f3n, la Fiscal\u00eda requiri\u00f3 al Tribunal la cautelar de prisi\u00f3n preventiva en el mes de abril para asegurar la comparecencia del entonces imputado y proteger adem\u00e1s la integridad f\u00edsica y ps\u00edquica de la denunciante, quien seg\u00fan las estad\u00edsticas a nivel nacional, podr\u00eda haberse convertido en v\u00edctima de femicidio.<br \/>\nNo obstante la Fiscal Gabriela Fuenzalida a cargo de este caso, se mostr\u00f3 conforme con la sentencia privativa de libertad hacia el acusado, destacando el logro obtenido en las investigaciones en favor de la protecci\u00f3n y seguridad hacia esta mujer y su hijo, quienes en definitiva sufrieron un calvario.<br \/>\nSin embargo, la sentencia quedar\u00eda firme y ejecutoriada si es que la Defensa del condenado no elevara un eventual recurso de nulidad ante la Corte de Apelaciones de Valpara\u00edso.<br \/>\n<strong>Pablo Salinas Sald\u00edas<\/strong><\/p>\n","protected":false},"excerpt":{"rendered":"<p>Ante las constantes denuncias estampadas por la agredida, logr\u00f3 poner tras las rejas a su agresor condenado por la justicia a 6 a\u00f1os en c\u00e1rcel, luego que el Tribunal Oral en Lo&#8230;<\/p>\n","protected":false},"author":482,"featured_media":61079,"comment_status":"open","ping_status":"open","sticky":false,"template":"","format":"standard","meta":{"advanced_seo_description":"","jetpack_seo_html_title":"","jetpack_seo_noindex":false,"_jetpack_memberships_contains_paid_content":false,"footnotes":""},"categories":[21],"tags":[],"class_list":["post-61078","post","type-post","status-publish","format-standard","has-post-thumbnail","hentry","category-policial"],"jetpack_featured_media_url":"https:\/\/i0.wp.com\/eltrabajo.cl\/portal\/wp-content\/uploads\/2015\/08\/Violencia-intrafamiliar.jpg?fit=530%2C350&ssl=1","jetpack_sharing_enabled":true,"jetpack_likes_enabled":true,"jetpack-related-posts":[],"_links":{"self":[{"href":"https:\/\/eltrabajo.cl\/portal\/wp-json\/wp\/v2\/posts\/61078","targetHints":{"allow":["GET"]}}],"collection":[{"href":"https:\/\/eltrabajo.cl\/portal\/wp-json\/wp\/v2\/posts"}],"about":[{"href":"https:\/\/eltrabajo.cl\/portal\/wp-json\/wp\/v2\/types\/post"}],"author":[{"embeddable":true,"href":"https:\/\/eltrabajo.cl\/portal\/wp-json\/wp\/v2\/users\/482"}],"replies":[{"embeddable":true,"href":"https:\/\/eltrabajo.cl\/portal\/wp-json\/wp\/v2\/comments?post=61078"}],"version-history":[{"count":0,"href":"https:\/\/eltrabajo.cl\/portal\/wp-json\/wp\/v2\/posts\/61078\/revisions"}],"wp:featuredmedia":[{"embeddable":true,"href":"https:\/\/eltrabajo.cl\/portal\/wp-json\/wp\/v2\/media\/61079"}],"wp:attachment":[{"href":"https:\/\/eltrabajo.cl\/portal\/wp-json\/wp\/v2\/media?parent=61078"}],"wp:term":[{"taxonomy":"category","embeddable":true,"href":"https:\/\/eltrabajo.cl\/portal\/wp-json\/wp\/v2\/categories?post=61078"},{"taxonomy":"post_tag","embeddable":true,"href":"https:\/\/eltrabajo.cl\/portal\/wp-json\/wp\/v2\/tags?post=61078"}],"curies":[{"name":"wp","href":"https:\/\/api.w.org\/{rel}","templated":true}]}}