{"id":61084,"date":"2015-08-19T09:37:49","date_gmt":"2015-08-19T12:37:49","guid":{"rendered":"http:\/\/www.eltrabajo.cl\/portal\/?p=61084"},"modified":"2015-08-19T09:37:49","modified_gmt":"2015-08-19T12:37:49","slug":"realizan-festival-de-folclore-en-diversos-establecimientos-educacionales-de-putaendo","status":"publish","type":"post","link":"https:\/\/eltrabajo.cl\/portal\/realizan-festival-de-folclore-en-diversos-establecimientos-educacionales-de-putaendo\/","title":{"rendered":"Realizan Festival de Folclore en diversos establecimientos educacionales de Putaendo"},"content":{"rendered":"<figure id=\"attachment_61085\" aria-describedby=\"caption-attachment-61085\" style=\"width: 300px\" class=\"wp-caption alignleft\"><a href=\"https:\/\/i0.wp.com\/www.eltrabajo.cl\/portal\/wp-content\/uploads\/2015\/08\/Jucuam-Per%C3%BA.jpg\"><img data-recalc-dims=\"1\" loading=\"lazy\" decoding=\"async\" class=\"wp-image-61085 size-medium\" src=\"https:\/\/i0.wp.com\/www.eltrabajo.cl\/portal\/wp-content\/uploads\/2015\/08\/Jucuam-Per%C3%BA-300x198.jpg?resize=300%2C198\" alt=\"La agrupaci\u00f3n \u2018Jucuam\u2019 de Per\u00fa form\u00f3 parte del VIII Festival Folcl\u00f3rico \u2018Entre Parras y Cordillera\u2019 que se present\u00f3 en Putaendo.\" width=\"300\" height=\"198\" srcset=\"https:\/\/i0.wp.com\/eltrabajo.cl\/portal\/wp-content\/uploads\/2015\/08\/Jucuam-Per%C3%BA.jpg?resize=300%2C198&amp;ssl=1 300w, https:\/\/i0.wp.com\/eltrabajo.cl\/portal\/wp-content\/uploads\/2015\/08\/Jucuam-Per%C3%BA.jpg?resize=200%2C132&amp;ssl=1 200w, https:\/\/i0.wp.com\/eltrabajo.cl\/portal\/wp-content\/uploads\/2015\/08\/Jucuam-Per%C3%BA.jpg?resize=227%2C150&amp;ssl=1 227w, https:\/\/i0.wp.com\/eltrabajo.cl\/portal\/wp-content\/uploads\/2015\/08\/Jucuam-Per%C3%BA.jpg?resize=400%2C264&amp;ssl=1 400w, https:\/\/i0.wp.com\/eltrabajo.cl\/portal\/wp-content\/uploads\/2015\/08\/Jucuam-Per%C3%BA.jpg?w=530&amp;ssl=1 530w\" sizes=\"auto, (max-width: 300px) 100vw, 300px\" \/><\/a><figcaption id=\"caption-attachment-61085\" class=\"wp-caption-text\">La agrupaci\u00f3n \u2018Jucuam\u2019 de Per\u00fa form\u00f3 parte del VIII Festival Folcl\u00f3rico \u2018Entre Parras y Cordillera\u2019 que se present\u00f3 en Putaendo.<\/figcaption><\/figure>\n<ul>\n<li><strong>Delegaciones de Per\u00fa, Ecuador, Uruguay y Chile se presentaron en el Liceo Rep\u00fablica de EE.UU y la Escuela Gast\u00f3n Ormaz\u00e1bal. La gala para todo p\u00fablico en Liceo Manuel Mar\u00edn Fritis fue calificada como un \u00e9xito.<\/strong><\/li>\n<\/ul>\n<p><strong>PUTAENDO<\/strong>.- Conseguir instancias de intercambio y conocimiento cultural, es parte de los objetivos de la Municipalidad de Putaendo, a trav\u00e9s de su Departamento de Educaci\u00f3n para entregar mejores aprendizajes a sus alumnos. De esta forma, una vez sabido que el VIII Festival Folcl\u00f3rico \u2018Entre Parras y Cordillera\u2019 se presentar\u00eda en Putaendo, signific\u00f3 una oportunidad para que los estudiantes pudieran conocer otras realidades.<br \/>\nEn este sentido, los esfuerzos se enfocaron en que la iniciativa llegara a distintos establecimientos de la comuna. Con una inversi\u00f3n que proviene desde los fondos SEP, el evento se mostrar\u00eda en el Liceo Rep\u00fablica de EE.UU, de Rinconada de Silva y la Escuela Gast\u00f3n Ormaz\u00e1bal, de Granallas.<br \/>\nEl pron\u00f3stico del tiempo no era id\u00f3neo para los bailes, pero contra lluvia y fr\u00edo la actividad se realiz\u00f3 con \u00e9xito. Cerca de las nueve de la ma\u00f1ana, comenzaron a llegar las distintas delegaciones hasta el establecimiento rinconadino. \u2018Jucuam\u2019, de Per\u00fa; \u2018TradiArte\u2019, de Ecuador; \u2018Estampas Criollas\u2019, de Uruguay y el \u2018Ballet Folcl\u00f3rico Valle de Aconcagua\u2019 desbordaron talento.<br \/>\nDos horas despu\u00e9s, los alumnos y la comunidad de Granallas tambi\u00e9n disfrutaban de la actividad internacional. No s\u00f3lo estaban los alumnos, sino que llegaron personas de todo el sector. A pesar que cerca del mediod\u00eda llov\u00eda bastante fuerte, eso no signific\u00f3 un impedimento, en una jornada hermosa, llena de cultura.<br \/>\nCon el paso de la tarde las nubes dejaron mostrar el cielo, pero las bajas temperaturas se apoderaron del d\u00eda. La situaci\u00f3n cambi\u00f3 cuando el Festival se desarroll\u00f3 en el Liceo Manuel Mar\u00edn Fritis, porque la gala oficial alegr\u00f3 los \u00e1nimos y dej\u00f3 boquiabiertos al centenar de personas que llegaron hasta el establecimiento.<br \/>\n\u201cA pesar de las lluvias y el fr\u00edo, el evento no tuvo ninguna variaci\u00f3n. Estamos contentos de estas tres presentaciones en Putaendo. La verdad es que nos sorprende el marco de p\u00fablico, porque es bastante bueno y eso nos pone muy contentos. Esperamos el pr\u00f3ximo a\u00f1o volver y traer a m\u00e1s pa\u00edses\u201d, manifest\u00f3 Juan Cabrera, director del Bafova.<br \/>\nEl Daem, a trav\u00e9s de su director Patricio Moreno Bustamante, destac\u00f3 la calidad del evento y que las distintas comunidades educacionales puedan tener m\u00e1s instancias para conocer las diferentes tradiciones sudamericanas. Cabe destacar que el traslado de las delegaciones se hizo a trav\u00e9s del transporte educacional de Putaendo.<\/p>\n<div class=\"tiled-gallery type-rectangular tiled-gallery-unresized\" data-original-width=\"640\" data-carousel-extra='null' itemscope itemtype=\"http:\/\/schema.org\/ImageGallery\" > <div class=\"gallery-row\" style=\"width: 640px; height: 212px;\" data-original-width=\"640\" data-original-height=\"212\" > <div class=\"gallery-group images-1\" style=\"width: 320px; height: 212px;\" data-original-width=\"320\" data-original-height=\"212\" > <div class=\"tiled-gallery-item tiled-gallery-item-large\" itemprop=\"associatedMedia\" itemscope itemtype=\"http:\/\/schema.org\/ImageObject\"> <a href=\"https:\/\/eltrabajo.cl\/portal\/realizan-festival-de-folclore-en-diversos-establecimientos-educacionales-de-putaendo\/bafova-chile\/\" border=\"0\" itemprop=\"url\"> <meta itemprop=\"width\" content=\"316\"> <meta itemprop=\"height\" content=\"208\"> <img decoding=\"async\" class=\"\" data-attachment-id=\"61086\" data-orig-file=\"https:\/\/eltrabajo.cl\/portal\/wp-content\/uploads\/2015\/08\/Bafova-Chile.jpg\" data-orig-size=\"530,350\" data-comments-opened=\"1\" data-image-meta=\"{&quot;aperture&quot;:&quot;0&quot;,&quot;credit&quot;:&quot;&quot;,&quot;camera&quot;:&quot;&quot;,&quot;caption&quot;:&quot;&quot;,&quot;created_timestamp&quot;:&quot;0&quot;,&quot;copyright&quot;:&quot;&quot;,&quot;focal_length&quot;:&quot;0&quot;,&quot;iso&quot;:&quot;0&quot;,&quot;shutter_speed&quot;:&quot;0&quot;,&quot;title&quot;:&quot;&quot;,&quot;orientation&quot;:&quot;0&quot;}\" data-image-title=\"Bafova Chile\" data-image-description=\"&lt;p&gt;El \u2018Ballet Folcl\u00f3rico Valle de Aconcagua\u2019 tambi\u00e9n particip\u00f3 de este festival que se realiz\u00f3 en diversos establecimientos de la comuna.&lt;\/p&gt; \" data-medium-file=\"https:\/\/i0.wp.com\/eltrabajo.cl\/portal\/wp-content\/uploads\/2015\/08\/Bafova-Chile.jpg?fit=300%2C198&#038;ssl=1\" data-large-file=\"https:\/\/i0.wp.com\/eltrabajo.cl\/portal\/wp-content\/uploads\/2015\/08\/Bafova-Chile.jpg?fit=530%2C350&#038;ssl=1\" src=\"https:\/\/i0.wp.com\/eltrabajo.cl\/portal\/wp-content\/uploads\/2015\/08\/Bafova-Chile.jpg?w=316&#038;h=208&#038;ssl=1\" srcset=\"https:\/\/i0.wp.com\/eltrabajo.cl\/portal\/wp-content\/uploads\/2015\/08\/Bafova-Chile.jpg?w=530&amp;ssl=1 530w, https:\/\/i0.wp.com\/eltrabajo.cl\/portal\/wp-content\/uploads\/2015\/08\/Bafova-Chile.jpg?resize=200%2C132&amp;ssl=1 200w, https:\/\/i0.wp.com\/eltrabajo.cl\/portal\/wp-content\/uploads\/2015\/08\/Bafova-Chile.jpg?resize=300%2C198&amp;ssl=1 300w, https:\/\/i0.wp.com\/eltrabajo.cl\/portal\/wp-content\/uploads\/2015\/08\/Bafova-Chile.jpg?resize=227%2C150&amp;ssl=1 227w, https:\/\/i0.wp.com\/eltrabajo.cl\/portal\/wp-content\/uploads\/2015\/08\/Bafova-Chile.jpg?resize=400%2C264&amp;ssl=1 400w\" width=\"316\" height=\"208\" loading=\"lazy\" data-original-width=\"316\" data-original-height=\"208\" itemprop=\"http:\/\/schema.org\/image\" title=\"Bafova Chile\" alt=\"El \u2018Ballet Folcl\u00f3rico Valle de Aconcagua\u2019 tambi\u00e9n particip\u00f3 de este festival que se realiz\u00f3 en diversos establecimientos de la comuna.\" style=\"width: 316px; height: 208px;\" \/> <\/a> <div class=\"tiled-gallery-caption\" itemprop=\"caption description\"> El \u2018Ballet Folcl\u00f3rico Valle de Aconcagua\u2019 tambi\u00e9n particip\u00f3 de este festival que se realiz\u00f3 en diversos establecimientos de la comuna. <\/div> <\/div> <\/div> <!-- close group --> <div class=\"gallery-group images-1\" style=\"width: 320px; height: 212px;\" data-original-width=\"320\" data-original-height=\"212\" > <div class=\"tiled-gallery-item tiled-gallery-item-large\" itemprop=\"associatedMedia\" itemscope itemtype=\"http:\/\/schema.org\/ImageObject\"> <a href=\"https:\/\/eltrabajo.cl\/portal\/realizan-festival-de-folclore-en-diversos-establecimientos-educacionales-de-putaendo\/estampas-criollas-uruguay\/\" border=\"0\" itemprop=\"url\"> <meta itemprop=\"width\" content=\"316\"> <meta itemprop=\"height\" content=\"208\"> <img decoding=\"async\" class=\"\" data-attachment-id=\"61087\" data-orig-file=\"https:\/\/eltrabajo.cl\/portal\/wp-content\/uploads\/2015\/08\/Estampas-Criollas-Uruguay.jpg\" data-orig-size=\"530,349\" data-comments-opened=\"1\" data-image-meta=\"{&quot;aperture&quot;:&quot;0&quot;,&quot;credit&quot;:&quot;&quot;,&quot;camera&quot;:&quot;&quot;,&quot;caption&quot;:&quot;&quot;,&quot;created_timestamp&quot;:&quot;0&quot;,&quot;copyright&quot;:&quot;&quot;,&quot;focal_length&quot;:&quot;0&quot;,&quot;iso&quot;:&quot;0&quot;,&quot;shutter_speed&quot;:&quot;0&quot;,&quot;title&quot;:&quot;&quot;,&quot;orientation&quot;:&quot;0&quot;}\" data-image-title=\"Estampas Criollas Uruguay\" data-image-description=\"&lt;p&gt;Y tambi\u00e9n particip\u00f3 el grupo \u2018Estampas Criollas\u2019 de Uruguay .&lt;\/p&gt; \" data-medium-file=\"https:\/\/i0.wp.com\/eltrabajo.cl\/portal\/wp-content\/uploads\/2015\/08\/Estampas-Criollas-Uruguay.jpg?fit=300%2C198&#038;ssl=1\" data-large-file=\"https:\/\/i0.wp.com\/eltrabajo.cl\/portal\/wp-content\/uploads\/2015\/08\/Estampas-Criollas-Uruguay.jpg?fit=530%2C349&#038;ssl=1\" src=\"https:\/\/i0.wp.com\/eltrabajo.cl\/portal\/wp-content\/uploads\/2015\/08\/Estampas-Criollas-Uruguay.jpg?w=316&#038;h=208&#038;ssl=1\" srcset=\"https:\/\/i0.wp.com\/eltrabajo.cl\/portal\/wp-content\/uploads\/2015\/08\/Estampas-Criollas-Uruguay.jpg?w=530&amp;ssl=1 530w, https:\/\/i0.wp.com\/eltrabajo.cl\/portal\/wp-content\/uploads\/2015\/08\/Estampas-Criollas-Uruguay.jpg?resize=200%2C132&amp;ssl=1 200w, https:\/\/i0.wp.com\/eltrabajo.cl\/portal\/wp-content\/uploads\/2015\/08\/Estampas-Criollas-Uruguay.jpg?resize=300%2C198&amp;ssl=1 300w, https:\/\/i0.wp.com\/eltrabajo.cl\/portal\/wp-content\/uploads\/2015\/08\/Estampas-Criollas-Uruguay.jpg?resize=228%2C150&amp;ssl=1 228w, https:\/\/i0.wp.com\/eltrabajo.cl\/portal\/wp-content\/uploads\/2015\/08\/Estampas-Criollas-Uruguay.jpg?resize=400%2C263&amp;ssl=1 400w\" width=\"316\" height=\"208\" loading=\"lazy\" data-original-width=\"316\" data-original-height=\"208\" itemprop=\"http:\/\/schema.org\/image\" title=\"Estampas Criollas Uruguay\" alt=\"Y tambi\u00e9n particip\u00f3 el grupo \u2018Estampas Criollas\u2019 de Uruguay .\" style=\"width: 316px; height: 208px;\" \/> <\/a> <div class=\"tiled-gallery-caption\" itemprop=\"caption description\"> Y tambi\u00e9n particip\u00f3 el grupo \u2018Estampas Criollas\u2019 de Uruguay . <\/div> <\/div> <\/div> <!-- close group --> <\/div> <!-- close row --> <\/div>\n","protected":false},"excerpt":{"rendered":"<p>Delegaciones de Per\u00fa, Ecuador, Uruguay y Chile se presentaron en el Liceo Rep\u00fablica de EE.UU y la Escuela Gast\u00f3n Ormaz\u00e1bal. La gala para todo p\u00fablico en Liceo Manuel Mar\u00edn Fritis fue calificada&#8230;<\/p>\n","protected":false},"author":482,"featured_media":61085,"comment_status":"open","ping_status":"open","sticky":false,"template":"","format":"standard","meta":{"advanced_seo_description":"","jetpack_seo_html_title":"","jetpack_seo_noindex":false,"_jetpack_memberships_contains_paid_content":false,"footnotes":""},"categories":[15],"tags":[],"class_list":["post-61084","post","type-post","status-publish","format-standard","has-post-thumbnail","hentry","category-comunidad"],"jetpack_featured_media_url":"https:\/\/i0.wp.com\/eltrabajo.cl\/portal\/wp-content\/uploads\/2015\/08\/Jucuam-Per%C3%BA.jpg?fit=530%2C350&ssl=1","jetpack_sharing_enabled":true,"jetpack_likes_enabled":true,"jetpack-related-posts":[],"_links":{"self":[{"href":"https:\/\/eltrabajo.cl\/portal\/wp-json\/wp\/v2\/posts\/61084","targetHints":{"allow":["GET"]}}],"collection":[{"href":"https:\/\/eltrabajo.cl\/portal\/wp-json\/wp\/v2\/posts"}],"about":[{"href":"https:\/\/eltrabajo.cl\/portal\/wp-json\/wp\/v2\/types\/post"}],"author":[{"embeddable":true,"href":"https:\/\/eltrabajo.cl\/portal\/wp-json\/wp\/v2\/users\/482"}],"replies":[{"embeddable":true,"href":"https:\/\/eltrabajo.cl\/portal\/wp-json\/wp\/v2\/comments?post=61084"}],"version-history":[{"count":0,"href":"https:\/\/eltrabajo.cl\/portal\/wp-json\/wp\/v2\/posts\/61084\/revisions"}],"wp:featuredmedia":[{"embeddable":true,"href":"https:\/\/eltrabajo.cl\/portal\/wp-json\/wp\/v2\/media\/61085"}],"wp:attachment":[{"href":"https:\/\/eltrabajo.cl\/portal\/wp-json\/wp\/v2\/media?parent=61084"}],"wp:term":[{"taxonomy":"category","embeddable":true,"href":"https:\/\/eltrabajo.cl\/portal\/wp-json\/wp\/v2\/categories?post=61084"},{"taxonomy":"post_tag","embeddable":true,"href":"https:\/\/eltrabajo.cl\/portal\/wp-json\/wp\/v2\/tags?post=61084"}],"curies":[{"name":"wp","href":"https:\/\/api.w.org\/{rel}","templated":true}]}}