{"id":61089,"date":"2015-08-19T09:38:49","date_gmt":"2015-08-19T12:38:49","guid":{"rendered":"http:\/\/www.eltrabajo.cl\/portal\/?p=61089"},"modified":"2015-08-19T09:38:49","modified_gmt":"2015-08-19T12:38:49","slug":"autoridades-inauguran-sede-social-en-villa-mirasol-en-santa-maria","status":"publish","type":"post","link":"https:\/\/eltrabajo.cl\/portal\/autoridades-inauguran-sede-social-en-villa-mirasol-en-santa-maria\/","title":{"rendered":"Autoridades inauguran sede social en villa Mirasol en Santa Mar\u00eda"},"content":{"rendered":"<figure id=\"attachment_61090\" aria-describedby=\"caption-attachment-61090\" style=\"width: 300px\" class=\"wp-caption alignleft\"><a href=\"https:\/\/i0.wp.com\/www.eltrabajo.cl\/portal\/wp-content\/uploads\/2015\/08\/Inauguracion-plaza-Santa-maria.jpg\"><img data-recalc-dims=\"1\" loading=\"lazy\" decoding=\"async\" class=\"wp-image-61090 size-medium\" src=\"https:\/\/i0.wp.com\/www.eltrabajo.cl\/portal\/wp-content\/uploads\/2015\/08\/Inauguracion-plaza-Santa-maria-300x198.jpg?resize=300%2C198\" alt=\"A la ceremonia de inauguraci\u00f3n asisti\u00f3 el alcalde Claudio Zurita, el gobernador Eduardo Le\u00f3n, el Consejero Mario Sottolichio, concejales, adem\u00e1s de dirigentes de organizaciones y vecinos.\" width=\"300\" height=\"198\" srcset=\"https:\/\/i0.wp.com\/eltrabajo.cl\/portal\/wp-content\/uploads\/2015\/08\/Inauguracion-plaza-Santa-maria.jpg?resize=300%2C198&amp;ssl=1 300w, https:\/\/i0.wp.com\/eltrabajo.cl\/portal\/wp-content\/uploads\/2015\/08\/Inauguracion-plaza-Santa-maria.jpg?resize=200%2C132&amp;ssl=1 200w, https:\/\/i0.wp.com\/eltrabajo.cl\/portal\/wp-content\/uploads\/2015\/08\/Inauguracion-plaza-Santa-maria.jpg?resize=227%2C150&amp;ssl=1 227w, https:\/\/i0.wp.com\/eltrabajo.cl\/portal\/wp-content\/uploads\/2015\/08\/Inauguracion-plaza-Santa-maria.jpg?resize=400%2C264&amp;ssl=1 400w, https:\/\/i0.wp.com\/eltrabajo.cl\/portal\/wp-content\/uploads\/2015\/08\/Inauguracion-plaza-Santa-maria.jpg?w=530&amp;ssl=1 530w\" sizes=\"auto, (max-width: 300px) 100vw, 300px\" \/><\/a><figcaption id=\"caption-attachment-61090\" class=\"wp-caption-text\">A la ceremonia de inauguraci\u00f3n asisti\u00f3 el alcalde Claudio Zurita, el gobernador Eduardo Le\u00f3n, el Consejero Mario Sottolichio, concejales, adem\u00e1s de dirigentes de organizaciones y vecinos.<\/figcaption><\/figure>\n<p><strong>SANTA MARIA.<\/strong>&#8211; En una concurrida ceremonia que cont\u00f3 con la presencia del gobernador Eduardo Le\u00f3n, el Consejero Regional Mario Sottolichio, el alcalde Claudio Zurita Ibarra y concejales de la comuna, adem\u00e1s de dirigentes de organizaciones y una gran cantidad de vecinos, se dio por inaugurada la sede social y otros proyectos de mejoramientos de entorno en la villa Mirasol.<br \/>\nFueron diversos recursos los que dieron vida a esta conjunci\u00f3n de proyectos, entre ellos el Fondo Nacional de Desarrollo Regional, el Fondo Regional de Iniciativa Local, adem\u00e1s de importantes recursos municipales, que juntos lograron concretar los diferentes objetivos propuestos por vecinos del sector, quienes se mostraron felices por estos logros.<br \/>\nEn su discurso, el presidente de la Junta de Vecinos, Mauricio Gald\u00e1mez, destac\u00f3 el apoyo del Municipio y especialmente del Alcalde en lograr estos objetivos, a su vez destac\u00f3 la confianza de los vecinos en su gesti\u00f3n agradeciendo el apoyo y trabajo incansable de cada uno de ellos.<br \/>\nAl respecto, la m\u00e1xima autoridad comunal, manifest\u00f3 que \u201cEstamos felices de inaugurar esta hermosa sede, un sue\u00f1o a\u00f1orado por vecinos de este sector, pero no s\u00f3lo eso, hoy estamos inaugurando tambi\u00e9n las m\u00e1quinas de ejercicios, los jardines que dan vida a una hermosa \u00e1rea verde y tambi\u00e9n la reconstrucci\u00f3n de veredas, para mejorar la calidad de vida de los vecinos\u201d. Finalmente el alcalde Zurita se\u00f1al\u00f3 \u201cQuiero destacar apoyo de todos quienes trabajaron en estas obras, pero principalmente la labor de la directiva en el desarrollo de este importante proyecto\u201d.<br \/>\nCon esta sede, ya son 33 las inauguradas en Santa Mar\u00eda en los a\u00f1os de gesti\u00f3n del alcalde Claudio Zurita, lo que demuestra su compromiso permanente con las necesidades propias de las organizaciones y de los vecinos.<\/p>\n","protected":false},"excerpt":{"rendered":"<p>SANTA MARIA.&#8211; En una concurrida ceremonia que cont\u00f3 con la presencia del gobernador Eduardo Le\u00f3n, el Consejero Regional Mario Sottolichio, el alcalde Claudio Zurita Ibarra y concejales de la comuna, adem\u00e1s de&#8230;<\/p>\n","protected":false},"author":482,"featured_media":61090,"comment_status":"open","ping_status":"open","sticky":false,"template":"","format":"standard","meta":{"advanced_seo_description":"","jetpack_seo_html_title":"","jetpack_seo_noindex":false,"_jetpack_memberships_contains_paid_content":false,"footnotes":""},"categories":[15],"tags":[],"class_list":["post-61089","post","type-post","status-publish","format-standard","has-post-thumbnail","hentry","category-comunidad"],"jetpack_featured_media_url":"https:\/\/i0.wp.com\/eltrabajo.cl\/portal\/wp-content\/uploads\/2015\/08\/Inauguracion-plaza-Santa-maria.jpg?fit=530%2C350&ssl=1","jetpack_sharing_enabled":true,"jetpack_likes_enabled":true,"jetpack-related-posts":[],"_links":{"self":[{"href":"https:\/\/eltrabajo.cl\/portal\/wp-json\/wp\/v2\/posts\/61089","targetHints":{"allow":["GET"]}}],"collection":[{"href":"https:\/\/eltrabajo.cl\/portal\/wp-json\/wp\/v2\/posts"}],"about":[{"href":"https:\/\/eltrabajo.cl\/portal\/wp-json\/wp\/v2\/types\/post"}],"author":[{"embeddable":true,"href":"https:\/\/eltrabajo.cl\/portal\/wp-json\/wp\/v2\/users\/482"}],"replies":[{"embeddable":true,"href":"https:\/\/eltrabajo.cl\/portal\/wp-json\/wp\/v2\/comments?post=61089"}],"version-history":[{"count":0,"href":"https:\/\/eltrabajo.cl\/portal\/wp-json\/wp\/v2\/posts\/61089\/revisions"}],"wp:featuredmedia":[{"embeddable":true,"href":"https:\/\/eltrabajo.cl\/portal\/wp-json\/wp\/v2\/media\/61090"}],"wp:attachment":[{"href":"https:\/\/eltrabajo.cl\/portal\/wp-json\/wp\/v2\/media?parent=61089"}],"wp:term":[{"taxonomy":"category","embeddable":true,"href":"https:\/\/eltrabajo.cl\/portal\/wp-json\/wp\/v2\/categories?post=61089"},{"taxonomy":"post_tag","embeddable":true,"href":"https:\/\/eltrabajo.cl\/portal\/wp-json\/wp\/v2\/tags?post=61089"}],"curies":[{"name":"wp","href":"https:\/\/api.w.org\/{rel}","templated":true}]}}