{"id":61092,"date":"2015-08-19T09:41:46","date_gmt":"2015-08-19T12:41:46","guid":{"rendered":"http:\/\/www.eltrabajo.cl\/portal\/?p=61092"},"modified":"2015-08-19T09:41:46","modified_gmt":"2015-08-19T12:41:46","slug":"simultanea-de-ajedrez-aniversario-ciudad-de-san-felipe","status":"publish","type":"post","link":"https:\/\/eltrabajo.cl\/portal\/simultanea-de-ajedrez-aniversario-ciudad-de-san-felipe\/","title":{"rendered":"Simult\u00e1nea de ajedrez aniversario ciudad de San Felipe"},"content":{"rendered":"<figure id=\"attachment_61093\" aria-describedby=\"caption-attachment-61093\" style=\"width: 300px\" class=\"wp-caption alignleft\"><a href=\"https:\/\/i0.wp.com\/www.eltrabajo.cl\/portal\/wp-content\/uploads\/2015\/08\/Grupal1.jpg\"><img data-recalc-dims=\"1\" loading=\"lazy\" decoding=\"async\" class=\"wp-image-61093 size-medium\" src=\"https:\/\/i0.wp.com\/www.eltrabajo.cl\/portal\/wp-content\/uploads\/2015\/08\/Grupal1-300x198.jpg?resize=300%2C198\" alt=\"MUCHO ENTUSIASMO.- Cientos de ni\u00f1os de toda la provincia y hasta de otras comunas, vienen desde hace semanas desarrollando torneos de ajedrez para llegar a la Copa en buenas condiciones.\" width=\"300\" height=\"198\" srcset=\"https:\/\/i0.wp.com\/eltrabajo.cl\/portal\/wp-content\/uploads\/2015\/08\/Grupal1.jpg?resize=300%2C198&amp;ssl=1 300w, https:\/\/i0.wp.com\/eltrabajo.cl\/portal\/wp-content\/uploads\/2015\/08\/Grupal1.jpg?resize=200%2C132&amp;ssl=1 200w, https:\/\/i0.wp.com\/eltrabajo.cl\/portal\/wp-content\/uploads\/2015\/08\/Grupal1.jpg?resize=228%2C150&amp;ssl=1 228w, https:\/\/i0.wp.com\/eltrabajo.cl\/portal\/wp-content\/uploads\/2015\/08\/Grupal1.jpg?resize=400%2C263&amp;ssl=1 400w, https:\/\/i0.wp.com\/eltrabajo.cl\/portal\/wp-content\/uploads\/2015\/08\/Grupal1.jpg?w=530&amp;ssl=1 530w\" sizes=\"auto, (max-width: 300px) 100vw, 300px\" \/><\/a><figcaption id=\"caption-attachment-61093\" class=\"wp-caption-text\">MUCHO ENTUSIASMO.- Cientos de ni\u00f1os de toda la provincia y hasta de otras comunas, vienen desde hace semanas desarrollando torneos de ajedrez para llegar a la Copa en buenas condiciones.<\/figcaption><\/figure>\n<p>La Copa de Ajedrez Diario El Trabajo 2015 ya est\u00e1 por realizarse en nuestra ciudad, raz\u00f3n por lo cual cientos de ni\u00f1os de toda la provincia y hasta de otras comunas, vienen desde hace semanas desarrollando torneos de ajedrez para llegar a la Copa en buenas condiciones. Es por ello que el pasado viernes 14 de agosto se desarroll\u00f3 la Simult\u00e1nea de ajedrez, dicha actividad se dio a cabo en la terraza de nuestra plaza.<br \/>\nEn ella participaron alumnos de distintos establecimientos educacionales de nuestra ciudad tales como Liceo Roberto Humeres; Escuela John F. Kennedy; Escuela Buen Pastor; Liceo Mixto; Colegio Vedruna; Instituto Chacabuco de los Andes y el colegio organizador del evento, Escuela Jos\u00e9 de San Mart\u00edn, dando un total de 35 competidores.<\/p>\n<p><strong>\u00bfC\u00d3MO FUNCIONA\u00a0UNA SIMULT\u00c1NEA?<\/strong><br \/>\nCabe recordar que una simult\u00e1nea de ajedrez es una actividad en la que una persona juega contra varias al mismo tiempo. Son atractivas y llaman mucho la atenci\u00f3n a personas que incluso no saben jugar. Se pueden realizar en espacios p\u00fablicos como parques o plazas, acercando esta disciplina a las personas que no pertenecen al medio ajedrec\u00edstico.<br \/>\nEsta es otra de las ventajas que tienen las simult\u00e1neas como medio de difusi\u00f3n en relaci\u00f3n a los torneos, que por sus caracter\u00edsticas deben jugarse en espacios cerrados por el nivel de concentraci\u00f3n que requieren sus participantes.<\/p>\n<p><strong>CURITA AJEDRECISTA<\/strong><br \/>\nEl encargado de impartir dicha simult\u00e1nea fue el p\u00e1rroco de la parroquia de Rinconada de Silva, Padre Ricardo G\u00f3mez. Finalmente, la directora del establecimiento, Ximena Baquedano junto con su equipo directivo, agradeci\u00f3 a las autoridades presentes concejales Dante Rodr\u00edguez, Ricardo Covarrubias y el director de Desarrollo Comunitario de la municipalidad de San Felipe, Pablo Silva y adem\u00e1s a todo el personal del establecimiento que trabaj\u00f3 arduamente para que dicho evento se pudiera desarrollar con total \u00e9xito.<\/p>\n<div class=\"tiled-gallery type-rectangular tiled-gallery-unresized\" data-original-width=\"640\" data-carousel-extra='null' itemscope itemtype=\"http:\/\/schema.org\/ImageGallery\" > <div class=\"gallery-row\" style=\"width: 640px; height: 283px;\" data-original-width=\"640\" data-original-height=\"283\" > <div class=\"gallery-group images-1\" style=\"width: 427px; height: 283px;\" data-original-width=\"427\" data-original-height=\"283\" > <div class=\"tiled-gallery-item tiled-gallery-item-large\" itemprop=\"associatedMedia\" itemscope itemtype=\"http:\/\/schema.org\/ImageObject\"> <a href=\"https:\/\/eltrabajo.cl\/portal\/simultanea-de-ajedrez-aniversario-ciudad-de-san-felipe\/cura1-4\/\" border=\"0\" itemprop=\"url\"> <meta itemprop=\"width\" content=\"423\"> <meta itemprop=\"height\" content=\"279\"> <img decoding=\"async\" class=\"\" data-attachment-id=\"61094\" data-orig-file=\"https:\/\/eltrabajo.cl\/portal\/wp-content\/uploads\/2015\/08\/Cura1.jpg\" data-orig-size=\"530,350\" data-comments-opened=\"1\" data-image-meta=\"{&quot;aperture&quot;:&quot;0&quot;,&quot;credit&quot;:&quot;&quot;,&quot;camera&quot;:&quot;&quot;,&quot;caption&quot;:&quot;&quot;,&quot;created_timestamp&quot;:&quot;0&quot;,&quot;copyright&quot;:&quot;&quot;,&quot;focal_length&quot;:&quot;0&quot;,&quot;iso&quot;:&quot;0&quot;,&quot;shutter_speed&quot;:&quot;0&quot;,&quot;title&quot;:&quot;&quot;,&quot;orientation&quot;:&quot;0&quot;}\" data-image-title=\"Cura1\" data-image-description=\"&lt;p&gt;RELIGIOSO AJEDRECISTA.- El encargado de impartir dicha simult\u00e1nea fue el p\u00e1rroco de la parroquia de Rinconada de Silva, Padre Ricardo G\u00f3mez.&lt;\/p&gt; \" data-medium-file=\"https:\/\/i0.wp.com\/eltrabajo.cl\/portal\/wp-content\/uploads\/2015\/08\/Cura1.jpg?fit=300%2C198&#038;ssl=1\" data-large-file=\"https:\/\/i0.wp.com\/eltrabajo.cl\/portal\/wp-content\/uploads\/2015\/08\/Cura1.jpg?fit=530%2C350&#038;ssl=1\" src=\"https:\/\/i0.wp.com\/eltrabajo.cl\/portal\/wp-content\/uploads\/2015\/08\/Cura1.jpg?w=423&#038;h=279&#038;ssl=1\" srcset=\"https:\/\/i0.wp.com\/eltrabajo.cl\/portal\/wp-content\/uploads\/2015\/08\/Cura1.jpg?w=530&amp;ssl=1 530w, https:\/\/i0.wp.com\/eltrabajo.cl\/portal\/wp-content\/uploads\/2015\/08\/Cura1.jpg?resize=200%2C132&amp;ssl=1 200w, https:\/\/i0.wp.com\/eltrabajo.cl\/portal\/wp-content\/uploads\/2015\/08\/Cura1.jpg?resize=300%2C198&amp;ssl=1 300w, https:\/\/i0.wp.com\/eltrabajo.cl\/portal\/wp-content\/uploads\/2015\/08\/Cura1.jpg?resize=227%2C150&amp;ssl=1 227w, https:\/\/i0.wp.com\/eltrabajo.cl\/portal\/wp-content\/uploads\/2015\/08\/Cura1.jpg?resize=400%2C264&amp;ssl=1 400w\" width=\"423\" height=\"279\" loading=\"lazy\" data-original-width=\"423\" data-original-height=\"279\" itemprop=\"http:\/\/schema.org\/image\" title=\"Cura1\" alt=\"RELIGIOSO AJEDRECISTA.- El encargado de impartir dicha simult\u00e1nea fue el p\u00e1rroco de la parroquia de Rinconada de Silva, Padre Ricardo G\u00f3mez.\" style=\"width: 423px; height: 279px;\" \/> <\/a> <div class=\"tiled-gallery-caption\" itemprop=\"caption description\"> RELIGIOSO AJEDRECISTA.- El encargado de impartir dicha simult\u00e1nea fue el p\u00e1rroco de la parroquia de Rinconada de Silva, Padre Ricardo G\u00f3mez. <\/div> <\/div> <\/div> <!-- close group --> <div class=\"gallery-group images-2\" style=\"width: 213px; height: 283px;\" data-original-width=\"213\" data-original-height=\"283\" > <div class=\"tiled-gallery-item tiled-gallery-item-small\" itemprop=\"associatedMedia\" itemscope itemtype=\"http:\/\/schema.org\/ImageObject\"> <a href=\"https:\/\/eltrabajo.cl\/portal\/simultanea-de-ajedrez-aniversario-ciudad-de-san-felipe\/grupal2\/\" border=\"0\" itemprop=\"url\"> <meta itemprop=\"width\" content=\"209\"> <meta itemprop=\"height\" content=\"137\"> <img decoding=\"async\" class=\"\" data-attachment-id=\"61095\" data-orig-file=\"https:\/\/eltrabajo.cl\/portal\/wp-content\/uploads\/2015\/08\/Grupal2.jpg\" data-orig-size=\"530,348\" data-comments-opened=\"1\" data-image-meta=\"{&quot;aperture&quot;:&quot;0&quot;,&quot;credit&quot;:&quot;&quot;,&quot;camera&quot;:&quot;&quot;,&quot;caption&quot;:&quot;&quot;,&quot;created_timestamp&quot;:&quot;0&quot;,&quot;copyright&quot;:&quot;&quot;,&quot;focal_length&quot;:&quot;0&quot;,&quot;iso&quot;:&quot;0&quot;,&quot;shutter_speed&quot;:&quot;0&quot;,&quot;title&quot;:&quot;&quot;,&quot;orientation&quot;:&quot;0&quot;}\" data-image-title=\"Grupal2\" data-image-description=\"&lt;p&gt;PEQUE\u00d1OS CAMPEONES.- Estos peque\u00f1os se enfrentaron \u2018de t\u00fa a t\u00fa\u2019 con el Padre G\u00f3mez en esta simult\u00e1nea de ajedrez.&lt;\/p&gt; \" data-medium-file=\"https:\/\/i0.wp.com\/eltrabajo.cl\/portal\/wp-content\/uploads\/2015\/08\/Grupal2.jpg?fit=300%2C197&#038;ssl=1\" data-large-file=\"https:\/\/i0.wp.com\/eltrabajo.cl\/portal\/wp-content\/uploads\/2015\/08\/Grupal2.jpg?fit=530%2C348&#038;ssl=1\" src=\"https:\/\/i0.wp.com\/eltrabajo.cl\/portal\/wp-content\/uploads\/2015\/08\/Grupal2.jpg?w=209&#038;h=137&#038;ssl=1\" srcset=\"https:\/\/i0.wp.com\/eltrabajo.cl\/portal\/wp-content\/uploads\/2015\/08\/Grupal2.jpg?w=530&amp;ssl=1 530w, https:\/\/i0.wp.com\/eltrabajo.cl\/portal\/wp-content\/uploads\/2015\/08\/Grupal2.jpg?resize=200%2C131&amp;ssl=1 200w, https:\/\/i0.wp.com\/eltrabajo.cl\/portal\/wp-content\/uploads\/2015\/08\/Grupal2.jpg?resize=300%2C197&amp;ssl=1 300w, https:\/\/i0.wp.com\/eltrabajo.cl\/portal\/wp-content\/uploads\/2015\/08\/Grupal2.jpg?resize=228%2C150&amp;ssl=1 228w, https:\/\/i0.wp.com\/eltrabajo.cl\/portal\/wp-content\/uploads\/2015\/08\/Grupal2.jpg?resize=400%2C263&amp;ssl=1 400w\" width=\"209\" height=\"137\" loading=\"lazy\" data-original-width=\"209\" data-original-height=\"137\" itemprop=\"http:\/\/schema.org\/image\" title=\"Grupal2\" alt=\"PEQUE\u00d1OS CAMPEONES.- Estos peque\u00f1os se enfrentaron \u2018de t\u00fa a t\u00fa\u2019 con el Padre G\u00f3mez en esta simult\u00e1nea de ajedrez.\" style=\"width: 209px; height: 137px;\" \/> <\/a> <div class=\"tiled-gallery-caption\" itemprop=\"caption description\"> PEQUE\u00d1OS CAMPEONES.- Estos peque\u00f1os se enfrentaron \u2018de t\u00fa a t\u00fa\u2019 con el Padre G\u00f3mez en esta simult\u00e1nea de ajedrez. <\/div> <\/div> <div class=\"tiled-gallery-item tiled-gallery-item-small\" itemprop=\"associatedMedia\" itemscope itemtype=\"http:\/\/schema.org\/ImageObject\"> <a href=\"https:\/\/eltrabajo.cl\/portal\/simultanea-de-ajedrez-aniversario-ciudad-de-san-felipe\/grupal3\/\" border=\"0\" itemprop=\"url\"> <meta itemprop=\"width\" content=\"209\"> <meta itemprop=\"height\" content=\"138\"> <img decoding=\"async\" class=\"\" data-attachment-id=\"61096\" data-orig-file=\"https:\/\/eltrabajo.cl\/portal\/wp-content\/uploads\/2015\/08\/Grupal3.jpg\" data-orig-size=\"530,350\" data-comments-opened=\"1\" data-image-meta=\"{&quot;aperture&quot;:&quot;0&quot;,&quot;credit&quot;:&quot;&quot;,&quot;camera&quot;:&quot;&quot;,&quot;caption&quot;:&quot;&quot;,&quot;created_timestamp&quot;:&quot;0&quot;,&quot;copyright&quot;:&quot;&quot;,&quot;focal_length&quot;:&quot;0&quot;,&quot;iso&quot;:&quot;0&quot;,&quot;shutter_speed&quot;:&quot;0&quot;,&quot;title&quot;:&quot;&quot;,&quot;orientation&quot;:&quot;0&quot;}\" data-image-title=\"Grupal3\" data-image-description=\"&lt;p&gt;\u00bfMUY VALIENTES EH? .- Aqu\u00ed tenemos a los m\u00e1s valientes, cada uno de ellos busc\u00f3 ganarle al curita, pero al final \u00e9l los derrot\u00f3.&lt;\/p&gt; \" data-medium-file=\"https:\/\/i0.wp.com\/eltrabajo.cl\/portal\/wp-content\/uploads\/2015\/08\/Grupal3.jpg?fit=300%2C198&#038;ssl=1\" data-large-file=\"https:\/\/i0.wp.com\/eltrabajo.cl\/portal\/wp-content\/uploads\/2015\/08\/Grupal3.jpg?fit=530%2C350&#038;ssl=1\" src=\"https:\/\/i0.wp.com\/eltrabajo.cl\/portal\/wp-content\/uploads\/2015\/08\/Grupal3.jpg?w=209&#038;h=138&#038;ssl=1\" srcset=\"https:\/\/i0.wp.com\/eltrabajo.cl\/portal\/wp-content\/uploads\/2015\/08\/Grupal3.jpg?w=530&amp;ssl=1 530w, https:\/\/i0.wp.com\/eltrabajo.cl\/portal\/wp-content\/uploads\/2015\/08\/Grupal3.jpg?resize=200%2C132&amp;ssl=1 200w, https:\/\/i0.wp.com\/eltrabajo.cl\/portal\/wp-content\/uploads\/2015\/08\/Grupal3.jpg?resize=300%2C198&amp;ssl=1 300w, https:\/\/i0.wp.com\/eltrabajo.cl\/portal\/wp-content\/uploads\/2015\/08\/Grupal3.jpg?resize=227%2C150&amp;ssl=1 227w, https:\/\/i0.wp.com\/eltrabajo.cl\/portal\/wp-content\/uploads\/2015\/08\/Grupal3.jpg?resize=400%2C264&amp;ssl=1 400w\" width=\"209\" height=\"138\" loading=\"lazy\" data-original-width=\"209\" data-original-height=\"138\" itemprop=\"http:\/\/schema.org\/image\" title=\"Grupal3\" alt=\"\u00bfMUY VALIENTES EH? .- Aqu\u00ed tenemos a los m\u00e1s valientes, cada uno de ellos busc\u00f3 ganarle al curita, pero al final \u00e9l los derrot\u00f3.\" style=\"width: 209px; height: 138px;\" \/> <\/a> <div class=\"tiled-gallery-caption\" itemprop=\"caption description\"> \u00bfMUY VALIENTES EH? .- Aqu\u00ed tenemos a los m\u00e1s valientes, cada uno de ellos busc\u00f3 ganarle al curita, pero al final \u00e9l los derrot\u00f3. <\/div> <\/div> <\/div> <!-- close group --> <\/div> <!-- close row --> <\/div>\n","protected":false},"excerpt":{"rendered":"<p>La Copa de Ajedrez Diario El Trabajo 2015 ya est\u00e1 por realizarse en nuestra ciudad, raz\u00f3n por lo cual cientos de ni\u00f1os de toda la provincia y hasta de otras comunas, vienen&#8230;<\/p>\n","protected":false},"author":482,"featured_media":61093,"comment_status":"open","ping_status":"open","sticky":false,"template":"","format":"standard","meta":{"advanced_seo_description":"","jetpack_seo_html_title":"","jetpack_seo_noindex":false,"_jetpack_memberships_contains_paid_content":false,"footnotes":""},"categories":[15],"tags":[],"class_list":["post-61092","post","type-post","status-publish","format-standard","has-post-thumbnail","hentry","category-comunidad"],"jetpack_featured_media_url":"https:\/\/i0.wp.com\/eltrabajo.cl\/portal\/wp-content\/uploads\/2015\/08\/Grupal1.jpg?fit=530%2C349&ssl=1","jetpack_sharing_enabled":true,"jetpack_likes_enabled":true,"jetpack-related-posts":[],"_links":{"self":[{"href":"https:\/\/eltrabajo.cl\/portal\/wp-json\/wp\/v2\/posts\/61092","targetHints":{"allow":["GET"]}}],"collection":[{"href":"https:\/\/eltrabajo.cl\/portal\/wp-json\/wp\/v2\/posts"}],"about":[{"href":"https:\/\/eltrabajo.cl\/portal\/wp-json\/wp\/v2\/types\/post"}],"author":[{"embeddable":true,"href":"https:\/\/eltrabajo.cl\/portal\/wp-json\/wp\/v2\/users\/482"}],"replies":[{"embeddable":true,"href":"https:\/\/eltrabajo.cl\/portal\/wp-json\/wp\/v2\/comments?post=61092"}],"version-history":[{"count":0,"href":"https:\/\/eltrabajo.cl\/portal\/wp-json\/wp\/v2\/posts\/61092\/revisions"}],"wp:featuredmedia":[{"embeddable":true,"href":"https:\/\/eltrabajo.cl\/portal\/wp-json\/wp\/v2\/media\/61093"}],"wp:attachment":[{"href":"https:\/\/eltrabajo.cl\/portal\/wp-json\/wp\/v2\/media?parent=61092"}],"wp:term":[{"taxonomy":"category","embeddable":true,"href":"https:\/\/eltrabajo.cl\/portal\/wp-json\/wp\/v2\/categories?post=61092"},{"taxonomy":"post_tag","embeddable":true,"href":"https:\/\/eltrabajo.cl\/portal\/wp-json\/wp\/v2\/tags?post=61092"}],"curies":[{"name":"wp","href":"https:\/\/api.w.org\/{rel}","templated":true}]}}