{"id":61105,"date":"2015-08-19T09:47:18","date_gmt":"2015-08-19T12:47:18","guid":{"rendered":"http:\/\/www.eltrabajo.cl\/portal\/?p=61105"},"modified":"2015-08-19T09:47:18","modified_gmt":"2015-08-19T12:47:18","slug":"inician-campana-para-generar-conciencia-sobre-uso-de-agua","status":"publish","type":"post","link":"https:\/\/eltrabajo.cl\/portal\/inician-campana-para-generar-conciencia-sobre-uso-de-agua\/","title":{"rendered":"Inician campa\u00f1a para generar conciencia sobre uso de agua"},"content":{"rendered":"<figure id=\"attachment_61106\" aria-describedby=\"caption-attachment-61106\" style=\"width: 300px\" class=\"wp-caption alignleft\"><a href=\"https:\/\/i0.wp.com\/www.eltrabajo.cl\/portal\/wp-content\/uploads\/2015\/08\/mesa-del-agua.jpg\"><img data-recalc-dims=\"1\" loading=\"lazy\" decoding=\"async\" class=\"wp-image-61106 size-medium\" src=\"https:\/\/i0.wp.com\/www.eltrabajo.cl\/portal\/wp-content\/uploads\/2015\/08\/mesa-del-agua-300x198.jpg?resize=300%2C198\" alt=\"Gobernaci\u00f3n, DOH y Delegado Regional de Recurso H\u00eddrico, iniciaron nueva mesa de trabajo para evaluar coordinaciones para afrontar el verano.\" width=\"300\" height=\"198\" srcset=\"https:\/\/i0.wp.com\/eltrabajo.cl\/portal\/wp-content\/uploads\/2015\/08\/mesa-del-agua.jpg?resize=300%2C198&amp;ssl=1 300w, https:\/\/i0.wp.com\/eltrabajo.cl\/portal\/wp-content\/uploads\/2015\/08\/mesa-del-agua.jpg?resize=200%2C132&amp;ssl=1 200w, https:\/\/i0.wp.com\/eltrabajo.cl\/portal\/wp-content\/uploads\/2015\/08\/mesa-del-agua.jpg?resize=228%2C150&amp;ssl=1 228w, https:\/\/i0.wp.com\/eltrabajo.cl\/portal\/wp-content\/uploads\/2015\/08\/mesa-del-agua.jpg?resize=400%2C263&amp;ssl=1 400w, https:\/\/i0.wp.com\/eltrabajo.cl\/portal\/wp-content\/uploads\/2015\/08\/mesa-del-agua.jpg?w=530&amp;ssl=1 530w\" sizes=\"auto, (max-width: 300px) 100vw, 300px\" \/><\/a><figcaption id=\"caption-attachment-61106\" class=\"wp-caption-text\">Gobernaci\u00f3n, DOH y Delegado Regional de Recurso H\u00eddrico, iniciaron nueva mesa de trabajo para evaluar coordinaciones para afrontar el verano.<\/figcaption><\/figure>\n<p>Una nueva versi\u00f3n de la mesa provincial del Agua se realiz\u00f3 el pasado lunes en dependencias del Colegio de Profesores, con la participaci\u00f3n del Director Regional DOH y el Delegado Regional de Recursos H\u00eddricos, quienes junto al Gobernador Eduardo Le\u00f3n se reunieron con dirigentes de los APR de las comunas.<br \/>\nEn la ocasi\u00f3n, abordaron la situaci\u00f3n de sequ\u00eda que vive la provincia y trabajaron con la intenci\u00f3n de prepararse para afrontar el verano con un plan preventivo.<br \/>\nLe\u00f3n manifest\u00f3 que existen importantes avances en esta materia que beneficiar\u00e1n a los vecinos que se han visto afectados por la escasez de agua. \u00abTenemos dos temas importantes: Por primera vez vamos a invertir para prepararnos para el verano, por lo que los dirigentes van a decir, participativamente, cu\u00e1les son las prioridades y tambi\u00e9n vamos a conversar con los municipios para levantar una cartera de proyectos para la limpieza de pozos, que muchos no lo han hecho nunca\u00bb.<br \/>\nSe trata del sistema de inversi\u00f3n preventiva, que viene del Ministerio del Interior, entregar\u00e1 recursos por $30 millones, los que se focalizar\u00e1n en medidas que permitir\u00e1n afrontar de mejor manera la escasez h\u00eddrica en la zona, en los lugares que se han visto m\u00e1s afectados.<br \/>\nEn tanto, Daniel Sep\u00falveda, Director Regional DOH, destac\u00f3 la reuni\u00f3n que mantuvieron con los dirigentes de Casablanca, con quienes est\u00e1n avanzando en resolver el problema que viven y adem\u00e1s, \u00abavanzar en los APR de Panquehue, que es un compromiso que hemos adquirido, en que se est\u00e1 haciendo un an\u00e1lisis completo de todos los APR, sumado al de El Escorial que est\u00e1 por iniciar pr\u00f3ximamente\u00bb.<br \/>\nImportante es destacar que cerca del 30% de la poblaci\u00f3n de la provincia se abastece del recurso h\u00eddrico en base a los sistemas de agua potable rural.<\/p>\n","protected":false},"excerpt":{"rendered":"<p>Una nueva versi\u00f3n de la mesa provincial del Agua se realiz\u00f3 el pasado lunes en dependencias del Colegio de Profesores, con la participaci\u00f3n del Director Regional DOH y el Delegado Regional de&#8230;<\/p>\n","protected":false},"author":482,"featured_media":61106,"comment_status":"open","ping_status":"open","sticky":false,"template":"","format":"standard","meta":{"advanced_seo_description":"","jetpack_seo_html_title":"","jetpack_seo_noindex":false,"_jetpack_memberships_contains_paid_content":false,"footnotes":""},"categories":[1],"tags":[],"class_list":["post-61105","post","type-post","status-publish","format-standard","has-post-thumbnail","hentry","category-cronica"],"jetpack_featured_media_url":"https:\/\/i0.wp.com\/eltrabajo.cl\/portal\/wp-content\/uploads\/2015\/08\/mesa-del-agua.jpg?fit=530%2C349&ssl=1","jetpack_sharing_enabled":true,"jetpack_likes_enabled":true,"jetpack-related-posts":[],"_links":{"self":[{"href":"https:\/\/eltrabajo.cl\/portal\/wp-json\/wp\/v2\/posts\/61105","targetHints":{"allow":["GET"]}}],"collection":[{"href":"https:\/\/eltrabajo.cl\/portal\/wp-json\/wp\/v2\/posts"}],"about":[{"href":"https:\/\/eltrabajo.cl\/portal\/wp-json\/wp\/v2\/types\/post"}],"author":[{"embeddable":true,"href":"https:\/\/eltrabajo.cl\/portal\/wp-json\/wp\/v2\/users\/482"}],"replies":[{"embeddable":true,"href":"https:\/\/eltrabajo.cl\/portal\/wp-json\/wp\/v2\/comments?post=61105"}],"version-history":[{"count":0,"href":"https:\/\/eltrabajo.cl\/portal\/wp-json\/wp\/v2\/posts\/61105\/revisions"}],"wp:featuredmedia":[{"embeddable":true,"href":"https:\/\/eltrabajo.cl\/portal\/wp-json\/wp\/v2\/media\/61106"}],"wp:attachment":[{"href":"https:\/\/eltrabajo.cl\/portal\/wp-json\/wp\/v2\/media?parent=61105"}],"wp:term":[{"taxonomy":"category","embeddable":true,"href":"https:\/\/eltrabajo.cl\/portal\/wp-json\/wp\/v2\/categories?post=61105"},{"taxonomy":"post_tag","embeddable":true,"href":"https:\/\/eltrabajo.cl\/portal\/wp-json\/wp\/v2\/tags?post=61105"}],"curies":[{"name":"wp","href":"https:\/\/api.w.org\/{rel}","templated":true}]}}