{"id":61108,"date":"2015-08-19T09:48:48","date_gmt":"2015-08-19T12:48:48","guid":{"rendered":"http:\/\/www.eltrabajo.cl\/portal\/?p=61108"},"modified":"2015-08-19T09:48:48","modified_gmt":"2015-08-19T12:48:48","slug":"trabajadores-niegan-quiebre-de-mesa-negociadora-y-esperan-propuesta-de-codelco-para-avanzar-en-acuerdo-marco","status":"publish","type":"post","link":"https:\/\/eltrabajo.cl\/portal\/trabajadores-niegan-quiebre-de-mesa-negociadora-y-esperan-propuesta-de-codelco-para-avanzar-en-acuerdo-marco\/","title":{"rendered":"Trabajadores niegan quiebre de mesa negociadora y esperan propuesta de Codelco para avanzar en acuerdo marco"},"content":{"rendered":"<figure id=\"attachment_61109\" aria-describedby=\"caption-attachment-61109\" style=\"width: 300px\" class=\"wp-caption alignleft\"><a href=\"https:\/\/i0.wp.com\/www.eltrabajo.cl\/portal\/wp-content\/uploads\/2015\/08\/guillermo-candia-petitorio.jpg\"><img data-recalc-dims=\"1\" loading=\"lazy\" decoding=\"async\" class=\"wp-image-61109 size-medium\" src=\"https:\/\/i0.wp.com\/www.eltrabajo.cl\/portal\/wp-content\/uploads\/2015\/08\/guillermo-candia-petitorio-300x198.jpg?resize=300%2C198\" alt=\"Guillermo Candia, presidente Federaci\u00f3n Trabajadores Miner\u00eda y Director Confederaci\u00f3n Trabajadores del Cobre.\" width=\"300\" height=\"198\" srcset=\"https:\/\/i0.wp.com\/eltrabajo.cl\/portal\/wp-content\/uploads\/2015\/08\/guillermo-candia-petitorio.jpg?resize=300%2C198&amp;ssl=1 300w, https:\/\/i0.wp.com\/eltrabajo.cl\/portal\/wp-content\/uploads\/2015\/08\/guillermo-candia-petitorio.jpg?resize=200%2C132&amp;ssl=1 200w, https:\/\/i0.wp.com\/eltrabajo.cl\/portal\/wp-content\/uploads\/2015\/08\/guillermo-candia-petitorio.jpg?resize=228%2C150&amp;ssl=1 228w, https:\/\/i0.wp.com\/eltrabajo.cl\/portal\/wp-content\/uploads\/2015\/08\/guillermo-candia-petitorio.jpg?resize=400%2C263&amp;ssl=1 400w, https:\/\/i0.wp.com\/eltrabajo.cl\/portal\/wp-content\/uploads\/2015\/08\/guillermo-candia-petitorio.jpg?w=530&amp;ssl=1 530w\" sizes=\"auto, (max-width: 300px) 100vw, 300px\" \/><\/a><figcaption id=\"caption-attachment-61109\" class=\"wp-caption-text\">Guillermo Candia, presidente Federaci\u00f3n Trabajadores Miner\u00eda y Director Confederaci\u00f3n Trabajadores del Cobre.<\/figcaption><\/figure>\n<p><strong>LOS ANDES.-<\/strong> El presidente de la Federaci\u00f3n de Trabajadores de la Miner\u00eda y Director de la Confederaci\u00f3n de Trabajadores del Cobre, Guillermo Candia, descart\u00f3 los rumores surgidos respecto a una eventual ruptura de la mesa negociadora con Codelco y destac\u00f3 el esp\u00edritu de di\u00e1logo que existe con Codelco y las empresas contratistas para renovar el acuerdo marco.<br \/>\nCandia record\u00f3 que en estos quince d\u00edas de tregua en las movilizaciones esperan recibir una propuesta satisfactoria por parte de la cupr\u00edfera estatal que satisfaga las demandas de los trabajadores subcontratados.<br \/>\n\u201cLa idea con esta mesa es poder ampliar y mejorar el acuerdo marco en todos los puntos que fueron ratificados en el acuerdo marco 2013 y por eso esperamos cerrar con un acuerdo que sea superior a ese y ampliarlo a otros sindicatos que est\u00e1n bajo otros aleros y as\u00ed beneficie a todos los contratistas de Codelco\u201d, expres\u00f3.<br \/>\nEl dirigente dijo que la mesa tiene por objetivo discutir todos los puntos del acuerdo marco anterior incluido el bono de t\u00e9rmino de conflicto.<br \/>\nPor ello, afirm\u00f3 que ser\u00e1n respetuosos de los quince d\u00edas establecidos para discutir este acuerdo y luego poder llevar la propuesta que surja a las bases para que sean \u00e9stas en definitiva quienes las aprueben o las rechacen.<br \/>\nEl Presidente de la Fetramin sostuvo que bajo ning\u00fan punto la mesa de negociaci\u00f3n se va a quebrar, porque est\u00e1n los mandatados para negociar todos los aspectos del acuerdo de 2013, no obstante que igual se mantienen en estado de alerta.<br \/>\nCabe recordar que la Mesa de ampliaci\u00f3n, renovaci\u00f3n y mejoramiento del Acuerdo Marco se concret\u00f3 luego de que la CTC y Codelco Chile firmaran el protocolo de acuerdo que establece garant\u00edas para ambas partes y espec\u00edficamente el fin a las represalias, despidos y persecuciones a los trabajadores. Asimismo, las partes manifestaron su compromiso irrestricto de dar cumplimiento \u00edntegro al protocolo y agilizar la reincorporaci\u00f3n de los trabajadores, cuesti\u00f3n a\u00fan en desarrollo.<\/p>\n","protected":false},"excerpt":{"rendered":"<p>LOS ANDES.- El presidente de la Federaci\u00f3n de Trabajadores de la Miner\u00eda y Director de la Confederaci\u00f3n de Trabajadores del Cobre, Guillermo Candia, descart\u00f3 los rumores surgidos respecto a una eventual ruptura&#8230;<\/p>\n","protected":false},"author":482,"featured_media":61109,"comment_status":"open","ping_status":"open","sticky":false,"template":"","format":"standard","meta":{"advanced_seo_description":"","jetpack_seo_html_title":"","jetpack_seo_noindex":false,"_jetpack_memberships_contains_paid_content":false,"footnotes":""},"categories":[1],"tags":[],"class_list":["post-61108","post","type-post","status-publish","format-standard","has-post-thumbnail","hentry","category-cronica"],"jetpack_featured_media_url":"https:\/\/i0.wp.com\/eltrabajo.cl\/portal\/wp-content\/uploads\/2015\/08\/guillermo-candia-petitorio.jpg?fit=530%2C349&ssl=1","jetpack_sharing_enabled":true,"jetpack_likes_enabled":true,"jetpack-related-posts":[],"_links":{"self":[{"href":"https:\/\/eltrabajo.cl\/portal\/wp-json\/wp\/v2\/posts\/61108","targetHints":{"allow":["GET"]}}],"collection":[{"href":"https:\/\/eltrabajo.cl\/portal\/wp-json\/wp\/v2\/posts"}],"about":[{"href":"https:\/\/eltrabajo.cl\/portal\/wp-json\/wp\/v2\/types\/post"}],"author":[{"embeddable":true,"href":"https:\/\/eltrabajo.cl\/portal\/wp-json\/wp\/v2\/users\/482"}],"replies":[{"embeddable":true,"href":"https:\/\/eltrabajo.cl\/portal\/wp-json\/wp\/v2\/comments?post=61108"}],"version-history":[{"count":0,"href":"https:\/\/eltrabajo.cl\/portal\/wp-json\/wp\/v2\/posts\/61108\/revisions"}],"wp:featuredmedia":[{"embeddable":true,"href":"https:\/\/eltrabajo.cl\/portal\/wp-json\/wp\/v2\/media\/61109"}],"wp:attachment":[{"href":"https:\/\/eltrabajo.cl\/portal\/wp-json\/wp\/v2\/media?parent=61108"}],"wp:term":[{"taxonomy":"category","embeddable":true,"href":"https:\/\/eltrabajo.cl\/portal\/wp-json\/wp\/v2\/categories?post=61108"},{"taxonomy":"post_tag","embeddable":true,"href":"https:\/\/eltrabajo.cl\/portal\/wp-json\/wp\/v2\/tags?post=61108"}],"curies":[{"name":"wp","href":"https:\/\/api.w.org\/{rel}","templated":true}]}}