{"id":61111,"date":"2015-08-19T09:51:05","date_gmt":"2015-08-19T12:51:05","guid":{"rendered":"http:\/\/www.eltrabajo.cl\/portal\/?p=61111"},"modified":"2015-08-19T09:51:05","modified_gmt":"2015-08-19T12:51:05","slug":"en-villa-las-acacias-realizaran-nuevo-operativo-de-esterilizacion-de-mascotas","status":"publish","type":"post","link":"https:\/\/eltrabajo.cl\/portal\/en-villa-las-acacias-realizaran-nuevo-operativo-de-esterilizacion-de-mascotas\/","title":{"rendered":"En villa Las Acacias realizar\u00e1n nuevo operativo de esterilizaci\u00f3n de mascotas"},"content":{"rendered":"<figure id=\"attachment_61112\" aria-describedby=\"caption-attachment-61112\" style=\"width: 300px\" class=\"wp-caption alignleft\"><a href=\"https:\/\/i0.wp.com\/www.eltrabajo.cl\/portal\/wp-content\/uploads\/2015\/08\/esterilizacion1.jpg\"><img data-recalc-dims=\"1\" loading=\"lazy\" decoding=\"async\" class=\"wp-image-61112 size-medium\" src=\"https:\/\/i0.wp.com\/www.eltrabajo.cl\/portal\/wp-content\/uploads\/2015\/08\/esterilizacion1-300x199.jpg?resize=300%2C199\" alt=\"Este s\u00e1bado se realizar\u00e1 un nuevo operativo de esterilizaci\u00f3n y castraci\u00f3n de mascotas en dependencias de la sede comunitaria de la poblaci\u00f3n Las Acacias I Etapa.\" width=\"300\" height=\"199\" srcset=\"https:\/\/i0.wp.com\/eltrabajo.cl\/portal\/wp-content\/uploads\/2015\/08\/esterilizacion1.jpg?resize=300%2C199&amp;ssl=1 300w, https:\/\/i0.wp.com\/eltrabajo.cl\/portal\/wp-content\/uploads\/2015\/08\/esterilizacion1.jpg?resize=200%2C133&amp;ssl=1 200w, https:\/\/i0.wp.com\/eltrabajo.cl\/portal\/wp-content\/uploads\/2015\/08\/esterilizacion1.jpg?resize=226%2C150&amp;ssl=1 226w, https:\/\/i0.wp.com\/eltrabajo.cl\/portal\/wp-content\/uploads\/2015\/08\/esterilizacion1.jpg?resize=400%2C265&amp;ssl=1 400w, https:\/\/i0.wp.com\/eltrabajo.cl\/portal\/wp-content\/uploads\/2015\/08\/esterilizacion1.jpg?w=528&amp;ssl=1 528w\" sizes=\"auto, (max-width: 300px) 100vw, 300px\" \/><\/a><figcaption id=\"caption-attachment-61112\" class=\"wp-caption-text\">Este s\u00e1bado se realizar\u00e1 un nuevo operativo de esterilizaci\u00f3n y castraci\u00f3n de mascotas en dependencias de la sede comunitaria de la poblaci\u00f3n Las Acacias I Etapa.<\/figcaption><\/figure>\n<ul>\n<li><strong>Iniciativa enmarcada en la gesti\u00f3n del alcalde Patricio Freire, considera favorecer a un total de 50 mascotas durante la jornada de este s\u00e1bado.<\/strong><\/li>\n<\/ul>\n<p>Para este s\u00e1bado 22 de agosto, est\u00e1 contemplada la realizaci\u00f3n de un nuevo operativo de esterilizaci\u00f3n y castraci\u00f3n de perritas y perritos, con y sin due\u00f1o, en el marco del Programa de Tenencia Responsable de Mascotas que impulsa la municipalidad de San Felipe y que en esta ocasi\u00f3n se realizar\u00e1 en dependencias de la sede comunitaria de la Poblaci\u00f3n Las Acacias I Etapa.<br \/>\nLa informaci\u00f3n la confirm\u00f3 la encargada de este programa municipal, Mariana Bravo, quien se\u00f1al\u00f3 que en esta oportunidad se pretende esterilizar a un total de 50 perritos y perritas, 10 en condici\u00f3n de abandono y 40 con due\u00f1o, labor que estar\u00e1 bajo la responsabilidad de un m\u00e9dico veterinario de la Agrupaci\u00f3n Esteriliza No Abandones Chile.<br \/>\nLos interesados en esterilizar sus mascotas este s\u00e1bado, pueden inscribirse con la presidenta de la junta de vecinos de la villa Las Acacias o bien, enviando un correo electr\u00f3nico a mbravo@sanfe.cl.<br \/>\nSeg\u00fan precis\u00f3 Mariana Bravo, a fines de octubre se espera finalizar con el proceso de esterilizaci\u00f3n de un total de 500 perros y perras, labor que no solo considera la operaci\u00f3n del animalito, sino tambi\u00e9n contempla la colocaci\u00f3n de un chip de registro y una medalla QR.<br \/>\nPrecis\u00f3 que el chip permitir\u00e1 ingresar al animalito esterilizado, en el registro comunal y nacional, con los correspondientes datos de su propietario, lo que favorece bastante tanto para el due\u00f1o en caso de extrav\u00edo de su animal, como una vez que se aprueba y rija la ordenanza de tenencia responsable de mascotas, por lo que se podr\u00e1 denunciar al propietario en caso de encontrar el animal abandonado en la v\u00eda p\u00fablica.<\/p>\n","protected":false},"excerpt":{"rendered":"<p>Iniciativa enmarcada en la gesti\u00f3n del alcalde Patricio Freire, considera favorecer a un total de 50 mascotas durante la jornada de este s\u00e1bado. Para este s\u00e1bado 22 de agosto, est\u00e1 contemplada la&#8230;<\/p>\n","protected":false},"author":482,"featured_media":61112,"comment_status":"open","ping_status":"open","sticky":false,"template":"","format":"standard","meta":{"advanced_seo_description":"","jetpack_seo_html_title":"","jetpack_seo_noindex":false,"_jetpack_memberships_contains_paid_content":false,"footnotes":""},"categories":[1],"tags":[],"class_list":["post-61111","post","type-post","status-publish","format-standard","has-post-thumbnail","hentry","category-cronica"],"jetpack_featured_media_url":"https:\/\/i0.wp.com\/eltrabajo.cl\/portal\/wp-content\/uploads\/2015\/08\/esterilizacion1.jpg?fit=528%2C350&ssl=1","jetpack_sharing_enabled":true,"jetpack_likes_enabled":true,"jetpack-related-posts":[],"_links":{"self":[{"href":"https:\/\/eltrabajo.cl\/portal\/wp-json\/wp\/v2\/posts\/61111","targetHints":{"allow":["GET"]}}],"collection":[{"href":"https:\/\/eltrabajo.cl\/portal\/wp-json\/wp\/v2\/posts"}],"about":[{"href":"https:\/\/eltrabajo.cl\/portal\/wp-json\/wp\/v2\/types\/post"}],"author":[{"embeddable":true,"href":"https:\/\/eltrabajo.cl\/portal\/wp-json\/wp\/v2\/users\/482"}],"replies":[{"embeddable":true,"href":"https:\/\/eltrabajo.cl\/portal\/wp-json\/wp\/v2\/comments?post=61111"}],"version-history":[{"count":0,"href":"https:\/\/eltrabajo.cl\/portal\/wp-json\/wp\/v2\/posts\/61111\/revisions"}],"wp:featuredmedia":[{"embeddable":true,"href":"https:\/\/eltrabajo.cl\/portal\/wp-json\/wp\/v2\/media\/61112"}],"wp:attachment":[{"href":"https:\/\/eltrabajo.cl\/portal\/wp-json\/wp\/v2\/media?parent=61111"}],"wp:term":[{"taxonomy":"category","embeddable":true,"href":"https:\/\/eltrabajo.cl\/portal\/wp-json\/wp\/v2\/categories?post=61111"},{"taxonomy":"post_tag","embeddable":true,"href":"https:\/\/eltrabajo.cl\/portal\/wp-json\/wp\/v2\/tags?post=61111"}],"curies":[{"name":"wp","href":"https:\/\/api.w.org\/{rel}","templated":true}]}}